{"id":61481,"date":"2023-02-23T17:26:35","date_gmt":"2023-02-23T20:26:35","guid":{"rendered":"https:\/\/www.saopaulo.sp.gov.br\/?p=5641581"},"modified":"2023-02-23T17:26:35","modified_gmt":"2023-02-23T20:26:35","slug":"confira-as-medidas-e-acoes-do-estado-para-socorrer-cidades-atingidas-por-chuvas","status":"publish","type":"post","link":"https:\/\/verde-amarelo.net\/verdeamarelo\/2023\/02\/confira-as-medidas-e-acoes-do-estado-para-socorrer-cidades-atingidas-por-chuvas\/","title":{"rendered":"Confira as medidas e a\u00e7\u00f5es do Estado para socorrer cidades atingidas por chuvas"},"content":{"rendered":"<figure id=\"attachment_5641592\" style=\"width: 100%;max-width: 800px\"class=\"wp-caption alignnone\">\n<div class=\"caption-meta\"><a href=\"https:\/\/www.saopaulo.sp.gov.br\/wp-content\/uploads\/2023\/02\/52704669678_7b61d3bfe7_c.jpg\" download class=\"attachment-download\"><i class=\"fa fa-download\"><\/i>Atualizado - <\/a><span class=\"attachment-credits\">Governo do Estado de S\u00e3o Paulo<\/span><\/div>\n<p><img decoding=\"async\" src=\"data:image\/gif;base64,R0lGODlhAQABAIAAAAAAAP\/\/\/ywAAAAAAQABAAACAUwAOw==\" fifu-lazy=\"1\" fifu-data-sizes=\"auto\" fifu-data-srcset=\"https:\/\/i1.wp.com\/www.saopaulo.sp.gov.br\/wp-content\/uploads\/2023\/02\/52704669678_7b61d3bfe7_c.jpg?ssl=1&w=75&resize=75&ssl=1 75w, https:\/\/i1.wp.com\/www.saopaulo.sp.gov.br\/wp-content\/uploads\/2023\/02\/52704669678_7b61d3bfe7_c.jpg?ssl=1&w=100&resize=100&ssl=1 100w, https:\/\/i1.wp.com\/www.saopaulo.sp.gov.br\/wp-content\/uploads\/2023\/02\/52704669678_7b61d3bfe7_c.jpg?ssl=1&w=150&resize=150&ssl=1 150w, https:\/\/i1.wp.com\/www.saopaulo.sp.gov.br\/wp-content\/uploads\/2023\/02\/52704669678_7b61d3bfe7_c.jpg?ssl=1&w=240&resize=240&ssl=1 240w, https:\/\/i1.wp.com\/www.saopaulo.sp.gov.br\/wp-content\/uploads\/2023\/02\/52704669678_7b61d3bfe7_c.jpg?ssl=1&w=320&resize=320&ssl=1 320w, https:\/\/i1.wp.com\/www.saopaulo.sp.gov.br\/wp-content\/uploads\/2023\/02\/52704669678_7b61d3bfe7_c.jpg?ssl=1&w=500&resize=500&ssl=1 500w, https:\/\/i1.wp.com\/www.saopaulo.sp.gov.br\/wp-content\/uploads\/2023\/02\/52704669678_7b61d3bfe7_c.jpg?ssl=1&w=640&resize=640&ssl=1 640w, https:\/\/i1.wp.com\/www.saopaulo.sp.gov.br\/wp-content\/uploads\/2023\/02\/52704669678_7b61d3bfe7_c.jpg?ssl=1&w=800&resize=800&ssl=1 800w, https:\/\/i1.wp.com\/www.saopaulo.sp.gov.br\/wp-content\/uploads\/2023\/02\/52704669678_7b61d3bfe7_c.jpg?ssl=1&w=1024&resize=1024&ssl=1 1024w, https:\/\/i1.wp.com\/www.saopaulo.sp.gov.br\/wp-content\/uploads\/2023\/02\/52704669678_7b61d3bfe7_c.jpg?ssl=1&w=1280&resize=1280&ssl=1 1280w, https:\/\/i1.wp.com\/www.saopaulo.sp.gov.br\/wp-content\/uploads\/2023\/02\/52704669678_7b61d3bfe7_c.jpg?ssl=1&w=1600&resize=1600&ssl=1 1600w\" loading=\"lazy\" class=\"size-full wp-image-5641592\" fifu-data-src=\"https:\/\/i1.wp.com\/www.saopaulo.sp.gov.br\/wp-content\/uploads\/2023\/02\/52704669678_7b61d3bfe7_c.jpg?ssl=1\" alt=\"\" width=\"800\" height=\"533\" srcset=\"https:\/\/www.saopaulo.sp.gov.br\/wp-content\/uploads\/2023\/02\/52704669678_7b61d3bfe7_c.jpg 800w, https:\/\/www.saopaulo.sp.gov.br\/wp-content\/uploads\/2023\/02\/52704669678_7b61d3bfe7_c-300x200.jpg 300w, https:\/\/www.saopaulo.sp.gov.br\/wp-content\/uploads\/2023\/02\/52704669678_7b61d3bfe7_c-768x512.jpg 768w\" sizes=\"auto, (max-width: 800px) 100vw, 800px\" \/><figcaption class=\"wp-caption-text\">O Governo Estadual criou um gabinete para articular a\u00e7\u00f5es r\u00e1pidas para garantir o socorro \u00e0 popula\u00e7\u00e3o<\/figcaption><\/figure>\n<p>O Governo de S\u00e3o Paulo integrou todas as secretarias e \u00f3rg\u00e3os estaduais para dar uma r\u00e1pida resposta diante de uma das maiores trag\u00e9dias j\u00e1 registradas no Estado, com as fortes chuvas que atingiram o Litoral Norte durante feriado prolongado do Carnaval.<\/p>&nbsp;&nbsp;\n<p>Do alerta para a ocorr\u00eancia do temporal naquela regi\u00e3o, emitido pela Defesa Civil na quinta-feira, 16, at\u00e9 o momento, o trabalho vem sendo incessante para garantir o resgate de desaparecidos, socorro \u00e0s fam\u00edlias desabrigadas e a reconstru\u00e7\u00e3o dos munic\u00edpios afetados.<\/p>&nbsp;&nbsp;\n<p>As primeiras equipes de resgate come\u00e7aram a trabalhar t\u00e3o logo as fortes chuvas causaram deslizamentos, destru\u00edram casas e deixaram milhares moradores dos munic\u00edpios do Litoral Norte que ficaram isolados, principalmente em S\u00e3o Sebasti\u00e3o.<\/p>&nbsp;&nbsp;\n<p>Nas primeiras horas de domingo, 19, o governador <a href=\"https:\/\/www.saopaulo.sp.gov.br\/orgaos-e-entidades\/orgaos-e-entidades\/governador\/\">Tarc\u00edsio de Freitas<\/a> se deslocou para a regi\u00e3o para acompanhar de perto o resgate de sobreviventes, a localiza\u00e7\u00e3o de desaparecidos, o amparo \u00e0s fam\u00edlias, atendimento m\u00e9dico, fornecimento de \u00e1gua, energia e alimentos e reabertura de ruas e estradas.<\/p>&nbsp;&nbsp;\n<p>Juntamente com a prefeitura de S\u00e3o Sebasti\u00e3o, o Governo Estadual criou um gabinete para articular a\u00e7\u00f5es r\u00e1pidas para garantir o socorro \u00e0 popula\u00e7\u00e3o. A primeira provid\u00eancia veio com a decreta\u00e7\u00e3o do estado de calamidade p\u00fablica em Bertioga, S\u00e3o Sebasti\u00e3o, Ilhabela, Caraguatatuba e Ubatuba. Foram liberados, de forma imediata, R$ 7 milh\u00f5es para a Defesa Civil agir nos munic\u00edpios envolvidos.<\/p>&nbsp;&nbsp;\n<p>Desde ent\u00e3o, secret\u00e1rios de Estado t\u00eam acompanhado o governador na articula\u00e7\u00e3o de frentes de trabalho que resultaram, at\u00e9 agora, na desobstru\u00e7\u00e3o da rodovia Rio-Santos e de acessos a bairros que ficaram isolados, al\u00e9m do apoio \u00e0s v\u00edtimas. A ajuda partiu de todos os lados, inclusive sociedade civil, setor privado e organiza\u00e7\u00f5es n\u00e3o governamentais. Uma a\u00e7\u00e3o para arrecada\u00e7\u00e3o encabe\u00e7ada pelo Fundo Social do Estado tem garantido doa\u00e7\u00f5es em dinheiro, alimentos, roupas e \u00e1guas aos desabrigados.<\/p>&nbsp;&nbsp;\n<p><strong>Confira as a\u00e7\u00f5es do Governo de S\u00e3o Paulo no Litoral Norte<\/strong><\/p>\n<p>16\/02 \u2013 Defesa Civil emite alerta para chuvas intensas entre 17 e 19 de fevereiro e orienta o m\u00e1ximo de aten\u00e7\u00e3o para o feriado de Carnaval. Previs\u00e3o de chuva chegou a 250 mil\u00edmetros de acumulado<br \/>\n<a href=\"https:\/\/www.saopaulo.sp.gov.br\/spnoticias\/defesa-civil-estadual-alerta-para-riscos-de-tempestades-neste-final-de-semana\/\">https:\/\/www.saopaulo.sp.gov.br\/spnoticias\/defesa-civil-estadual-alerta-para-riscos-de-tempestades-neste-final-de-semana\/<\/a><\/p>\n<p>19\/02 \u2013 Ocorr\u00eancias registradas nas encostas de S\u00e3o Sebasti\u00e3o durante a madrugada, com registro de 683 mil\u00edmetros de chuvas em 24h pela Defesa Civil na regi\u00e3o<br \/>\n<a href=\"https:\/\/www.saopaulo.sp.gov.br\/ultimas-noticias\/litoral-norte-de-sp-registrou-maior-acumulado-de-chuva-da-historia-2\/\">https:\/\/www.saopaulo.sp.gov.br\/ultimas-noticias\/litoral-norte-de-sp-registrou-maior-acumulado-de-chuva-da-historia-2\/<\/a><\/p>\n<p>19\/02 &#8211; Governador Tarc\u00edsio de Freitas e o Coordenador Estadual da Defesa Civil, Coronel Henguel Ricardo Pereira, visitam \u00e1reas afetadas em S\u00e3o Sebasti\u00e3o e Ubatuba, no litoral norte<br \/>\n<a href=\"https:\/\/www.saopaulo.sp.gov.br\/spnoticias\/tarcisio-de-freitas-visita-as-areas-afetadas-pelas-chuvas-no-litoral-norte-de-sp\/\">https:\/\/www.saopaulo.sp.gov.br\/spnoticias\/tarcisio-de-freitas-visita-as-areas-afetadas-pelas-chuvas-no-litoral-norte-de-sp\/<\/a><\/p>\n<p>19\/02 \u2013 In\u00edcio da divulga\u00e7\u00e3o de boletins atualizados para informar a popula\u00e7\u00e3o sobre as condi\u00e7\u00f5es no litoral norte; e cria\u00e7\u00e3o do comit\u00ea de gerenciamento das a\u00e7\u00f5es de atendimento \u00e0s v\u00edtimas<br \/>\n<a href=\"https:\/\/www.saopaulo.sp.gov.br\/ultimas-noticias\/boletim-chuvas-litoral-norte-13h\/\">https:\/\/www.saopaulo.sp.gov.br\/ultimas-noticias\/boletim-chuvas-litoral-norte-13h\/<\/a><\/p>\n<p>19\/02 \u2013 Governo de SP pede apoio ao Ex\u00e9rcito Brasileiro<br \/>\n<a href=\"https:\/\/www.saopaulo.sp.gov.br\/ultimas-noticias\/sao-paulo-exercito-litoral-norte\/\">https:\/\/www.saopaulo.sp.gov.br\/ultimas-noticias\/sao-paulo-exercito-litoral-norte\/<\/a><\/p>\n<p>19\/02 \u2013 Corpo de Bombeiros atua no resgate nas \u00e1reas afetadas<br \/>\n<a href=\"https:\/\/www.saopaulo.sp.gov.br\/ultimas-noticias\/bombeiros-100-homens-litoral-norte-chuvas\/\">https:\/\/www.saopaulo.sp.gov.br\/ultimas-noticias\/bombeiros-100-homens-litoral-norte-chuvas\/<\/a><\/p>\n<p>19\/02 \u2013 Governador decreta estado de calamidade p\u00fablica para as cidades de Ubatuba, S\u00e3o Sebasti\u00e3o, Ilhabela, Caraguatatuba e Bertioga; Sabesp abastece a regi\u00e3o com caminh\u00f5es tanque; Feridos s\u00e3o atendidos nos hospitais regionais<br \/>\n<a href=\"https:\/\/www.saopaulo.sp.gov.br\/ultimas-noticias\/boletim-governo-de-sp-informa-sobre-situacao-das-chuvas-18h\/\">https:\/\/www.saopaulo.sp.gov.br\/ultimas-noticias\/boletim-governo-de-sp-informa-sobre-situacao-das-chuvas-18h\/<\/a><\/p>\n<p>19\/02 \u2013 Pol\u00edcia Militar e Corpo de Bombeiros atuam com aeronaves para o resgate de v\u00edtimas<br \/>\n<a href=\"https:\/\/www.saopaulo.sp.gov.br\/ultimas-noticias\/comando-de-aviacao-da-policia-militar-realiza-resgates-e-salvamentos-no-litoral-norte-2\/\">https:\/\/www.saopaulo.sp.gov.br\/ultimas-noticias\/comando-de-aviacao-da-policia-militar-realiza-resgates-e-salvamentos-no-litoral-norte-2\/<\/a><\/p>\n<p>19\/02 \u2013 Secretaria de Sa\u00fade inicia o envia de insumos m\u00e9dicos hospitalares ao litoral norte<br \/>\n<a href=\"https:\/\/www.saopaulo.sp.gov.br\/ultimas-noticias\/secretaria-da-saude-encaminha-insumos-para-atendimento-as-vitimas-das-chuvas-no-litoral-2\/\">https:\/\/www.saopaulo.sp.gov.br\/ultimas-noticias\/secretaria-da-saude-encaminha-insumos-para-atendimento-as-vitimas-das-chuvas-no-litoral-2\/<\/a><\/p>\n<p>19\/02 \u2013 Governo de SP libera R$ 7 milh\u00f5es para a Defesa Civil agir no aux\u00edlio \u00e0s v\u00edtimas<br \/>\n<a href=\"https:\/\/www.saopaulo.sp.gov.br\/ultimas-noticias\/governo-de-sp-libera-r-7-mi-para-a-defesa-civil-atuar-em-regioes-atingidas-por-chuvas\/\">https:\/\/www.saopaulo.sp.gov.br\/ultimas-noticias\/governo-de-sp-libera-r-7-mi-para-a-defesa-civil-atuar-em-regioes-atingidas-por-chuvas\/<\/a><\/p>\n<p>19\/02 \u2013 Pol\u00edcias realizam exames, per\u00edcia e identifica\u00e7\u00e3o das v\u00edtimas em parceria com o Instituto de Identifica\u00e7\u00e3o Ricardo Gumbleton Daunt (IIRGD)<br \/>\n<a href=\"https:\/\/www.saopaulo.sp.gov.br\/ultimas-noticias\/trabalhos-de-resgate-no-litoral-norte-seguirao-durante-a-noite-e-madrugada-2\/\">https:\/\/www.saopaulo.sp.gov.br\/ultimas-noticias\/trabalhos-de-resgate-no-litoral-norte-seguirao-durante-a-noite-e-madrugada-2\/<\/a><\/p>\n<p>20\/02 \u2013 Fundo Social do Estado cria canal de doa\u00e7\u00f5es e encaminha primeiros carregamentos de doa\u00e7\u00f5es<br \/>\n<a href=\"https:\/\/www.saopaulo.sp.gov.br\/spnoticias\/fundo-social-de-sao-paulo-recebe-doacoes-para-vitimas-das-chuvas-do-litoral-norte-2\/\">https:\/\/www.saopaulo.sp.gov.br\/spnoticias\/fundo-social-de-sao-paulo-recebe-doacoes-para-vitimas-das-chuvas-do-litoral-norte-2\/<\/a><\/p>\n<p>20\/02 \u2013 Governo de SP garante isen\u00e7\u00e3o de taxa para emiss\u00e3o de RG e CNH para v\u00edtimas<br \/>\n<a href=\"https:\/\/www.saopaulo.sp.gov.br\/ultimas-noticias\/vitimas-catastrofes-naturais-emissao-gratuita-documentos\/\">https:\/\/www.saopaulo.sp.gov.br\/ultimas-noticias\/vitimas-catastrofes-naturais-emissao-gratuita-documentos\/<\/a><\/p>\n<p>20\/02 \u2013 Governo de SP declara luto oficial de tr\u00eas dias em respeito aos mortos da trag\u00e9dia no litoral norte<br \/>\n<a href=\"https:\/\/www.saopaulo.sp.gov.br\/ultimas-noticias\/luto-oficial-tres-dias-estado-vitimas-litoral-norte\/\">https:\/\/www.saopaulo.sp.gov.br\/ultimas-noticias\/luto-oficial-tres-dias-estado-vitimas-litoral-norte\/<\/a><\/p>\n<p>20\/02 \u2013 Governador transfere gabinete para S\u00e3o Sebasti\u00e3o<br \/>\n<a href=\"https:\/\/www.saopaulo.sp.gov.br\/ultimas-noticias\/tarcisio-transfere-gabinete-sao-sebastiao\/\">https:\/\/www.saopaulo.sp.gov.br\/ultimas-noticias\/tarcisio-transfere-gabinete-sao-sebastiao\/<\/a><\/p>\n<p>20\/02 \u2013 Governador fecha parceria com o Governo Federal<br \/>\n<a href=\"https:\/\/www.saopaulo.sp.gov.br\/ultimas-noticias\/governador-sp-mais-forte-tragedia\/\">https:\/\/www.saopaulo.sp.gov.br\/ultimas-noticias\/governador-sp-mais-forte-tragedia\/<\/a><\/p>\n<p>21\/02 \u2013 Equipes do Instituto de Pesquisas Ambientais (IPA) prestam apoio na regi\u00e3o; Sabesp trabalha no reparo do sistema de produ\u00e7\u00e3o de \u00e1gua<br \/>\n<a href=\"https:\/\/www.saopaulo.sp.gov.br\/ultimas-noticias\/boletim-chuvas-litoral-paulista-8h30-terca\/\">https:\/\/www.saopaulo.sp.gov.br\/ultimas-noticias\/boletim-chuvas-litoral-paulista-8h30-terca\/<\/a><\/p>\n<p>21\/02 \u2013 DER inicia os servi\u00e7os de recupera\u00e7\u00e3o da Rodovia Mogi-Bertioga (SP-098)<br \/>\n<a href=\"https:\/\/www.saopaulo.sp.gov.br\/ultimas-noticias\/obras-recuperacao-mogi-bertioga-sp-098\/\">https:\/\/www.saopaulo.sp.gov.br\/ultimas-noticias\/obras-recuperacao-mogi-bertioga-sp-098\/<\/a><\/p>\n<p>21\/02 \u2013 Governo de SP consegue apoio da Marinha com a vinda do hospital de campanha no Navio-Aer\u00f3dromo Multiprop\u00f3sito Atl\u00e2ntico<br \/>\n<a href=\"https:\/\/www.saopaulo.sp.gov.br\/ultimas-noticias\/hospital-de-campanha-marinha-litoral-norte\/\">https:\/\/www.saopaulo.sp.gov.br\/ultimas-noticias\/hospital-de-campanha-marinha-litoral-norte\/<\/a><\/p>\n<p>21\/02 \u2013 Secretaria dos Direitos da Pessoa com Defici\u00eancia recebe doa\u00e7\u00f5es de cadeiras de rodas e de banho, muletas e bengalas<br \/>\n<a href=\"https:\/\/www.saopaulo.sp.gov.br\/ultimas-noticias\/boletim-situacao-das-chuvas-no-litoral-paulista-21-2-13h15\/\">https:\/\/www.saopaulo.sp.gov.br\/ultimas-noticias\/boletim-situacao-das-chuvas-no-litoral-paulista-21-2-13h15\/<\/a><\/p>\n<p>21\/02 \u2013 Governo de SP fecha parceria com GRAD para resgatar animais; FUSSP amplia doa\u00e7\u00f5es para atender os animais<br \/>\n<a href=\"https:\/\/www.saopaulo.sp.gov.br\/ultimas-noticias\/grupo-de-resgate-de-animais-em-desastres-grad-ja-resgatou-19-caes-e-gatos-no-litoral\/\">https:\/\/www.saopaulo.sp.gov.br\/ultimas-noticias\/grupo-de-resgate-de-animais-em-desastres-grad-ja-resgatou-19-caes-e-gatos-no-litoral\/<\/a><\/p>\n<p>21\/02 \u2013 Governador visita v\u00edtimas no Hospital Regional do Litoral Norte<br \/>\n<a href=\"https:\/\/www.saopaulo.sp.gov.br\/ultimas-noticias\/governador-empenho-socorro-vitimas\/\">https:\/\/www.saopaulo.sp.gov.br\/ultimas-noticias\/governador-empenho-socorro-vitimas\/<\/a><\/p>\n<p>21\/02 \u2013 Operadores portu\u00e1rios de Santos e Marinha se unem para arrecadar doa\u00e7\u00f5es e envi\u00e1-las<br \/>\n<a href=\"https:\/\/www.saopaulo.sp.gov.br\/ultimas-noticias\/portuarios-santos-marinha-doacoes-litoral\/\">https:\/\/www.saopaulo.sp.gov.br\/ultimas-noticias\/portuarios-santos-marinha-doacoes-litoral\/<\/a><\/p>\n<p>21\/02 \u2013 Trechos de rodovias s\u00e3o liberados; Popula\u00e7\u00e3o tem atendimento psicol\u00f3gico<br \/>\n<a href=\"https:\/\/www.saopaulo.sp.gov.br\/ultimas-noticias\/boletim-chuvas-litoral-paulista-21-2-19h\/\">https:\/\/www.saopaulo.sp.gov.br\/ultimas-noticias\/boletim-chuvas-litoral-paulista-21-2-19h\/<\/a><\/p>\n<p>22\/02 \u2013 Sabesp recupera os sistemas de \u00e1gua de todos os bairros atendidos em S\u00e3o Sebasti\u00e3o; Departamento Hidrovi\u00e1rio informa que a travessia da balsa S\u00e3o Sebasti\u00e3o\/Ilhabela foi restabelecida<br \/>\n<a href=\"https:\/\/www.saopaulo.sp.gov.br\/ultimas-noticias\/boletim-situacao-das-chuvas-no-litoral-paulista-22-2-8h25\/\">https:\/\/www.saopaulo.sp.gov.br\/ultimas-noticias\/boletim-situacao-das-chuvas-no-litoral-paulista-22-2-8h25\/<\/a><\/p>\n<p>22\/02 \u2013 Secretaria das Mulheres acompanha situa\u00e7\u00e3o de mulheres e crian\u00e7as v\u00edtimas de viol\u00eancia dom\u00e9stica<br \/>\n<a href=\"https:\/\/www.saopaulo.sp.gov.br\/spnoticias\/sp-alerta-municipios-para-acolhimento-de-mulheres-vitimas-de-violencia-no-litoral-norte\/\">https:\/\/www.saopaulo.sp.gov.br\/spnoticias\/sp-alerta-municipios-para-acolhimento-de-mulheres-vitimas-de-violencia-no-litoral-norte\/<\/a><\/p>\n<p>22\/02 \u2013 PGE consegue liminar para remover fam\u00edlias para abrigos<br \/>\n<a href=\"https:\/\/www.saopaulo.sp.gov.br\/spnoticias\/justica-autoriza-remocao-de-moradores-das-areas-de-risco-em-sao-sebastiao\/\">https:\/\/www.saopaulo.sp.gov.br\/spnoticias\/justica-autoriza-remocao-de-moradores-das-areas-de-risco-em-sao-sebastiao\/<\/a><\/p>\n<p>22\/02 \u2013 Subida e descida na serra na Rodovia Tamoios \u00e9 ampliada com a Opera\u00e7\u00e3o Subida<br \/>\n<a href=\"https:\/\/www.saopaulo.sp.gov.br\/spnoticias\/rodovia-dos-tamoios-tem-operacao-subida-2\/\">https:\/\/www.saopaulo.sp.gov.br\/spnoticias\/rodovia-dos-tamoios-tem-operacao-subida-2\/<\/a><\/p>\n<p>22\/02 \u2013 Governador sobrevoa \u00e1reas atingidas com a ministra do Meio Ambiente para avaliar tamanho do desastre e prop\u00f4s recupera\u00e7\u00e3o da vegeta\u00e7\u00e3o<br \/>\n<a href=\"https:\/\/www.saopaulo.sp.gov.br\/spnoticias\/equipe-do-governo-de-sp-e-do-governo-federal-sobrevoa-areas-atingidas-no-litoral-norte\/\">https:\/\/www.saopaulo.sp.gov.br\/spnoticias\/equipe-do-governo-de-sp-e-do-governo-federal-sobrevoa-areas-atingidas-no-litoral-norte\/<\/a><\/p>\n<p>22\/02 \u2013 Governo amplia postos de arrecada\u00e7\u00e3o de doa\u00e7\u00f5es<br \/>\n<a href=\"https:\/\/www.saopaulo.sp.gov.br\/ultimas-noticias\/litoral-norte-como-ajudar\/\">https:\/\/www.saopaulo.sp.gov.br\/ultimas-noticias\/litoral-norte-como-ajudar\/<\/a><\/p>\n<p>22\/02 &#8211; Policiamento no litoral norte \u00e9 refor\u00e7ado<br \/>\n<a href=\"https:\/\/www.saopaulo.sp.gov.br\/ultimas-noticias\/litoral-norte-como-ajudar\/\">https:\/\/www.saopaulo.sp.gov.br\/ultimas-noticias\/litoral-norte-como-ajudar\/<\/a><\/p>\n<p>22\/02 \u2013 Sabesp recupera os sistemas de \u00e1gua em todos os munic\u00edpios do Litoral Norte atendidos pela Companhia; Pol\u00edcia Civil e Procon fazem opera\u00e7\u00e3o para fiscalizar pre\u00e7os abusivos no com\u00e9rcio da regi\u00e3o<br \/>\n<a href=\"https:\/\/www.saopaulo.sp.gov.br\/spnoticias\/abastecimento-de-agua-e-restabelecido-pela-sabesp-no-litoral-norte-2\/\">https:\/\/www.saopaulo.sp.gov.br\/spnoticias\/abastecimento-de-agua-e-restabelecido-pela-sabesp-no-litoral-norte-2\/<\/a><\/p>\n<p>22\/02 \u2013 Governo de SP e Ex\u00e9rcito desobstruem a Rodovia Rio-Santos (SP-055)<br \/>\n<a href=\"https:\/\/www.saopaulo.sp.gov.br\/spnoticias\/boletim-situacao-das-chuvas-no-litoral-paulista-22-2-19h15-2\/\">https:\/\/www.saopaulo.sp.gov.br\/spnoticias\/boletim-situacao-das-chuvas-no-litoral-paulista-22-2-19h15-2\/<\/a><\/p>\n<p>23\/2 &#8211; Grupo de Amparo de Resgate em Desastres atua no resgate de animais em Barra do Sahy e Boi\u00e7ucanga<br \/>\n<a href=\"https:\/\/www.saopaulo.sp.gov.br\/sala-de-imprensa\/release\/voluntarios-seguem-com-trabalhos-para-resgate-de-animais-no-litoral-norte\/\">https:\/\/www.saopaulo.sp.gov.br\/sala-de-imprensa\/release\/voluntarios-seguem-com-trabalhos-para-resgate-de-animais-no-litoral-norte\/<\/a><\/p>\n<p>Acompanhe as atualiza\u00e7\u00f5es sobre a situa\u00e7\u00e3o das chuvas por meio do Twitter do Governo do Estado de S\u00e3o Paulo:\u00a0<a href=\"https:\/\/twitter.com\/governosp\">@governosp<\/a>.<\/p>&nbsp;&nbsp;\n<p>Cadastre-se no 40199 e receba mensagens de alerta de emerg\u00eancia via SMS &#8211; <a href=\"http:\/\/www.spalerta.sp.gov.br\/topicos\/alertas\/\">http:\/\/www.spalerta.sp.gov.br\/topicos\/alertas\/<\/a><\/p>\n<p><!-- Este texto tem o apoio do Sistema ECOMPARE de lojas virtuais <a rel=\"nofollow\" href=\"https:\/\/www.saopaulo.sp.gov.br\/spnoticias\/confira-as-medidas-e-acoes-do-estado-para-socorrer-cidades-atingidas-por-chuvas\/\">Confira as medidas e a\u00e7\u00f5es do Estado para socorrer cidades atingidas por chuvas<\/a> apareceu primeiro em <a rel=\"nofollow\" href=\"https:\/\/www.saopaulo.sp.gov.br\">Governo do Estado de S\u00e3o Paulo<\/a>.<\/p>&nbsp;&nbsp;\n","protected":false},"excerpt":{"rendered":"<p>Atualizado &#8211; Governo do Estado de S\u00e3o Paulo O Governo Estadual criou um gabinete para&#8230;<\/p>\n","protected":false},"author":1,"featured_media":0,"comment_status":"closed","ping_status":"closed","sticky":false,"template":"","format":"standard","meta":{"fifu_image_url":"","fifu_image_alt":"","footnotes":""},"categories":[7488,7744,727,760],"tags":[5624,7760,7881,7754,219,2199,1447,382,1690,1087,8034,7862,1619,6625,6626,7768,7812,7755,7820,1191,460,7758,7759],"class_list":["post-61481","post","type-post","status-publish","format-standard","hentry","category-destaques","category-imprensa","category-noticias","category-servicos","tag-acao-social","tag-ultimas-noticias","tag-defesa-civil","tag-der","tag-gestao","tag-infraestrutura","tag-justica","tag-logistica","tag-meio-ambiente","tag-planejamento","tag-policia-civil-do-estado-de-sao-paulo","tag-policia-militar-do-estado-de-sao-paulo","tag-saude","tag-sabesp","tag-saneamento","tag-secretaria-da-casa-civil","tag-secretaria-da-casa-militar-e-defesa-civil","tag-secretaria-da-seguranca-publica","tag-secretaria-de-meio-ambiente-infraestrutura-e-logistica","tag-seguranca","tag-servicos","tag-sp-noticias","tag-transportes","wpcat-7488-id","wpcat-7744-id","wpcat-727-id","wpcat-760-id"],"_links":{"self":[{"href":"https:\/\/verde-amarelo.net\/verdeamarelo\/wp-json\/wp\/v2\/posts\/61481","targetHints":{"allow":["GET"]}}],"collection":[{"href":"https:\/\/verde-amarelo.net\/verdeamarelo\/wp-json\/wp\/v2\/posts"}],"about":[{"href":"https:\/\/verde-amarelo.net\/verdeamarelo\/wp-json\/wp\/v2\/types\/post"}],"author":[{"embeddable":true,"href":"https:\/\/verde-amarelo.net\/verdeamarelo\/wp-json\/wp\/v2\/users\/1"}],"replies":[{"embeddable":true,"href":"https:\/\/verde-amarelo.net\/verdeamarelo\/wp-json\/wp\/v2\/comments?post=61481"}],"version-history":[{"count":0,"href":"https:\/\/verde-amarelo.net\/verdeamarelo\/wp-json\/wp\/v2\/posts\/61481\/revisions"}],"wp:attachment":[{"href":"https:\/\/verde-amarelo.net\/verdeamarelo\/wp-json\/wp\/v2\/media?parent=61481"}],"wp:term":[{"taxonomy":"category","embeddable":true,"href":"https:\/\/verde-amarelo.net\/verdeamarelo\/wp-json\/wp\/v2\/categories?post=61481"},{"taxonomy":"post_tag","embeddable":true,"href":"https:\/\/verde-amarelo.net\/verdeamarelo\/wp-json\/wp\/v2\/tags?post=61481"}],"curies":[{"name":"wp","href":"https:\/\/api.w.org\/{rel}","templated":true}]}}