{"id":61700,"date":"2023-03-03T12:35:15","date_gmt":"2023-03-03T15:35:15","guid":{"rendered":"https:\/\/www.saopaulo.sp.gov.br\/?p=5644764"},"modified":"2023-03-03T12:35:15","modified_gmt":"2023-03-03T15:35:15","slug":"governo-do-estado-de-sao-paulo-apresenta-nova-marca","status":"publish","type":"post","link":"https:\/\/verde-amarelo.net\/verdeamarelo\/2023\/03\/governo-do-estado-de-sao-paulo-apresenta-nova-marca\/","title":{"rendered":"Governo do Estado de S\u00e3o Paulo apresenta nova marca"},"content":{"rendered":"<p><iframe loading=\"lazy\" title=\"YouTube video player\" src=\"https:\/\/www.youtube.com\/embed\/nKN3C4LkSII\" width=\"740\" height=\"420\" frameborder=\"0\" allowfullscreen=\"allowfullscreen\"><span data-mce-type=\"bookmark\" style=\"display: inline-block; width: 0px; overflow: hidden; line-height: 0;\" class=\"mce_SELRES_start\">\ufeff<\/span><span data-mce-type=\"bookmark\" style=\"display: inline-block; width: 0px; overflow: hidden; line-height: 0;\" class=\"mce_SELRES_start\">\ufeff<\/span><\/iframe><\/p>\n<p>O Governo de S\u00e3o Paulo lan\u00e7a nesta sexta-feira (3) sua nova marca. Desenvolvida pela Secretaria de Comunica\u00e7\u00e3o (Secom), ela leva as cores da bandeira paulista: preto, vermelho e branco. O conceito foi constru\u00eddo a partir dos tr\u00eas pilares da nova gest\u00e3o, que s\u00e3o a promo\u00e7\u00e3o do desenvolvimento do Estado, o estabelecimento do di\u00e1logo com todas as esferas e a garantia de dignidade para as pessoas.<\/p>&nbsp;&nbsp;\n<p>&#8220;\u00c9 uma identidade visual moderna, que transmite nossas prioridades e valoriza o que mais importa para a nossa gest\u00e3o, que s\u00e3o as pessoas. Al\u00e9m disso, tanto a logomarca quanto o slogan escolhido representam muito bem S\u00e3o Paulo, que \u00e9 um Estado de todos, repleto de oportunidades e constru\u00eddo por gente trabalhadora e acolhedora\u201d, destacou o governador\u00a0<a href=\"https:\/\/www.saopaulo.sp.gov.br\/orgaos-e-entidades\/orgaos-e-entidades\/governador\/\">Tarc\u00edsio de Freitas<\/a>.<\/p>&nbsp;&nbsp;\n<p>Os tr\u00eas Ds est\u00e3o aplicados na marca gr\u00e1fica. O formato da letra &#8220;S&#8221; \u00e9 composto pela jun\u00e7\u00e3o de dois Ds dos pilares da gest\u00e3o \u2013 desenvolvimento e dignidade. O &#8220;P&#8221; remete a um bal\u00e3o de di\u00e1logo que \u00e9 a representa\u00e7\u00e3o do terceiro D, o que refor\u00e7a o compromisso do Governo de SP em abrir espa\u00e7o para o di\u00e1logo com os 46 milh\u00f5es de paulistas e todas as esferas de poder e gest\u00e3o. Nele haver\u00e1 ainda aplica\u00e7\u00e3o de fotos de pessoas e situa\u00e7\u00f5es que representam o estado, o que remete ao slogan &#8220;S\u00e3o Paulo s\u00e3o todos&#8221;.<\/p>&nbsp;&nbsp;\n<p>&#8220;Temos uma mudan\u00e7a de gest\u00e3o, e a marca \u00e9 uma representa\u00e7\u00e3o importante de como o novo governo ser\u00e1 visto. O trabalho feito pela Secom nessa constru\u00e7\u00e3o foi pensado para termos uma marca que carrega em si os tr\u00eas pilares estabelecidos pelo governador, bem como o rosto das pessoas, pois entendemos que essa \u00e9 a melhor forma de comunicar que s\u00e3o elas a prioridade da nova gest\u00e3o&#8221;, explica a secret\u00e1ria de Comunica\u00e7\u00e3o, Lais Vita. &#8220;O slogan S\u00e3o Paulo s\u00e3o todos refor\u00e7a essa ideia&#8221;, complementa.<\/p>&nbsp;&nbsp;\n<p><strong>S\u00e3o Paulo s\u00e3o todos: o manifesto sobre a nova marca e slogan<\/strong><\/p>\n<p>Essa \u00e9 a nova marca do Governo do Estado de S\u00e3o Paulo. E, assim como a nova gest\u00e3o, tudo nela est\u00e1 repleto de prop\u00f3sito e significado. Ela carrega em si os pilares que norteiam o novo governo e os caminhos que ser\u00e3o trilhados para que S\u00e3o Paulo siga em frente com ainda mais velocidade, e para que as pessoas tenham no Estado o apoio que precisam para viver, produzir, realizar e transformar.<\/p>&nbsp;&nbsp;\n<p>Essa \u00e9 a marca de um governo que, com muito orgulho, governa para todos. Um governo que valoriza essa gente dedicada, que d\u00e1 o seu melhor para que S\u00e3o Paulo cres\u00e7a e avance cada vez mais. \u00c9 a marca de cada um dos 46 milh\u00f5es de paulistas que acreditam que, com DI\u00c1LOGO, gest\u00e3o eficiente e trabalho vamos promover mais DESENVOLVIMENTO, e que esse ser\u00e1 o caminho da gera\u00e7\u00e3o de riquezas que vai melhorar a vida das pessoas, diminuir a desigualdade e assegurar que cada um viva com DIGNIDADE em um Estado grandioso.<\/p>&nbsp;&nbsp;\n<p>Ela representa, acima de tudo, as pessoas, que s\u00e3o a sua verdadeira riqueza. Todas elas, sem exce\u00e7\u00e3o. Ela representa o S\u00e3o Paulo de quem estende a m\u00e3o e de quem agarra a oportunidade. De quem constr\u00f3i, transforma, mobiliza, lidera. De quem lamenta a dor do pr\u00f3ximo e se engaja para fazer diferente. De quem quer ver o desenvolvimento acontecer em todos os cantos, em todas as esquinas. De quem acolheu e foi acolhido. De quem quer dialogar para superar as diferen\u00e7as e sempre fazer o melhor. De quem realiza, renova, inova, arrega\u00e7a as mangas e faz acontecer.<\/p>&nbsp;&nbsp;\n<p>Esse \u00e9 um s\u00edmbolo que representa o Estado e representa cada um. E aqui, cada um \u00e9 uma parte do todo que faz com que esse seja o Estado que tanto nos orgulha. E para representar todos aqueles que aqui nasceram e tamb\u00e9m aqueles que escolheram essa terra para viver e para construir, hoje e agora, mais do que nunca, S\u00c3O PAULO S\u00c3O TODOS!<\/p>\n<p><!-- Este texto tem o apoio do Sistema ECOMPARE de lojas virtuais <a rel=\"nofollow\" href=\"https:\/\/www.saopaulo.sp.gov.br\/spnoticias\/governo-do-estado-de-sao-paulo-apresenta-nova-marca-2\/\">Governo do Estado de S\u00e3o Paulo apresenta nova marca<\/a> apareceu primeiro em <a rel=\"nofollow\" href=\"https:\/\/www.saopaulo.sp.gov.br\">Governo do Estado de S\u00e3o Paulo<\/a>.<\/p>&nbsp;&nbsp;\n","protected":false},"excerpt":{"rendered":"<p>\ufeff\ufeff O Governo de S\u00e3o Paulo lan\u00e7a nesta sexta-feira (3) sua nova marca. Desenvolvida pela&#8230;<\/p>\n","protected":false},"author":1,"featured_media":0,"comment_status":"closed","ping_status":"closed","sticky":false,"template":"","format":"standard","meta":{"fifu_image_url":"","fifu_image_alt":"","footnotes":""},"categories":[7488,7744,727],"tags":[4300,7760,1683,3340,8391,8392,1546,219,7802,2518,8393,7800,7758],"class_list":["post-61700","post","type-post","status-publish","format-standard","hentry","category-destaques","category-imprensa","category-noticias","tag-3d","tag-ultimas-noticias","tag-comunicacao","tag-desenvolvimento","tag-dialogo","tag-dignidade","tag-estado-de-sao-paulo","tag-gestao","tag-governo-de-sp","tag-identidade-visual","tag-nova-marca","tag-secretaria-de-comunicacao","tag-sp-noticias","wpcat-7488-id","wpcat-7744-id","wpcat-727-id"],"_links":{"self":[{"href":"https:\/\/verde-amarelo.net\/verdeamarelo\/wp-json\/wp\/v2\/posts\/61700","targetHints":{"allow":["GET"]}}],"collection":[{"href":"https:\/\/verde-amarelo.net\/verdeamarelo\/wp-json\/wp\/v2\/posts"}],"about":[{"href":"https:\/\/verde-amarelo.net\/verdeamarelo\/wp-json\/wp\/v2\/types\/post"}],"author":[{"embeddable":true,"href":"https:\/\/verde-amarelo.net\/verdeamarelo\/wp-json\/wp\/v2\/users\/1"}],"replies":[{"embeddable":true,"href":"https:\/\/verde-amarelo.net\/verdeamarelo\/wp-json\/wp\/v2\/comments?post=61700"}],"version-history":[{"count":0,"href":"https:\/\/verde-amarelo.net\/verdeamarelo\/wp-json\/wp\/v2\/posts\/61700\/revisions"}],"wp:attachment":[{"href":"https:\/\/verde-amarelo.net\/verdeamarelo\/wp-json\/wp\/v2\/media?parent=61700"}],"wp:term":[{"taxonomy":"category","embeddable":true,"href":"https:\/\/verde-amarelo.net\/verdeamarelo\/wp-json\/wp\/v2\/categories?post=61700"},{"taxonomy":"post_tag","embeddable":true,"href":"https:\/\/verde-amarelo.net\/verdeamarelo\/wp-json\/wp\/v2\/tags?post=61700"}],"curies":[{"name":"wp","href":"https:\/\/api.w.org\/{rel}","templated":true}]}}