{"id":61813,"date":"2023-03-07T15:03:03","date_gmt":"2023-03-07T18:03:03","guid":{"rendered":"https:\/\/verde-amarelo.net\/verdeamarelo\/?p=61813"},"modified":"2023-03-07T15:08:16","modified_gmt":"2023-03-07T18:08:16","slug":"suspensao-das-linhas-de-credito-do-bndes-tecnologia-pode-ser-a-saida-para-este-percalco-na-vida-do-pequeno-produtor-rural","status":"publish","type":"post","link":"https:\/\/verde-amarelo.net\/verdeamarelo\/2023\/03\/suspensao-das-linhas-de-credito-do-bndes-tecnologia-pode-ser-a-saida-para-este-percalco-na-vida-do-pequeno-produtor-rural\/","title":{"rendered":"Suspens\u00e3o das linhas de cr\u00e9dito do BNDES: Tecnologia pode ser a sa\u00edda para este percal\u00e7o na vida do pequeno produtor rural"},"content":{"rendered":"<p><?php echo do_shortcode('[soshsc hide=\"guest\"]');?><\/font><\/p>\n<\/div>\n<\/div>\n<p>  <center>  <\/p>\n<div style=\"FONT-SIZE: 10pt; FONT-FAMILY: Arial\">\n<p><img decoding=\"async\" src=\"data:image\/gif;base64,R0lGODlhAQABAIAAAAAAAP\/\/\/ywAAAAAAQABAAACAUwAOw==\" fifu-lazy=\"1\" fifu-data-sizes=\"auto\" fifu-data-srcset=\"https:\/\/i1.wp.com\/files.pressmanager.net\/clientes\/bf51715b19d6fa73cbb5381cd43d60a5\/imagens\/2022\/11\/30\/73f1637fc5be7bc91c4a193b3d02dc0a.png?ssl=1&w=75&resize=75&ssl=1 75w, https:\/\/i1.wp.com\/files.pressmanager.net\/clientes\/bf51715b19d6fa73cbb5381cd43d60a5\/imagens\/2022\/11\/30\/73f1637fc5be7bc91c4a193b3d02dc0a.png?ssl=1&w=100&resize=100&ssl=1 100w, https:\/\/i1.wp.com\/files.pressmanager.net\/clientes\/bf51715b19d6fa73cbb5381cd43d60a5\/imagens\/2022\/11\/30\/73f1637fc5be7bc91c4a193b3d02dc0a.png?ssl=1&w=150&resize=150&ssl=1 150w, https:\/\/i1.wp.com\/files.pressmanager.net\/clientes\/bf51715b19d6fa73cbb5381cd43d60a5\/imagens\/2022\/11\/30\/73f1637fc5be7bc91c4a193b3d02dc0a.png?ssl=1&w=240&resize=240&ssl=1 240w, https:\/\/i1.wp.com\/files.pressmanager.net\/clientes\/bf51715b19d6fa73cbb5381cd43d60a5\/imagens\/2022\/11\/30\/73f1637fc5be7bc91c4a193b3d02dc0a.png?ssl=1&w=320&resize=320&ssl=1 320w, https:\/\/i1.wp.com\/files.pressmanager.net\/clientes\/bf51715b19d6fa73cbb5381cd43d60a5\/imagens\/2022\/11\/30\/73f1637fc5be7bc91c4a193b3d02dc0a.png?ssl=1&w=500&resize=500&ssl=1 500w, https:\/\/i1.wp.com\/files.pressmanager.net\/clientes\/bf51715b19d6fa73cbb5381cd43d60a5\/imagens\/2022\/11\/30\/73f1637fc5be7bc91c4a193b3d02dc0a.png?ssl=1&w=640&resize=640&ssl=1 640w, https:\/\/i1.wp.com\/files.pressmanager.net\/clientes\/bf51715b19d6fa73cbb5381cd43d60a5\/imagens\/2022\/11\/30\/73f1637fc5be7bc91c4a193b3d02dc0a.png?ssl=1&w=800&resize=800&ssl=1 800w, https:\/\/i1.wp.com\/files.pressmanager.net\/clientes\/bf51715b19d6fa73cbb5381cd43d60a5\/imagens\/2022\/11\/30\/73f1637fc5be7bc91c4a193b3d02dc0a.png?ssl=1&w=1024&resize=1024&ssl=1 1024w, https:\/\/i1.wp.com\/files.pressmanager.net\/clientes\/bf51715b19d6fa73cbb5381cd43d60a5\/imagens\/2022\/11\/30\/73f1637fc5be7bc91c4a193b3d02dc0a.png?ssl=1&w=1280&resize=1280&ssl=1 1280w, https:\/\/i1.wp.com\/files.pressmanager.net\/clientes\/bf51715b19d6fa73cbb5381cd43d60a5\/imagens\/2022\/11\/30\/73f1637fc5be7bc91c4a193b3d02dc0a.png?ssl=1&w=1600&resize=1600&ssl=1 1600w\" alt=FazendaCheia   fifu-data-src=\"https:\/\/i1.wp.com\/files.pressmanager.net\/clientes\/bf51715b19d6fa73cbb5381cd43d60a5\/imagens\/2022\/11\/30\/73f1637fc5be7bc91c4a193b3d02dc0a.png?ssl=1\">   <\/p>\n<div style=\"TEXT-ALIGN: left\">\n<p style=\"TEXT-ALIGN: center\"><img decoding=\"async\" src=\"data:image\/gif;base64,R0lGODlhAQABAIAAAAAAAP\/\/\/ywAAAAAAQABAAACAUwAOw==\" fifu-lazy=\"1\" fifu-data-sizes=\"auto\" fifu-data-srcset=\"https:\/\/i2.wp.com\/files.pressmanager.net\/clientes\/bf51715b19d6fa73cbb5381cd43d60a5\/imagens\/2023\/02\/27\/3ceb235c1a59dc83ac2aebb1cbd44903_medium.jpg?ssl=1&w=75&resize=75&ssl=1 75w, https:\/\/i2.wp.com\/files.pressmanager.net\/clientes\/bf51715b19d6fa73cbb5381cd43d60a5\/imagens\/2023\/02\/27\/3ceb235c1a59dc83ac2aebb1cbd44903_medium.jpg?ssl=1&w=100&resize=100&ssl=1 100w, https:\/\/i2.wp.com\/files.pressmanager.net\/clientes\/bf51715b19d6fa73cbb5381cd43d60a5\/imagens\/2023\/02\/27\/3ceb235c1a59dc83ac2aebb1cbd44903_medium.jpg?ssl=1&w=150&resize=150&ssl=1 150w, https:\/\/i2.wp.com\/files.pressmanager.net\/clientes\/bf51715b19d6fa73cbb5381cd43d60a5\/imagens\/2023\/02\/27\/3ceb235c1a59dc83ac2aebb1cbd44903_medium.jpg?ssl=1&w=240&resize=240&ssl=1 240w, https:\/\/i2.wp.com\/files.pressmanager.net\/clientes\/bf51715b19d6fa73cbb5381cd43d60a5\/imagens\/2023\/02\/27\/3ceb235c1a59dc83ac2aebb1cbd44903_medium.jpg?ssl=1&w=320&resize=320&ssl=1 320w, https:\/\/i2.wp.com\/files.pressmanager.net\/clientes\/bf51715b19d6fa73cbb5381cd43d60a5\/imagens\/2023\/02\/27\/3ceb235c1a59dc83ac2aebb1cbd44903_medium.jpg?ssl=1&w=500&resize=500&ssl=1 500w, https:\/\/i2.wp.com\/files.pressmanager.net\/clientes\/bf51715b19d6fa73cbb5381cd43d60a5\/imagens\/2023\/02\/27\/3ceb235c1a59dc83ac2aebb1cbd44903_medium.jpg?ssl=1&w=640&resize=640&ssl=1 640w, https:\/\/i2.wp.com\/files.pressmanager.net\/clientes\/bf51715b19d6fa73cbb5381cd43d60a5\/imagens\/2023\/02\/27\/3ceb235c1a59dc83ac2aebb1cbd44903_medium.jpg?ssl=1&w=800&resize=800&ssl=1 800w, https:\/\/i2.wp.com\/files.pressmanager.net\/clientes\/bf51715b19d6fa73cbb5381cd43d60a5\/imagens\/2023\/02\/27\/3ceb235c1a59dc83ac2aebb1cbd44903_medium.jpg?ssl=1&w=1024&resize=1024&ssl=1 1024w, https:\/\/i2.wp.com\/files.pressmanager.net\/clientes\/bf51715b19d6fa73cbb5381cd43d60a5\/imagens\/2023\/02\/27\/3ceb235c1a59dc83ac2aebb1cbd44903_medium.jpg?ssl=1&w=1280&resize=1280&ssl=1 1280w, https:\/\/i2.wp.com\/files.pressmanager.net\/clientes\/bf51715b19d6fa73cbb5381cd43d60a5\/imagens\/2023\/02\/27\/3ceb235c1a59dc83ac2aebb1cbd44903_medium.jpg?ssl=1&w=1600&resize=1600&ssl=1 1600w\" border=0 alt=\"\"   fifu-data-src=\"https:\/\/i2.wp.com\/files.pressmanager.net\/clientes\/bf51715b19d6fa73cbb5381cd43d60a5\/imagens\/2023\/02\/27\/3ceb235c1a59dc83ac2aebb1cbd44903_medium.jpg?ssl=1\"><\/p>\n<p style=\"FONT-SIZE: 14pt; FONT-WEIGHT: bold; TEXT-ALIGN: center\">Suspens\u00e3o das   linhas de cr\u00e9dito do BNDES: Tecnologia pode ser a sa\u00edda para este percal\u00e7o na   vida do pequeno produtor rural<\/p>\n<div style=\"FONT-SIZE: 11pt; TEXT-ALIGN: justify\">\n<p><span style=\"FONT-WEIGHT: 400\">O Banco Nacional do Desenvolvimento Social   (BNDES) anunciou, nas \u00faltimas semanas, a suspens\u00e3o de nove linhas de cr\u00e9dito   rural, deixando principalmente os pequenos e m\u00e9dios produtores rurais   preocupados sobre o futuro de suas produ\u00e7\u00f5es.<\/span><\/p>\n<p><span style=\"FONT-WEIGHT: 400\"><\/span>&nbsp;<\/p>\n<p><span style=\"FONT-WEIGHT: 400\">De acordo com Valder Zacarkim, CEO do   FazendaCheia, plataforma especializada em investimentos agropecu\u00e1rios por meio   de financiamento coletivo, esse cen\u00e1rio preocupa os pequenos e m\u00e9dios   empreendedores rurais principalmente pelo fato de eles contarem, na esmagadora   maioria das vezes, com esses recursos do BNDES, j\u00e1 que os bancos brasileiros   convencionais tornam as fontes de financiamento e de cr\u00e9dito muito mais   acess\u00edveis aos grandes produtores do ramo.<\/span><\/p>\n<p><span style=\"FONT-WEIGHT: 400\"><\/span>&nbsp;<\/p>\n<p><span style=\"FONT-WEIGHT: 400\"><em>\u0093O pequeno produtor fica ref\u00e9m das grandes   institui\u00e7\u00f5es financeiras, que al\u00e9m de serem muito mais escassos, ainda s\u00e3o   impostas diversas dificuldades para a obten\u00e7\u00e3o desse cr\u00e9dito que, no fim, acabam   sendo insuficientes, na maioria das vezes, para desempenhar suas   atividades\u0094<\/em>, explica o executivo do FazendaCheia.<\/span><\/p>\n<p><span style=\"FONT-WEIGHT: 400\"><\/span>&nbsp;<\/p>\n<p><span style=\"FONT-WEIGHT: 400\">O especialista ainda aponta que, no Brasil,   84% das propriedades rurais pertencem aos pequenos e m\u00e9dios agropecuaristas, o   que representa uma parcela significativa do abastecimento nacional, tendo em   vista que as grandes empresas t\u00eam como objetivo principal a exporta\u00e7\u00e3o de suas   produ\u00e7\u00f5es.<\/span><\/p>\n<p><span style=\"FONT-WEIGHT: 400\"><\/span>&nbsp;<\/p>\n<p><span style=\"FONT-WEIGHT: 400\">Caroline Hirassaka, co-fundadora do   FazendaCheia e t\u00e9cnica em finan\u00e7as, explica que, com os pequenos e m\u00e9dios   produtores rurais impedidos de tomarem cr\u00e9dito para suas produ\u00e7\u00f5es, h\u00e1 um certo   risco de que isso impacte diretamente na produ\u00e7\u00e3o pecu\u00e1ria e, consequentemente,   na economia brasileira, j\u00e1 que 21,1% do PIB (Produto Interno Bruto) do Brasil \u00e9   proveniente do agroneg\u00f3cio e, destes, cerca de 25% vem justamente do pequeno e   m\u00e9dio produtor rural.<\/span><\/p>\n<p><span style=\"FONT-WEIGHT: 400\"><\/span>&nbsp;<\/p>\n<p><span style=\"FONT-WEIGHT: 400\"><em>\u0093Al\u00e9m desses \u0091cortes\u0092 nas linhas de   financiamento do BNDES, h\u00e1 de se considerar tamb\u00e9m a dificuldade, cada vez   maior, em se tomar cr\u00e9dito nos bancos tradicionais. Toda a instabilidade   econ\u00f4mica pela qual o Brasil tem passado, torna o mercado de cr\u00e9dito muito mais   restrito e rigoroso com rela\u00e7\u00e3o a quanto, quando, como e pra quem ir\u00e1 emprestar   aquele recurso\u0094<\/em>, pontua Hirassaka.<\/span><\/p>\n<p><span style=\"FONT-WEIGHT: 400\"><\/span>&nbsp;<\/p>\n<p><strong>O financiamento coletivo como uma sa\u00edda vi\u00e1vel<\/strong><\/p>\n<p><strong><\/strong>&nbsp;<\/p>\n<p><span style=\"FONT-WEIGHT: 400\">O financiamento coletivo, conhecido   internacionalmente como crowdfunding, consiste na capta\u00e7\u00e3o de capital de   investidores para o financiamento de um projeto de interesse em comum entre   esses investidores que, na maioria das vezes, s\u00e3o pessoas f\u00edsicas.<\/span><\/p>\n<p><span style=\"FONT-WEIGHT: 400\"><\/span>&nbsp;<\/p>\n<p><span style=\"FONT-WEIGHT: 400\">Um grupo de pessoas interessadas em um   determinado objetivo re\u00fane-se para aportarem capital e financiar uma determinada   iniciativa, o que seria bem mais oneroso caso o valor total partisse de uma   \u00fanica fonte.<\/span><\/p>\n<p><span style=\"FONT-WEIGHT: 400\"><\/span>&nbsp;<\/p>\n<p><span style=\"FONT-WEIGHT: 400\">O FazendaCheia \u00e9 uma plataforma inovadora que   conecta o pequeno produtor rural \u00e0 pessoas interessadas em investir no ramo da   pecu\u00e1ria, mas n\u00e3o possuem a totalidade dos recursos necess\u00e1rios para faz\u00ea-lo   sozinho, ou simplesmente n\u00e3o desejam cuidar diretamente dos empreendimentos   pecu\u00e1rios.<\/span><\/p>\n<p><span style=\"FONT-WEIGHT: 400\"><\/span>&nbsp;<\/p>\n<p><span style=\"FONT-WEIGHT: 400\">Sem possuir um peda\u00e7o de terra sequer,   qualquer interessado pode obter cotas (peda\u00e7os do rebanho de gado), tornando-se   um investidor do empreendimento pecu\u00e1rio do pequeno produtor rural que, na outra   ponta, possui terras adequadas a este fim, mas n\u00e3o os recursos financeiros para   a compra do rebanho.<\/span><\/p>\n<p><span style=\"FONT-WEIGHT: 400\"><\/span>&nbsp;<\/p>\n<p><span style=\"FONT-WEIGHT: 400\">O produtor fica respons\u00e1vel por toda a lida   com o gado, em absolutamente todos os aspectos, e o investidor recebe, ap\u00f3s o   tempo determinado para o fim daquele empreendimento, os lucros advindos da   destina\u00e7\u00e3o do gado, sem precisar ter participado de nenhuma etapa da produ\u00e7\u00e3o em   si.<\/span><\/p>\n<p><span style=\"FONT-WEIGHT: 400\"><\/span>&nbsp;<\/p>\n<p><span style=\"FONT-WEIGHT: 400\">Embora o investidor possa acompanhar em tempo   real, atrav\u00e9s de plataforma pr\u00f3pria do FazendaCheia, o seu rebanho, ele tamb\u00e9m   pode, caso deseje, visitar a fazenda daquele pequeno produtor rural que est\u00e1   cuidando de seu gado, para conhecer e participar da rotina pecu\u00e1ria.<\/span><\/p>\n<p><span style=\"FONT-WEIGHT: 400\"><\/span>&nbsp;<\/p>\n<p><span style=\"FONT-WEIGHT: 400\"><em>\u0093Por meio da tecnologia n\u00f3s conseguimos o   impens\u00e1vel: fazer com que uma pessoa, de qualquer lugar do planeta, que n\u00e3o   possua nem um peda\u00e7o de terra sequer, possa ser um investidor agropecu\u00e1rio, sem   precisar pisar numa fazenda, se ele n\u00e3o quiser. Isso foi poss\u00edvel gra\u00e7as \u00e0 nossa   tecnologia de monitoramento, que transforma o gado em um ativo f\u00edsico com   lastro, o que permite o acompanhamento deste ativo. \u00c9 extremamente disruptivo, e   cada vez mais os produtores t\u00eam podido contar com esses investidores para tornar   vi\u00e1vel as suas produ\u00e7\u00f5es, como deve ser\u0094<\/em>, finaliza Valder Zacarkim, CEO e   co-fundador do FazendaCheia.<\/span><\/p>\n<p><font face=\"Agency FB\"><b>Lucas   Munford<\/b><br \/><a href=\"mailto:lucas@boostimprensa.com.br\" >lucas@boostimprensa.com.br<\/a> <br \/>(11) 94700-3102<\/font> <\/p>\n<p><font color=#2e0e00 size=2 face=\"Albertus Medium\"><\/div>\n","protected":false},"excerpt":{"rendered":"","protected":false},"author":1,"featured_media":0,"comment_status":"closed","ping_status":"","sticky":false,"template":"","format":"standard","meta":{"fifu_image_url":"","fifu_image_alt":"","footnotes":""},"categories":[7488,727],"tags":[],"class_list":["post-61813","post","type-post","status-publish","format-standard","hentry","category-destaques","category-noticias","wpcat-7488-id","wpcat-727-id"],"_links":{"self":[{"href":"https:\/\/verde-amarelo.net\/verdeamarelo\/wp-json\/wp\/v2\/posts\/61813","targetHints":{"allow":["GET"]}}],"collection":[{"href":"https:\/\/verde-amarelo.net\/verdeamarelo\/wp-json\/wp\/v2\/posts"}],"about":[{"href":"https:\/\/verde-amarelo.net\/verdeamarelo\/wp-json\/wp\/v2\/types\/post"}],"author":[{"embeddable":true,"href":"https:\/\/verde-amarelo.net\/verdeamarelo\/wp-json\/wp\/v2\/users\/1"}],"replies":[{"embeddable":true,"href":"https:\/\/verde-amarelo.net\/verdeamarelo\/wp-json\/wp\/v2\/comments?post=61813"}],"version-history":[{"count":0,"href":"https:\/\/verde-amarelo.net\/verdeamarelo\/wp-json\/wp\/v2\/posts\/61813\/revisions"}],"wp:attachment":[{"href":"https:\/\/verde-amarelo.net\/verdeamarelo\/wp-json\/wp\/v2\/media?parent=61813"}],"wp:term":[{"taxonomy":"category","embeddable":true,"href":"https:\/\/verde-amarelo.net\/verdeamarelo\/wp-json\/wp\/v2\/categories?post=61813"},{"taxonomy":"post_tag","embeddable":true,"href":"https:\/\/verde-amarelo.net\/verdeamarelo\/wp-json\/wp\/v2\/tags?post=61813"}],"curies":[{"name":"wp","href":"https:\/\/api.w.org\/{rel}","templated":true}]}}