{"id":61844,"date":"2023-03-08T08:34:04","date_gmt":"2023-03-08T11:34:04","guid":{"rendered":"https:\/\/www.saopaulo.sp.gov.br\/?p=5646639"},"modified":"2023-03-08T08:34:04","modified_gmt":"2023-03-08T11:34:04","slug":"confira-a-programacao-do-dia-internacional-da-mulher-no-hotsite-do-governo-de-sp","status":"publish","type":"post","link":"https:\/\/verde-amarelo.net\/verdeamarelo\/2023\/03\/confira-a-programacao-do-dia-internacional-da-mulher-no-hotsite-do-governo-de-sp\/","title":{"rendered":"Confira a programa\u00e7\u00e3o do Dia Internacional da Mulher no hotsite do Governo de SP"},"content":{"rendered":"<figure id=\"attachment_5646649\" style=\"width: 100%;max-width: 656px\"class=\"wp-caption alignnone caption-hide\">\n<div class=\"caption-meta\"><a href=\"https:\/\/www.saopaulo.sp.gov.br\/wp-content\/uploads\/2023\/03\/imagem_2023-03-08_092229542.png\" download class=\"attachment-download\"><i class=\"fa fa-download\"><\/i>Atualizado - <\/a><\/div>\n<p><img decoding=\"async\" src=\"data:image\/gif;base64,R0lGODlhAQABAIAAAAAAAP\/\/\/ywAAAAAAQABAAACAUwAOw==\" fifu-lazy=\"1\" fifu-data-sizes=\"auto\" fifu-data-srcset=\"https:\/\/i3.wp.com\/www.saopaulo.sp.gov.br\/wp-content\/uploads\/2023\/03\/imagem_2023-03-08_092229542.png?ssl=1&w=75&resize=75&ssl=1 75w, https:\/\/i3.wp.com\/www.saopaulo.sp.gov.br\/wp-content\/uploads\/2023\/03\/imagem_2023-03-08_092229542.png?ssl=1&w=100&resize=100&ssl=1 100w, https:\/\/i3.wp.com\/www.saopaulo.sp.gov.br\/wp-content\/uploads\/2023\/03\/imagem_2023-03-08_092229542.png?ssl=1&w=150&resize=150&ssl=1 150w, https:\/\/i3.wp.com\/www.saopaulo.sp.gov.br\/wp-content\/uploads\/2023\/03\/imagem_2023-03-08_092229542.png?ssl=1&w=240&resize=240&ssl=1 240w, https:\/\/i3.wp.com\/www.saopaulo.sp.gov.br\/wp-content\/uploads\/2023\/03\/imagem_2023-03-08_092229542.png?ssl=1&w=320&resize=320&ssl=1 320w, https:\/\/i3.wp.com\/www.saopaulo.sp.gov.br\/wp-content\/uploads\/2023\/03\/imagem_2023-03-08_092229542.png?ssl=1&w=500&resize=500&ssl=1 500w, https:\/\/i3.wp.com\/www.saopaulo.sp.gov.br\/wp-content\/uploads\/2023\/03\/imagem_2023-03-08_092229542.png?ssl=1&w=640&resize=640&ssl=1 640w, https:\/\/i3.wp.com\/www.saopaulo.sp.gov.br\/wp-content\/uploads\/2023\/03\/imagem_2023-03-08_092229542.png?ssl=1&w=800&resize=800&ssl=1 800w, https:\/\/i3.wp.com\/www.saopaulo.sp.gov.br\/wp-content\/uploads\/2023\/03\/imagem_2023-03-08_092229542.png?ssl=1&w=1024&resize=1024&ssl=1 1024w, https:\/\/i3.wp.com\/www.saopaulo.sp.gov.br\/wp-content\/uploads\/2023\/03\/imagem_2023-03-08_092229542.png?ssl=1&w=1280&resize=1280&ssl=1 1280w, https:\/\/i3.wp.com\/www.saopaulo.sp.gov.br\/wp-content\/uploads\/2023\/03\/imagem_2023-03-08_092229542.png?ssl=1&w=1600&resize=1600&ssl=1 1600w\" loading=\"lazy\" class=\"size-full wp-image-5646649\" fifu-data-src=\"https:\/\/i3.wp.com\/www.saopaulo.sp.gov.br\/wp-content\/uploads\/2023\/03\/imagem_2023-03-08_092229542.png?ssl=1\" alt=\"\" width=\"656\" height=\"328\" srcset=\"https:\/\/www.saopaulo.sp.gov.br\/wp-content\/uploads\/2023\/03\/imagem_2023-03-08_092229542.png 656w, https:\/\/www.saopaulo.sp.gov.br\/wp-content\/uploads\/2023\/03\/imagem_2023-03-08_092229542-300x150.png 300w, https:\/\/www.saopaulo.sp.gov.br\/wp-content\/uploads\/2023\/03\/imagem_2023-03-08_092229542-600x300.png 600w\" sizes=\"auto, (max-width: 656px) 100vw, 656px\" \/><\/figure>\n<p>O Dia Internacional da Mulher \u00e9 celebrado nesta quarta-feira (8) e o Governo de S\u00e3o Paulo preparou uma programa\u00e7\u00e3o especial para comemorar essa data t\u00e3o importante. Das 9h \u00e0s 16h, a Esta\u00e7\u00e3o S\u00e9 do Metr\u00f4 de S\u00e3o Paulo vai receber uma s\u00e9rie de atividades para atender o p\u00fablico feminino.<\/p>&nbsp;&nbsp;\n<p>Para que todas possam ficar por dentro das a\u00e7\u00f5es, foi criado um hotsite com a programa\u00e7\u00e3o completa, que pode ser acessado aqui:\u00a0<a href=\"https:\/\/protect-eu.mimecast.com\/s\/nIg6CLYo9Hk9QxorSBpSr3?domain=diadamulher2023.sp.gov.br\/\">https:\/\/www.diadamulher2023.sp.gov.br\/<\/a>.<\/p>&nbsp;&nbsp;\n<p>&#8220;A data \u00e9 um momento para celebrar e relembrar a for\u00e7a e a sensibilidade feminina dentro da nossa sociedade. A miss\u00e3o do Governo de S\u00e3o Paulo \u00e9 garantir todas as condi\u00e7\u00f5es para que tenham sa\u00fade, seguran\u00e7a e sejam protagonistas da pr\u00f3pria hist\u00f3ria&#8221;, destacou o governador Tarc\u00edsio de Freitas.<\/p>&nbsp;&nbsp;\n<p>Ser\u00e3o ofertados servi\u00e7os p\u00fablicos com foco em sa\u00fade, seguran\u00e7a e protagonismo feminino. L\u00e1, as mulheres poder\u00e3o fazer testes e exames cl\u00ednicos, receber orienta\u00e7\u00f5es sobre seguran\u00e7a, efetuar inscri\u00e7\u00f5es para cursos de qualifica\u00e7\u00e3o profissional, al\u00e9m de mentoria para a montagem do pr\u00f3prio neg\u00f3cio.<\/p>&nbsp;&nbsp;\n<p>Esses servi\u00e7os tamb\u00e9m est\u00e3o dispon\u00edveis por meio de nossas secretarias de forma permanente e aqui nesta p\u00e1gina voc\u00ea encontra o link de cada um deles para acessar e saber como utilizar.<\/p>&nbsp;&nbsp;\n<p><strong>Panorama<\/strong><\/p>\n<p>As mulheres s\u00e3o a maioria no Estado de S\u00e3o Paulo. S\u00e3o 23,2 milh\u00f5es de mulheres, que representam 53,1% da popula\u00e7\u00e3o total. Destas, mais de 4 milh\u00f5es t\u00eam 60 anos ou mais. Outras 4,1 milh\u00f5es s\u00e3o jovens com at\u00e9 14 anos.<\/p>&nbsp;&nbsp;\n<p><!-- Este texto tem o apoio do Sistema ECOMPARE de lojas virtuais <a rel=\"nofollow\" href=\"https:\/\/www.saopaulo.sp.gov.br\/spnoticias\/confira-a-programacao-do-dia-internacional-da-mulher-no-hotsite-do-governo-de-sp\/\">Confira a programa\u00e7\u00e3o do Dia Internacional da Mulher no hotsite do Governo de SP<\/a> apareceu primeiro em <a rel=\"nofollow\" href=\"https:\/\/www.saopaulo.sp.gov.br\">Governo do Estado de S\u00e3o Paulo<\/a>.<\/p>&nbsp;&nbsp;\n","protected":false},"excerpt":{"rendered":"<p>Atualizado &#8211; O Dia Internacional da Mulher \u00e9 celebrado nesta quarta-feira (8) e o Governo&#8230;<\/p>\n","protected":false},"author":1,"featured_media":0,"comment_status":"closed","ping_status":"closed","sticky":false,"template":"","format":"standard","meta":{"fifu_image_url":"","fifu_image_alt":"","footnotes":""},"categories":[7488,7744,727,760],"tags":[5624,7760,7779,3340,734,8163,219,3293,1619,7814,7755,7938,7780,7816,7823,1191,460,7758],"class_list":["post-61844","post","type-post","status-publish","format-standard","hentry","category-destaques","category-imprensa","category-noticias","category-servicos","tag-acao-social","tag-ultimas-noticias","tag-centro-paula-souza","tag-desenvolvimento","tag-economia","tag-fussp","tag-gestao","tag-inclusao","tag-saude","tag-secretaria-da-saude","tag-secretaria-da-seguranca-publica","tag-secretaria-de-ciencia-tecnologia-e-inovacao","tag-secretaria-de-desenvolvimento-economico","tag-secretaria-de-desenvolvimento-social","tag-secretaria-de-politicas-para-a-mulher","tag-seguranca","tag-servicos","tag-sp-noticias","wpcat-7488-id","wpcat-7744-id","wpcat-727-id","wpcat-760-id"],"_links":{"self":[{"href":"https:\/\/verde-amarelo.net\/verdeamarelo\/wp-json\/wp\/v2\/posts\/61844","targetHints":{"allow":["GET"]}}],"collection":[{"href":"https:\/\/verde-amarelo.net\/verdeamarelo\/wp-json\/wp\/v2\/posts"}],"about":[{"href":"https:\/\/verde-amarelo.net\/verdeamarelo\/wp-json\/wp\/v2\/types\/post"}],"author":[{"embeddable":true,"href":"https:\/\/verde-amarelo.net\/verdeamarelo\/wp-json\/wp\/v2\/users\/1"}],"replies":[{"embeddable":true,"href":"https:\/\/verde-amarelo.net\/verdeamarelo\/wp-json\/wp\/v2\/comments?post=61844"}],"version-history":[{"count":0,"href":"https:\/\/verde-amarelo.net\/verdeamarelo\/wp-json\/wp\/v2\/posts\/61844\/revisions"}],"wp:attachment":[{"href":"https:\/\/verde-amarelo.net\/verdeamarelo\/wp-json\/wp\/v2\/media?parent=61844"}],"wp:term":[{"taxonomy":"category","embeddable":true,"href":"https:\/\/verde-amarelo.net\/verdeamarelo\/wp-json\/wp\/v2\/categories?post=61844"},{"taxonomy":"post_tag","embeddable":true,"href":"https:\/\/verde-amarelo.net\/verdeamarelo\/wp-json\/wp\/v2\/tags?post=61844"}],"curies":[{"name":"wp","href":"https:\/\/api.w.org\/{rel}","templated":true}]}}