{"id":61955,"date":"2023-03-09T21:10:52","date_gmt":"2023-03-10T00:10:52","guid":{"rendered":"https:\/\/www.highspeedbrazil.com.br\/?p=39564"},"modified":"2024-01-12T15:42:33","modified_gmt":"2024-01-12T18:42:33","slug":"kiko-porto-conquista-mais-um-podio-em-st-pete-e-fecha-abertura-da-temporada-na-vice-lideranca-da-usf-pro-2000","status":"publish","type":"post","link":"https:\/\/verde-amarelo.net\/verdeamarelo\/2023\/03\/kiko-porto-conquista-mais-um-podio-em-st-pete-e-fecha-abertura-da-temporada-na-vice-lideranca-da-usf-pro-2000\/","title":{"rendered":"Kiko Porto conquista mais um p\u00f3dio em St. Pete e fecha abertura da temporada na vice-lideran\u00e7a da USF Pro 2000"},"content":{"rendered":"<p><em>Piloto da DEForce Racing foi o segundo colocado nas duas provas deste final de semana no circuito de rua da Fl\u00f3rida<\/em><\/p>\n<p><a href=\"https:\/\/i1.wp.com\/www.highspeedbrazil.com.br\/wp-content\/uploads\/2023\/03\/419236_1049687_23stpgb_11255s_web_.jpg?ssl=1\"><img src=\"data:image\/gif;base64,R0lGODlhAQABAIAAAAAAAP\/\/\/ywAAAAAAQABAAACAUwAOw==\" fifu-lazy=\"1\" fifu-data-sizes=\"auto\" fifu-data-srcset=\"https:\/\/i2.wp.com\/verde-amarelo.net\/verdeamarelo\/wp-content\/uploads\/2023\/03\/kiko-porto-conquista-mais-um-podio-em-st-pete-e-fecha-abertura-da-temporada-na-vice-lideranca-da-usf-pro-2000.webp?ssl=1&w=75&resize=75&ssl=1 75w, https:\/\/i2.wp.com\/verde-amarelo.net\/verdeamarelo\/wp-content\/uploads\/2023\/03\/kiko-porto-conquista-mais-um-podio-em-st-pete-e-fecha-abertura-da-temporada-na-vice-lideranca-da-usf-pro-2000.webp?ssl=1&w=100&resize=100&ssl=1 100w, https:\/\/i2.wp.com\/verde-amarelo.net\/verdeamarelo\/wp-content\/uploads\/2023\/03\/kiko-porto-conquista-mais-um-podio-em-st-pete-e-fecha-abertura-da-temporada-na-vice-lideranca-da-usf-pro-2000.webp?ssl=1&w=150&resize=150&ssl=1 150w, https:\/\/i2.wp.com\/verde-amarelo.net\/verdeamarelo\/wp-content\/uploads\/2023\/03\/kiko-porto-conquista-mais-um-podio-em-st-pete-e-fecha-abertura-da-temporada-na-vice-lideranca-da-usf-pro-2000.webp?ssl=1&w=240&resize=240&ssl=1 240w, https:\/\/i2.wp.com\/verde-amarelo.net\/verdeamarelo\/wp-content\/uploads\/2023\/03\/kiko-porto-conquista-mais-um-podio-em-st-pete-e-fecha-abertura-da-temporada-na-vice-lideranca-da-usf-pro-2000.webp?ssl=1&w=320&resize=320&ssl=1 320w, https:\/\/i2.wp.com\/verde-amarelo.net\/verdeamarelo\/wp-content\/uploads\/2023\/03\/kiko-porto-conquista-mais-um-podio-em-st-pete-e-fecha-abertura-da-temporada-na-vice-lideranca-da-usf-pro-2000.webp?ssl=1&w=500&resize=500&ssl=1 500w, https:\/\/i2.wp.com\/verde-amarelo.net\/verdeamarelo\/wp-content\/uploads\/2023\/03\/kiko-porto-conquista-mais-um-podio-em-st-pete-e-fecha-abertura-da-temporada-na-vice-lideranca-da-usf-pro-2000.webp?ssl=1&w=640&resize=640&ssl=1 640w, https:\/\/i2.wp.com\/verde-amarelo.net\/verdeamarelo\/wp-content\/uploads\/2023\/03\/kiko-porto-conquista-mais-um-podio-em-st-pete-e-fecha-abertura-da-temporada-na-vice-lideranca-da-usf-pro-2000.webp?ssl=1&w=800&resize=800&ssl=1 800w, https:\/\/i2.wp.com\/verde-amarelo.net\/verdeamarelo\/wp-content\/uploads\/2023\/03\/kiko-porto-conquista-mais-um-podio-em-st-pete-e-fecha-abertura-da-temporada-na-vice-lideranca-da-usf-pro-2000.webp?ssl=1&w=1024&resize=1024&ssl=1 1024w, https:\/\/i2.wp.com\/verde-amarelo.net\/verdeamarelo\/wp-content\/uploads\/2023\/03\/kiko-porto-conquista-mais-um-podio-em-st-pete-e-fecha-abertura-da-temporada-na-vice-lideranca-da-usf-pro-2000.webp?ssl=1&w=1280&resize=1280&ssl=1 1280w, https:\/\/i2.wp.com\/verde-amarelo.net\/verdeamarelo\/wp-content\/uploads\/2023\/03\/kiko-porto-conquista-mais-um-podio-em-st-pete-e-fecha-abertura-da-temporada-na-vice-lideranca-da-usf-pro-2000.webp?ssl=1&w=1600&resize=1600&ssl=1 1600w\" decoding=\"async\" loading=\"lazy\" data-attachment-id=\"39565\" data-permalink=\"https:\/\/www.highspeedbrazil.com.br\/kiko-porto-conquista-mais-um-podio-em-st-pete-e-fecha-abertura-da-temporada-na-vice-lideranca-da-usf-pro-2000\/419236_1049687_23stpgb_11255s_web_\/\" data-orig-file=\"https:\/\/i1.wp.com\/www.highspeedbrazil.com.br\/wp-content\/uploads\/2023\/03\/419236_1049687_23stpgb_11255s_web_.jpg?fit=600%2C400&ssl=1\" data-orig-size=\"600,400\" data-comments-opened=\"1\" data-image-meta=\"{\"aperture\":\"0\",\"credit\":\"\",\"camera\":\"\",\"caption\":\"\",\"created_timestamp\":\"0\",\"copyright\":\"\",\"focal_length\":\"0\",\"iso\":\"0\",\"shutter_speed\":\"0\",\"title\":\"\",\"orientation\":\"0\"}\" data-image-title=\"419236_1049687_23stpgb_11255s_web_\" data-image-description data-medium-file=\"https:\/\/i1.wp.com\/www.highspeedbrazil.com.br\/wp-content\/uploads\/2023\/03\/419236_1049687_23stpgb_11255s_web_.jpg?fit=300%2C200&ssl=1\" data-large-file=\"https:\/\/i1.wp.com\/www.highspeedbrazil.com.br\/wp-content\/uploads\/2023\/03\/419236_1049687_23stpgb_11255s_web_.jpg?fit=600%2C400&ssl=1\" class=\" wp-image-39565 alignleft jetpack-lazy-image\" fifu-data-src=\"https:\/\/i2.wp.com\/verde-amarelo.net\/verdeamarelo\/wp-content\/uploads\/2023\/03\/kiko-porto-conquista-mais-um-podio-em-st-pete-e-fecha-abertura-da-temporada-na-vice-lideranca-da-usf-pro-2000.webp?ssl=1\" alt width=\"281\" height=\"187\" data-recalc-dims=\"1\" data-lazy-srcset=\"https:\/\/verde-amarelo.net\/verdeamarelo\/wp-content\/uploads\/2023\/03\/kiko-porto-conquista-mais-um-podio-em-st-pete-e-fecha-abertura-da-temporada-na-vice-lideranca-da-usf-pro-2000-1.jpg 600w, https:\/\/verde-amarelo.net\/verdeamarelo\/wp-content\/uploads\/2023\/03\/kiko-porto-conquista-mais-um-podio-em-st-pete-e-fecha-abertura-da-temporada-na-vice-lideranca-da-usf-pro-2000-2.jpg 300w\" data-lazy-sizes=\"(max-width: 281px) 100vw, 281px\" srcset=\"data:image\/gif;base64,R0lGODlhAQABAIAAAAAAAP\/\/\/yH5BAEAAAAALAAAAAABAAEAAAIBRAA7\"><\/a><\/p>\n<p><noscript><img src=\"data:image\/gif;base64,R0lGODlhAQABAIAAAAAAAP\/\/\/ywAAAAAAQABAAACAUwAOw==\" fifu-lazy=\"1\" fifu-data-sizes=\"auto\" fifu-data-srcset=\"https:\/\/i2.wp.com\/verde-amarelo.net\/verdeamarelo\/wp-content\/uploads\/2023\/03\/kiko-porto-conquista-mais-um-podio-em-st-pete-e-fecha-abertura-da-temporada-na-vice-lideranca-da-usf-pro-2000.webp?ssl=1&w=75&resize=75&ssl=1 75w, https:\/\/i2.wp.com\/verde-amarelo.net\/verdeamarelo\/wp-content\/uploads\/2023\/03\/kiko-porto-conquista-mais-um-podio-em-st-pete-e-fecha-abertura-da-temporada-na-vice-lideranca-da-usf-pro-2000.webp?ssl=1&w=100&resize=100&ssl=1 100w, https:\/\/i2.wp.com\/verde-amarelo.net\/verdeamarelo\/wp-content\/uploads\/2023\/03\/kiko-porto-conquista-mais-um-podio-em-st-pete-e-fecha-abertura-da-temporada-na-vice-lideranca-da-usf-pro-2000.webp?ssl=1&w=150&resize=150&ssl=1 150w, https:\/\/i2.wp.com\/verde-amarelo.net\/verdeamarelo\/wp-content\/uploads\/2023\/03\/kiko-porto-conquista-mais-um-podio-em-st-pete-e-fecha-abertura-da-temporada-na-vice-lideranca-da-usf-pro-2000.webp?ssl=1&w=240&resize=240&ssl=1 240w, https:\/\/i2.wp.com\/verde-amarelo.net\/verdeamarelo\/wp-content\/uploads\/2023\/03\/kiko-porto-conquista-mais-um-podio-em-st-pete-e-fecha-abertura-da-temporada-na-vice-lideranca-da-usf-pro-2000.webp?ssl=1&w=320&resize=320&ssl=1 320w, https:\/\/i2.wp.com\/verde-amarelo.net\/verdeamarelo\/wp-content\/uploads\/2023\/03\/kiko-porto-conquista-mais-um-podio-em-st-pete-e-fecha-abertura-da-temporada-na-vice-lideranca-da-usf-pro-2000.webp?ssl=1&w=500&resize=500&ssl=1 500w, https:\/\/i2.wp.com\/verde-amarelo.net\/verdeamarelo\/wp-content\/uploads\/2023\/03\/kiko-porto-conquista-mais-um-podio-em-st-pete-e-fecha-abertura-da-temporada-na-vice-lideranca-da-usf-pro-2000.webp?ssl=1&w=640&resize=640&ssl=1 640w, https:\/\/i2.wp.com\/verde-amarelo.net\/verdeamarelo\/wp-content\/uploads\/2023\/03\/kiko-porto-conquista-mais-um-podio-em-st-pete-e-fecha-abertura-da-temporada-na-vice-lideranca-da-usf-pro-2000.webp?ssl=1&w=800&resize=800&ssl=1 800w, https:\/\/i2.wp.com\/verde-amarelo.net\/verdeamarelo\/wp-content\/uploads\/2023\/03\/kiko-porto-conquista-mais-um-podio-em-st-pete-e-fecha-abertura-da-temporada-na-vice-lideranca-da-usf-pro-2000.webp?ssl=1&w=1024&resize=1024&ssl=1 1024w, https:\/\/i2.wp.com\/verde-amarelo.net\/verdeamarelo\/wp-content\/uploads\/2023\/03\/kiko-porto-conquista-mais-um-podio-em-st-pete-e-fecha-abertura-da-temporada-na-vice-lideranca-da-usf-pro-2000.webp?ssl=1&w=1280&resize=1280&ssl=1 1280w, https:\/\/i2.wp.com\/verde-amarelo.net\/verdeamarelo\/wp-content\/uploads\/2023\/03\/kiko-porto-conquista-mais-um-podio-em-st-pete-e-fecha-abertura-da-temporada-na-vice-lideranca-da-usf-pro-2000.webp?ssl=1&w=1600&resize=1600&ssl=1 1600w\" decoding=\"async\" loading=\"lazy\" data-attachment-id=\"39565\" data-permalink=\"https:\/\/www.highspeedbrazil.com.br\/kiko-porto-conquista-mais-um-podio-em-st-pete-e-fecha-abertura-da-temporada-na-vice-lideranca-da-usf-pro-2000\/419236_1049687_23stpgb_11255s_web_\/\" data-orig-file=\"https:\/\/i1.wp.com\/www.highspeedbrazil.com.br\/wp-content\/uploads\/2023\/03\/419236_1049687_23stpgb_11255s_web_.jpg?fit=600%2C400&ssl=1\" data-orig-size=\"600,400\" data-comments-opened=\"1\" data-image-meta=\"{\"aperture\":\"0\",\"credit\":\"\",\"camera\":\"\",\"caption\":\"\",\"created_timestamp\":\"0\",\"copyright\":\"\",\"focal_length\":\"0\",\"iso\":\"0\",\"shutter_speed\":\"0\",\"title\":\"\",\"orientation\":\"0\"}\" data-image-title=\"419236_1049687_23stpgb_11255s_web_\" data-image-description data-medium-file=\"https:\/\/i1.wp.com\/www.highspeedbrazil.com.br\/wp-content\/uploads\/2023\/03\/419236_1049687_23stpgb_11255s_web_.jpg?fit=300%2C200&ssl=1\" data-large-file=\"https:\/\/i1.wp.com\/www.highspeedbrazil.com.br\/wp-content\/uploads\/2023\/03\/419236_1049687_23stpgb_11255s_web_.jpg?fit=600%2C400&ssl=1\" class=\" wp-image-39565 alignleft\" fifu-data-src=\"https:\/\/i2.wp.com\/verde-amarelo.net\/verdeamarelo\/wp-content\/uploads\/2023\/03\/kiko-porto-conquista-mais-um-podio-em-st-pete-e-fecha-abertura-da-temporada-na-vice-lideranca-da-usf-pro-2000.webp?ssl=1\" alt width=\"281\" height=\"187\" srcset=\"https:\/\/verde-amarelo.net\/verdeamarelo\/wp-content\/uploads\/2023\/03\/kiko-porto-conquista-mais-um-podio-em-st-pete-e-fecha-abertura-da-temporada-na-vice-lideranca-da-usf-pro-2000-1.jpg 600w, https:\/\/verde-amarelo.net\/verdeamarelo\/wp-content\/uploads\/2023\/03\/kiko-porto-conquista-mais-um-podio-em-st-pete-e-fecha-abertura-da-temporada-na-vice-lideranca-da-usf-pro-2000-2.jpg 300w\" sizes=\"auto, (max-width: 281px) 100vw, 281px\" data-recalc-dims=\"1\"><\/noscript>O brasileiro Kiko Porto conseguiu dois p\u00f3dios na etapa de abertura da temporada da USF Pro 2000, nos Estados Unidos. Acelerando o carro da DEForce Racing, Kiko foi o segundo colocado na corrida deste s\u00e1bado e repetiu o resultado neste domingo em S\u00e3o Petersburgo, na Fl\u00f3rida. Com este bom in\u00edcio em 2023, Kiko chegou aos 50 pontos na tabela e \u00e9 o atual vice-l\u00edder da categoria, somente tr\u00eas pontos do primeiro colocado.<\/p>&nbsp;&nbsp;\n<p>\u201cO saldo do final de semana foi bastante positivo e fico feliz por mais esse p\u00f3dio. N\u00f3s gostar\u00edamos de ter vencido, mas o campeonato \u00e9 bem longo e ser\u00e1 preciso ser constante para disputarmos o t\u00edtulo. Tenho certeza que seremos competitivos o campeonato inteiro e teremos outras oportunidades de vencer. A equipe fez um bom trabalho e vamos com tudo para a pr\u00f3xima etapa\u201d, diz Kiko, que tem patroc\u00ednios do Banco Daycoval, Royal Mortgage USA e L\u00facio Santana.<\/p>&nbsp;&nbsp;\n<p>Kiko chegou a liderar boa parte da corrida deste domingo nas ruas de St. Pete. O piloto pernambucano assumiu o primeiro lugar ainda na largada e chegou a abrir uma vantagem consider\u00e1vel no in\u00edcio, mas a sequ\u00eancia de safety cars atrapalhou que ele pudesse abrir mais dos advers\u00e1rios. Myles Rowe tomou a ponta na 10\u00aa volta e depois manteve o primeiro lugar.<\/p>&nbsp;&nbsp;\n<p>A pr\u00f3xima etapa da USF Pro 2000 est\u00e1 prevista para os dias 25 e 26 de mar\u00e7o no circuito de Sebring, o mesmo que recebeu os testes de pr\u00e9-temporada da categoria.<\/p>&nbsp;&nbsp;\n<p>Foto:&nbsp;Gavin Baker \/RF1<\/p>\n<p>Por:&nbsp;Luiz Felipe Chaguri (Paulista Digital)<span class=\"u_N C_Z1VRqsb c1AVi73_6FsP c1AVi7H_6LEV\">&nbsp;<\/span><\/p>\n<div class=\"sharedaddy sd-sharing-enabled\">\n<div class=\"robots-nocontent sd-block sd-social sd-social-icon sd-sharing\">\n<h3 class=\"sd-title\">Compartilhe isso:<\/h3>\n<\/div>\n<\/div>\n<p> Cr\u00e9ditos: High Speed Brazil<\/p>\n","protected":false},"excerpt":{"rendered":"<p>Piloto da DEForce Racing foi o segundo colocado nas duas provas deste final de semana&#8230;<\/p>\n","protected":false},"author":1,"featured_media":61956,"comment_status":"closed","ping_status":"closed","sticky":false,"template":"","format":"standard","meta":{"fifu_image_url":"","fifu_image_alt":"","footnotes":""},"categories":[8428,7492,727,8425],"tags":[7738,6029,2206,1874,4437,160,1817,297,1471,8545,772,3897,1984,3657,1096,5622,6253,2655,6104,1558,2373,1796,7638,2101,152,1744,6948,8426],"class_list":["post-61955","post","type-post","status-publish","format-standard","has-post-thumbnail","hentry","category-automobilismo","category-esportes","category-noticias","category-verde-amarelo","tag-7738","tag-automobilismo","tag-banco","tag-bem","tag-brasileiro","tag-campeonato","tag-carro","tag-categoria","tag-corrida","tag-creditos","tag-digital","tag-e","tag-equipe","tag-esportes","tag-estados-unidos","tag-fico","tag-kiko-porto","tag-lider","tag-outras","tag-pontos","tag-positivo","tag-resultado","tag-titulo","tag-temporada","tag-trabalho","tag-usa","tag-vamos","tag-verde-amarelo","wpcat-8428-id","wpcat-7492-id","wpcat-727-id","wpcat-8425-id"],"_links":{"self":[{"href":"https:\/\/verde-amarelo.net\/verdeamarelo\/wp-json\/wp\/v2\/posts\/61955","targetHints":{"allow":["GET"]}}],"collection":[{"href":"https:\/\/verde-amarelo.net\/verdeamarelo\/wp-json\/wp\/v2\/posts"}],"about":[{"href":"https:\/\/verde-amarelo.net\/verdeamarelo\/wp-json\/wp\/v2\/types\/post"}],"author":[{"embeddable":true,"href":"https:\/\/verde-amarelo.net\/verdeamarelo\/wp-json\/wp\/v2\/users\/1"}],"replies":[{"embeddable":true,"href":"https:\/\/verde-amarelo.net\/verdeamarelo\/wp-json\/wp\/v2\/comments?post=61955"}],"version-history":[{"count":0,"href":"https:\/\/verde-amarelo.net\/verdeamarelo\/wp-json\/wp\/v2\/posts\/61955\/revisions"}],"wp:featuredmedia":[{"embeddable":true,"href":"https:\/\/verde-amarelo.net\/verdeamarelo\/wp-json\/wp\/v2\/media\/61956"}],"wp:attachment":[{"href":"https:\/\/verde-amarelo.net\/verdeamarelo\/wp-json\/wp\/v2\/media?parent=61955"}],"wp:term":[{"taxonomy":"category","embeddable":true,"href":"https:\/\/verde-amarelo.net\/verdeamarelo\/wp-json\/wp\/v2\/categories?post=61955"},{"taxonomy":"post_tag","embeddable":true,"href":"https:\/\/verde-amarelo.net\/verdeamarelo\/wp-json\/wp\/v2\/tags?post=61955"}],"curies":[{"name":"wp","href":"https:\/\/api.w.org\/{rel}","templated":true}]}}