{"id":61959,"date":"2023-03-09T21:05:35","date_gmt":"2023-03-10T00:05:35","guid":{"rendered":"https:\/\/www.highspeedbrazil.com.br\/?p=39558"},"modified":"2024-01-12T15:43:18","modified_gmt":"2024-01-12T18:43:18","slug":"theo-salomao-fez-24-ultrapassagens-e-foi-um-dos-principais-destaques-da-2a-etapa-da-copa-sao-paulo-light-de-kart","status":"publish","type":"post","link":"https:\/\/verde-amarelo.net\/verdeamarelo\/2023\/03\/theo-salomao-fez-24-ultrapassagens-e-foi-um-dos-principais-destaques-da-2a-etapa-da-copa-sao-paulo-light-de-kart\/","title":{"rendered":"Theo Salom\u00e3o fez 24 ultrapassagens e foi um dos principais destaques da 2\u00aa etapa da Copa S\u00e3o Paulo Light de Kart"},"content":{"rendered":"<p><em>Bicampe\u00e3o brasileiro e da Copa Brasil, goiano largou em 30\u00ba e terminou em 6\u00ba na segunda bateria em Interlagos<\/em><\/p>\n<p><a href=\"https:\/\/i2.wp.com\/www.highspeedbrazil.com.br\/wp-content\/uploads\/2023\/03\/419319_1049892_theo_salomAGBPo_web_.jpg?ssl=1\"><img src=\"data:image\/gif;base64,R0lGODlhAQABAIAAAAAAAP\/\/\/ywAAAAAAQABAAACAUwAOw==\" fifu-lazy=\"1\" fifu-data-sizes=\"auto\" fifu-data-srcset=\"https:\/\/i1.wp.com\/verde-amarelo.net\/verdeamarelo\/wp-content\/uploads\/2023\/03\/theo-salomao-fez-24-ultrapassagens-e-foi-um-dos-principais-destaques-da-2a-etapa-da-copa-sao-paulo-light-de-kart.webp?ssl=1&w=75&resize=75&ssl=1 75w, https:\/\/i1.wp.com\/verde-amarelo.net\/verdeamarelo\/wp-content\/uploads\/2023\/03\/theo-salomao-fez-24-ultrapassagens-e-foi-um-dos-principais-destaques-da-2a-etapa-da-copa-sao-paulo-light-de-kart.webp?ssl=1&w=100&resize=100&ssl=1 100w, https:\/\/i1.wp.com\/verde-amarelo.net\/verdeamarelo\/wp-content\/uploads\/2023\/03\/theo-salomao-fez-24-ultrapassagens-e-foi-um-dos-principais-destaques-da-2a-etapa-da-copa-sao-paulo-light-de-kart.webp?ssl=1&w=150&resize=150&ssl=1 150w, https:\/\/i1.wp.com\/verde-amarelo.net\/verdeamarelo\/wp-content\/uploads\/2023\/03\/theo-salomao-fez-24-ultrapassagens-e-foi-um-dos-principais-destaques-da-2a-etapa-da-copa-sao-paulo-light-de-kart.webp?ssl=1&w=240&resize=240&ssl=1 240w, https:\/\/i1.wp.com\/verde-amarelo.net\/verdeamarelo\/wp-content\/uploads\/2023\/03\/theo-salomao-fez-24-ultrapassagens-e-foi-um-dos-principais-destaques-da-2a-etapa-da-copa-sao-paulo-light-de-kart.webp?ssl=1&w=320&resize=320&ssl=1 320w, https:\/\/i1.wp.com\/verde-amarelo.net\/verdeamarelo\/wp-content\/uploads\/2023\/03\/theo-salomao-fez-24-ultrapassagens-e-foi-um-dos-principais-destaques-da-2a-etapa-da-copa-sao-paulo-light-de-kart.webp?ssl=1&w=500&resize=500&ssl=1 500w, https:\/\/i1.wp.com\/verde-amarelo.net\/verdeamarelo\/wp-content\/uploads\/2023\/03\/theo-salomao-fez-24-ultrapassagens-e-foi-um-dos-principais-destaques-da-2a-etapa-da-copa-sao-paulo-light-de-kart.webp?ssl=1&w=640&resize=640&ssl=1 640w, https:\/\/i1.wp.com\/verde-amarelo.net\/verdeamarelo\/wp-content\/uploads\/2023\/03\/theo-salomao-fez-24-ultrapassagens-e-foi-um-dos-principais-destaques-da-2a-etapa-da-copa-sao-paulo-light-de-kart.webp?ssl=1&w=800&resize=800&ssl=1 800w, https:\/\/i1.wp.com\/verde-amarelo.net\/verdeamarelo\/wp-content\/uploads\/2023\/03\/theo-salomao-fez-24-ultrapassagens-e-foi-um-dos-principais-destaques-da-2a-etapa-da-copa-sao-paulo-light-de-kart.webp?ssl=1&w=1024&resize=1024&ssl=1 1024w, https:\/\/i1.wp.com\/verde-amarelo.net\/verdeamarelo\/wp-content\/uploads\/2023\/03\/theo-salomao-fez-24-ultrapassagens-e-foi-um-dos-principais-destaques-da-2a-etapa-da-copa-sao-paulo-light-de-kart.webp?ssl=1&w=1280&resize=1280&ssl=1 1280w, https:\/\/i1.wp.com\/verde-amarelo.net\/verdeamarelo\/wp-content\/uploads\/2023\/03\/theo-salomao-fez-24-ultrapassagens-e-foi-um-dos-principais-destaques-da-2a-etapa-da-copa-sao-paulo-light-de-kart.webp?ssl=1&w=1600&resize=1600&ssl=1 1600w\" decoding=\"async\" loading=\"lazy\" data-attachment-id=\"39559\" data-permalink=\"https:\/\/www.highspeedbrazil.com.br\/theo-salomao-fez-24-ultrapassagens-e-foi-um-dos-principais-destaques-da-2a-etapa-da-copa-sao-paulo-light-de-kart\/419319_1049892_theo_salomagbpo_web_\/\" data-orig-file=\"https:\/\/i2.wp.com\/www.highspeedbrazil.com.br\/wp-content\/uploads\/2023\/03\/419319_1049892_theo_salomAGBPo_web_.jpg?fit=520%2C600&ssl=1\" data-orig-size=\"520,600\" data-comments-opened=\"1\" data-image-meta=\"{\"aperture\":\"0\",\"credit\":\"\",\"camera\":\"\",\"caption\":\"\",\"created_timestamp\":\"0\",\"copyright\":\"\",\"focal_length\":\"0\",\"iso\":\"0\",\"shutter_speed\":\"0\",\"title\":\"\",\"orientation\":\"0\"}\" data-image-title=\"419319_1049892_theo_salomAGBPo_web_\" data-image-description data-medium-file=\"https:\/\/i2.wp.com\/www.highspeedbrazil.com.br\/wp-content\/uploads\/2023\/03\/419319_1049892_theo_salomAGBPo_web_.jpg?fit=260%2C300&ssl=1\" data-large-file=\"https:\/\/i2.wp.com\/www.highspeedbrazil.com.br\/wp-content\/uploads\/2023\/03\/419319_1049892_theo_salomAGBPo_web_.jpg?fit=520%2C600&ssl=1\" class=\" wp-image-39559 alignleft jetpack-lazy-image\" fifu-data-src=\"https:\/\/i1.wp.com\/verde-amarelo.net\/verdeamarelo\/wp-content\/uploads\/2023\/03\/theo-salomao-fez-24-ultrapassagens-e-foi-um-dos-principais-destaques-da-2a-etapa-da-copa-sao-paulo-light-de-kart.webp?ssl=1\" alt width=\"236\" height=\"272\" data-recalc-dims=\"1\" data-lazy-srcset=\"https:\/\/verde-amarelo.net\/verdeamarelo\/wp-content\/uploads\/2023\/03\/theo-salomao-fez-24-ultrapassagens-e-foi-um-dos-principais-destaques-da-2a-etapa-da-copa-sao-paulo-light-de-kart-1.jpg 520w, https:\/\/verde-amarelo.net\/verdeamarelo\/wp-content\/uploads\/2023\/03\/theo-salomao-fez-24-ultrapassagens-e-foi-um-dos-principais-destaques-da-2a-etapa-da-copa-sao-paulo-light-de-kart-2.jpg 260w\" data-lazy-sizes=\"(max-width: 236px) 100vw, 236px\" srcset=\"data:image\/gif;base64,R0lGODlhAQABAIAAAAAAAP\/\/\/yH5BAEAAAAALAAAAAABAAEAAAIBRAA7\"><\/a><\/p>\n<p><noscript><img src=\"data:image\/gif;base64,R0lGODlhAQABAIAAAAAAAP\/\/\/ywAAAAAAQABAAACAUwAOw==\" fifu-lazy=\"1\" fifu-data-sizes=\"auto\" fifu-data-srcset=\"https:\/\/i1.wp.com\/verde-amarelo.net\/verdeamarelo\/wp-content\/uploads\/2023\/03\/theo-salomao-fez-24-ultrapassagens-e-foi-um-dos-principais-destaques-da-2a-etapa-da-copa-sao-paulo-light-de-kart.webp?ssl=1&w=75&resize=75&ssl=1 75w, https:\/\/i1.wp.com\/verde-amarelo.net\/verdeamarelo\/wp-content\/uploads\/2023\/03\/theo-salomao-fez-24-ultrapassagens-e-foi-um-dos-principais-destaques-da-2a-etapa-da-copa-sao-paulo-light-de-kart.webp?ssl=1&w=100&resize=100&ssl=1 100w, https:\/\/i1.wp.com\/verde-amarelo.net\/verdeamarelo\/wp-content\/uploads\/2023\/03\/theo-salomao-fez-24-ultrapassagens-e-foi-um-dos-principais-destaques-da-2a-etapa-da-copa-sao-paulo-light-de-kart.webp?ssl=1&w=150&resize=150&ssl=1 150w, https:\/\/i1.wp.com\/verde-amarelo.net\/verdeamarelo\/wp-content\/uploads\/2023\/03\/theo-salomao-fez-24-ultrapassagens-e-foi-um-dos-principais-destaques-da-2a-etapa-da-copa-sao-paulo-light-de-kart.webp?ssl=1&w=240&resize=240&ssl=1 240w, https:\/\/i1.wp.com\/verde-amarelo.net\/verdeamarelo\/wp-content\/uploads\/2023\/03\/theo-salomao-fez-24-ultrapassagens-e-foi-um-dos-principais-destaques-da-2a-etapa-da-copa-sao-paulo-light-de-kart.webp?ssl=1&w=320&resize=320&ssl=1 320w, https:\/\/i1.wp.com\/verde-amarelo.net\/verdeamarelo\/wp-content\/uploads\/2023\/03\/theo-salomao-fez-24-ultrapassagens-e-foi-um-dos-principais-destaques-da-2a-etapa-da-copa-sao-paulo-light-de-kart.webp?ssl=1&w=500&resize=500&ssl=1 500w, https:\/\/i1.wp.com\/verde-amarelo.net\/verdeamarelo\/wp-content\/uploads\/2023\/03\/theo-salomao-fez-24-ultrapassagens-e-foi-um-dos-principais-destaques-da-2a-etapa-da-copa-sao-paulo-light-de-kart.webp?ssl=1&w=640&resize=640&ssl=1 640w, https:\/\/i1.wp.com\/verde-amarelo.net\/verdeamarelo\/wp-content\/uploads\/2023\/03\/theo-salomao-fez-24-ultrapassagens-e-foi-um-dos-principais-destaques-da-2a-etapa-da-copa-sao-paulo-light-de-kart.webp?ssl=1&w=800&resize=800&ssl=1 800w, https:\/\/i1.wp.com\/verde-amarelo.net\/verdeamarelo\/wp-content\/uploads\/2023\/03\/theo-salomao-fez-24-ultrapassagens-e-foi-um-dos-principais-destaques-da-2a-etapa-da-copa-sao-paulo-light-de-kart.webp?ssl=1&w=1024&resize=1024&ssl=1 1024w, https:\/\/i1.wp.com\/verde-amarelo.net\/verdeamarelo\/wp-content\/uploads\/2023\/03\/theo-salomao-fez-24-ultrapassagens-e-foi-um-dos-principais-destaques-da-2a-etapa-da-copa-sao-paulo-light-de-kart.webp?ssl=1&w=1280&resize=1280&ssl=1 1280w, https:\/\/i1.wp.com\/verde-amarelo.net\/verdeamarelo\/wp-content\/uploads\/2023\/03\/theo-salomao-fez-24-ultrapassagens-e-foi-um-dos-principais-destaques-da-2a-etapa-da-copa-sao-paulo-light-de-kart.webp?ssl=1&w=1600&resize=1600&ssl=1 1600w\" decoding=\"async\" loading=\"lazy\" data-attachment-id=\"39559\" data-permalink=\"https:\/\/www.highspeedbrazil.com.br\/theo-salomao-fez-24-ultrapassagens-e-foi-um-dos-principais-destaques-da-2a-etapa-da-copa-sao-paulo-light-de-kart\/419319_1049892_theo_salomagbpo_web_\/\" data-orig-file=\"https:\/\/i2.wp.com\/www.highspeedbrazil.com.br\/wp-content\/uploads\/2023\/03\/419319_1049892_theo_salomAGBPo_web_.jpg?fit=520%2C600&ssl=1\" data-orig-size=\"520,600\" data-comments-opened=\"1\" data-image-meta=\"{\"aperture\":\"0\",\"credit\":\"\",\"camera\":\"\",\"caption\":\"\",\"created_timestamp\":\"0\",\"copyright\":\"\",\"focal_length\":\"0\",\"iso\":\"0\",\"shutter_speed\":\"0\",\"title\":\"\",\"orientation\":\"0\"}\" data-image-title=\"419319_1049892_theo_salomAGBPo_web_\" data-image-description data-medium-file=\"https:\/\/i2.wp.com\/www.highspeedbrazil.com.br\/wp-content\/uploads\/2023\/03\/419319_1049892_theo_salomAGBPo_web_.jpg?fit=260%2C300&ssl=1\" data-large-file=\"https:\/\/i2.wp.com\/www.highspeedbrazil.com.br\/wp-content\/uploads\/2023\/03\/419319_1049892_theo_salomAGBPo_web_.jpg?fit=520%2C600&ssl=1\" class=\" wp-image-39559 alignleft\" fifu-data-src=\"https:\/\/i1.wp.com\/verde-amarelo.net\/verdeamarelo\/wp-content\/uploads\/2023\/03\/theo-salomao-fez-24-ultrapassagens-e-foi-um-dos-principais-destaques-da-2a-etapa-da-copa-sao-paulo-light-de-kart.webp?ssl=1\" alt width=\"236\" height=\"272\" srcset=\"https:\/\/verde-amarelo.net\/verdeamarelo\/wp-content\/uploads\/2023\/03\/theo-salomao-fez-24-ultrapassagens-e-foi-um-dos-principais-destaques-da-2a-etapa-da-copa-sao-paulo-light-de-kart-1.jpg 520w, https:\/\/verde-amarelo.net\/verdeamarelo\/wp-content\/uploads\/2023\/03\/theo-salomao-fez-24-ultrapassagens-e-foi-um-dos-principais-destaques-da-2a-etapa-da-copa-sao-paulo-light-de-kart-2.jpg 260w\" sizes=\"auto, (max-width: 236px) 100vw, 236px\" data-recalc-dims=\"1\"><\/noscript>Com uma linda recupera\u00e7\u00e3o na segunda bateria, o goiano Theo Salom\u00e3o (AJEL Materiais El\u00e9tricos) foi um dos destaques da 2\u00aa etapa da Copa S\u00e3o Paulo Light de Kart, disputada no \u00faltimo s\u00e1bado (4) no Kart\u00f3dromo de Interlagos, na capital paulista.<\/p>&nbsp;&nbsp;\n<p>Bicampe\u00e3o brasileiro e bicampe\u00e3o da Copa Brasil, o piloto da equipe Russo Racing fez bons treinos ao longo da semana, posicionando-se sempre os primeiros colocados em sua nova categoria, a J\u00fanior. Quarto colocado na tomada de tempos, Salom\u00e3o fez boa largada e \u201cpulou\u201d para terceiro, mas logo na segunda curva acabou envolvido em um incidente que provocou seu abandono precoce.<\/p>&nbsp;&nbsp;\n<p>Obrigado a largar na 30\u00aa posi\u00e7\u00e3o na segunda bateria, Theo Salom\u00e3o (AJEL Materiais El\u00e9tricos) deu um show de ultrapassagens e, depois de superar 24 concorrentes, recebeu a bandeirada em sexto.&nbsp;<em>\u201cSa\u00ed de Interlagos com a sensa\u00e7\u00e3o de dever cumprido, pois mostrei que \u00e9ramos r\u00e1pidos e que certamente poder\u00edamos ter brigado pelas primeiras posi\u00e7\u00f5es na primeira bateria e tamb\u00e9m na etapa\u201d,<\/em>&nbsp;disse Theo Salom\u00e3o<em>. \u201cQuero agradecer \u00e0 Deus, minha fam\u00edlia, minhas equipes Russo Racing nas competi\u00e7\u00f5es nacionais e em S\u00e3o Paulo e Academia de Pilotos em Goi\u00e2nia, meu preparador de motor Mittag e ao meu telemetrista Caio Miguel\u201d<\/em>, completou.<\/p>&nbsp;&nbsp;\n<p>Renato Russo, dono de in\u00fameros t\u00edtulos nacionais e um dos maiores vencedores da hist\u00f3ria do kartismo brasileiro, elogiou seu piloto.&nbsp;<em>\u201cO Theo guiou acima da m\u00e9dia, foi muito gratificante ver sua corrida de recupera\u00e7\u00e3o. Parab\u00e9ns pelo seu desempenho e por sua dedica\u00e7\u00e3o\u201d,&nbsp;<\/em>declarou o chefe de equipe.<\/p>&nbsp;&nbsp;\n<p>Foto:&nbsp;Bruno Gorski<\/p>\n<p><strong>Por: KG COM Assessoria de Comunica\u00e7\u00e3o \u2013 Erno Drehmer<\/strong><\/p>\n<div class=\"sharedaddy sd-sharing-enabled\">\n<div class=\"robots-nocontent sd-block sd-social sd-social-icon sd-sharing\">\n<h3 class=\"sd-title\">Compartilhe isso:<\/h3>\n<\/div>\n<\/div>\n<p> Cr\u00e9ditos: High Speed Brazil<\/p>\n","protected":false},"excerpt":{"rendered":"<p>Bicampe\u00e3o brasileiro e da Copa Brasil, goiano largou em 30\u00ba e terminou em 6\u00ba na&#8230;<\/p>\n","protected":false},"author":1,"featured_media":61960,"comment_status":"closed","ping_status":"closed","sticky":false,"template":"","format":"standard","meta":{"fifu_image_url":"","fifu_image_alt":"","footnotes":""},"categories":[8428,7492,727,8425],"tags":[686,6029,735,4437,2575,2841,297,1683,7591,7655,6419,6067,6221,1471,8545,50,7954,3897,4021,1984,3657,6585,2677,6068,6064,6081,6640,6071,4268,6484,3555,1870,874,712,8426],"class_list":["post-61959","post","type-post","status-publish","format-standard","has-post-thumbnail","hentry","category-automobilismo","category-esportes","category-noticias","category-verde-amarelo","tag-assessoria","tag-automobilismo","tag-brasil","tag-brasileiro","tag-capital","tag-capital-paulista","tag-categoria","tag-comunicacao","tag-copa","tag-copa-brasil","tag-copa-sao-paulo","tag-copa-sao-paulo-light","tag-copa-sao-paulo-light-de-kart","tag-corrida","tag-creditos","tag-destaques","tag-deus","tag-e","tag-eletricos","tag-equipe","tag-esportes","tag-goiania","tag-historia","tag-interlagos","tag-kart","tag-kartodromo-de-interlagos","tag-kartismo","tag-kartismo-brasileiro","tag-logo","tag-motor","tag-nova","tag-recuperacao","tag-sao-paulo","tag-show","tag-verde-amarelo","wpcat-8428-id","wpcat-7492-id","wpcat-727-id","wpcat-8425-id"],"_links":{"self":[{"href":"https:\/\/verde-amarelo.net\/verdeamarelo\/wp-json\/wp\/v2\/posts\/61959","targetHints":{"allow":["GET"]}}],"collection":[{"href":"https:\/\/verde-amarelo.net\/verdeamarelo\/wp-json\/wp\/v2\/posts"}],"about":[{"href":"https:\/\/verde-amarelo.net\/verdeamarelo\/wp-json\/wp\/v2\/types\/post"}],"author":[{"embeddable":true,"href":"https:\/\/verde-amarelo.net\/verdeamarelo\/wp-json\/wp\/v2\/users\/1"}],"replies":[{"embeddable":true,"href":"https:\/\/verde-amarelo.net\/verdeamarelo\/wp-json\/wp\/v2\/comments?post=61959"}],"version-history":[{"count":0,"href":"https:\/\/verde-amarelo.net\/verdeamarelo\/wp-json\/wp\/v2\/posts\/61959\/revisions"}],"wp:featuredmedia":[{"embeddable":true,"href":"https:\/\/verde-amarelo.net\/verdeamarelo\/wp-json\/wp\/v2\/media\/61960"}],"wp:attachment":[{"href":"https:\/\/verde-amarelo.net\/verdeamarelo\/wp-json\/wp\/v2\/media?parent=61959"}],"wp:term":[{"taxonomy":"category","embeddable":true,"href":"https:\/\/verde-amarelo.net\/verdeamarelo\/wp-json\/wp\/v2\/categories?post=61959"},{"taxonomy":"post_tag","embeddable":true,"href":"https:\/\/verde-amarelo.net\/verdeamarelo\/wp-json\/wp\/v2\/tags?post=61959"}],"curies":[{"name":"wp","href":"https:\/\/api.w.org\/{rel}","templated":true}]}}