{"id":61991,"date":"2023-03-11T15:01:40","date_gmt":"2023-03-11T18:01:40","guid":{"rendered":"https:\/\/www.saopaulo.sp.gov.br\/?p=5648182"},"modified":"2023-03-11T15:01:40","modified_gmt":"2023-03-11T18:01:40","slug":"carretas-para-exames-de-mamografia-chegam-a-ilha-comprida-e-presidente-prudente","status":"publish","type":"post","link":"https:\/\/verde-amarelo.net\/verdeamarelo\/2023\/03\/carretas-para-exames-de-mamografia-chegam-a-ilha-comprida-e-presidente-prudente\/","title":{"rendered":"Carretas para exames de mamografia chegam a Ilha Comprida e Presidente Prudente"},"content":{"rendered":"<p>O Governo de S\u00e3o Paulo vai levar as carretas do programa Mulheres de Peito para duas regi\u00f5es em mar\u00e7o. Nas pr\u00f3ximas semanas, as carretas de mamografia v\u00e3o para Ilha Comprida (de 13 a 25 de mar\u00e7o) e Presidente Prudente (de 13 de mar\u00e7o a 8 de abril). Ser\u00e3o oferecidos exames de mama gratuitos \u00e0 popula\u00e7\u00e3o e sem burocracia.<\/p>&nbsp;&nbsp;\n<p>Neste s\u00e1bado (11), \u00faltimo dia da a\u00e7\u00e3o especial em homenagem ao Dia Internacional da Mulher (8 de mar\u00e7o), a primeira-dama Cristiane Freitas e a secret\u00e1ria de Pol\u00edticas para a Mulher, Sonaira Fernandes, acompanharam as a\u00e7\u00f5es do Mulheres de Peito no Memorial da Am\u00e9rica Latina. S\u00f3 nesta semana, 386 pessoas foram atendidas pelo Mulheres de Peito na capital e em Tabo\u00e3o da Serra.<\/p>&nbsp;&nbsp;\n<p>\u201cTivemos grande ades\u00e3o das mulheres nos atendimentos. Disponibilizar as carretas nos finais de semana d\u00e1 oportunidade \u00e0 mulher, que tem uma rotina intensa, de cuidar da sua sa\u00fade\u201d, avaliou a secret\u00e1ria Sonaira Fernandes, neste s\u00e1bado.<\/p>&nbsp;&nbsp;\n<p><strong>O programa<\/strong><\/p>\n<p>O Mulheres de Peito tem por objetivo incentivar mulheres a realizar o exame para diagn\u00f3stico e tratamento precoce do c\u00e2ncer de mama. As carretas oferecem exames de mamografias gratuitamente para mulheres de 50 a 69 anos sem necessidade de pedido m\u00e9dico ou agendamento. Para ter acesso ao servi\u00e7o, basta apresentar RG e cart\u00e3o SUS.<\/p>&nbsp;&nbsp;\n<p>As mulheres com idade entre 35 e 49 anos e acima de 70 anos tamb\u00e9m podem passar por consultas, desde que apresentem a solicita\u00e7\u00e3o m\u00e9dica do exame, RG e cart\u00e3o do SUS.<\/p>&nbsp;&nbsp;\n<p>Os exames s\u00e3o realizados de segunda a sexta-feira, das 9h \u00e0s 18h, e, aos s\u00e1bados, das 9h \u00e0s 13h, exceto feriados. As unidades m\u00f3veis podem atender at\u00e9 50 pessoas por dia e por ordem de chegada nos dias de semana. Aos s\u00e1bados, s\u00e3o 25 atendimentos, tamb\u00e9m por ordem de chegada.<\/p>&nbsp;&nbsp;\n<p><!-- Este texto tem o apoio do Sistema ECOMPARE de lojas virtuais <a rel=\"nofollow\" href=\"https:\/\/www.saopaulo.sp.gov.br\/spnoticias\/carretas-para-exames-de-mamografia-chegam-a-ilha-comprida-e-presidente-prudente\/\">Carretas para exames de mamografia chegam a Ilha Comprida e Presidente Prudente<\/a> apareceu primeiro em <a rel=\"nofollow\" href=\"https:\/\/www.saopaulo.sp.gov.br\">Governo do Estado de S\u00e3o Paulo<\/a>.<\/p>&nbsp;&nbsp;\n","protected":false},"excerpt":{"rendered":"<p>O Governo de S\u00e3o Paulo vai levar as carretas do programa Mulheres de Peito para&#8230;<\/p>\n","protected":false},"author":1,"featured_media":0,"comment_status":"closed","ping_status":"closed","sticky":false,"template":"","format":"standard","meta":{"fifu_image_url":"","fifu_image_alt":"","footnotes":""},"categories":[7488,7744,727,760],"tags":[7760,8454,8455,4552,8163,219,8456,8457,2923,1619,7814,7823,460,7758],"class_list":["post-61991","post","type-post","status-publish","format-standard","hentry","category-destaques","category-imprensa","category-noticias","category-servicos","tag-ultimas-noticias","tag-carreta","tag-cidades","tag-exame","tag-fussp","tag-gestao","tag-mamografia","tag-mulheres-de-peito","tag-programa","tag-saude","tag-secretaria-da-saude","tag-secretaria-de-politicas-para-a-mulher","tag-servicos","tag-sp-noticias","wpcat-7488-id","wpcat-7744-id","wpcat-727-id","wpcat-760-id"],"_links":{"self":[{"href":"https:\/\/verde-amarelo.net\/verdeamarelo\/wp-json\/wp\/v2\/posts\/61991","targetHints":{"allow":["GET"]}}],"collection":[{"href":"https:\/\/verde-amarelo.net\/verdeamarelo\/wp-json\/wp\/v2\/posts"}],"about":[{"href":"https:\/\/verde-amarelo.net\/verdeamarelo\/wp-json\/wp\/v2\/types\/post"}],"author":[{"embeddable":true,"href":"https:\/\/verde-amarelo.net\/verdeamarelo\/wp-json\/wp\/v2\/users\/1"}],"replies":[{"embeddable":true,"href":"https:\/\/verde-amarelo.net\/verdeamarelo\/wp-json\/wp\/v2\/comments?post=61991"}],"version-history":[{"count":0,"href":"https:\/\/verde-amarelo.net\/verdeamarelo\/wp-json\/wp\/v2\/posts\/61991\/revisions"}],"wp:attachment":[{"href":"https:\/\/verde-amarelo.net\/verdeamarelo\/wp-json\/wp\/v2\/media?parent=61991"}],"wp:term":[{"taxonomy":"category","embeddable":true,"href":"https:\/\/verde-amarelo.net\/verdeamarelo\/wp-json\/wp\/v2\/categories?post=61991"},{"taxonomy":"post_tag","embeddable":true,"href":"https:\/\/verde-amarelo.net\/verdeamarelo\/wp-json\/wp\/v2\/tags?post=61991"}],"curies":[{"name":"wp","href":"https:\/\/api.w.org\/{rel}","templated":true}]}}