{"id":62131,"date":"2023-03-16T11:26:51","date_gmt":"2023-03-16T14:26:51","guid":{"rendered":"https:\/\/www.highspeedbrazil.com.br\/?p=39624"},"modified":"2024-01-12T16:09:52","modified_gmt":"2024-01-12T19:09:52","slug":"carros-de-thiago-camilo-e-cesar-ramos-levarao-as-pistas-a-nova-identidade-visual-da-ipiranga","status":"publish","type":"post","link":"https:\/\/verde-amarelo.net\/verdeamarelo\/2023\/03\/carros-de-thiago-camilo-e-cesar-ramos-levarao-as-pistas-a-nova-identidade-visual-da-ipiranga\/","title":{"rendered":"Carros de Thiago Camilo e Cesar Ramos levar\u00e3o \u00e0s pistas a nova identidade visual da Ipiranga"},"content":{"rendered":"<p class=\"yiv0839129726MsoNormal\">A Ipiranga renovou sua identidade visual, promovendo a evolu\u00e7\u00e3o de sua marca, e os carros da Ipiranga Racing levar\u00e3o as novidades para os milh\u00f5es de brasileiros que acompanham a Stock Car, cuja temporada come\u00e7a no pr\u00f3ximo dia 2 em Goi\u00e2nia (GO).<\/p>&nbsp;&nbsp;\n<p class=\"yiv0839129726MsoNormal\"><a href=\"https:\/\/i1.wp.com\/www.highspeedbrazil.com.br\/wp-content\/uploads\/2023\/03\/carro-5-peq.jpg?ssl=1\"><img src=\"data:image\/gif;base64,R0lGODlhAQABAIAAAAAAAP\/\/\/ywAAAAAAQABAAACAUwAOw==\" fifu-lazy=\"1\" fifu-data-sizes=\"auto\" fifu-data-srcset=\"https:\/\/i0.wp.com\/verde-amarelo.net\/verdeamarelo\/wp-content\/uploads\/2023\/03\/carros-de-thiago-camilo-e-cesar-ramos-levarao-as-pistas-a-nova-identidade-visual-da-ipiranga.webp?ssl=1&w=75&resize=75&ssl=1 75w, https:\/\/i0.wp.com\/verde-amarelo.net\/verdeamarelo\/wp-content\/uploads\/2023\/03\/carros-de-thiago-camilo-e-cesar-ramos-levarao-as-pistas-a-nova-identidade-visual-da-ipiranga.webp?ssl=1&w=100&resize=100&ssl=1 100w, https:\/\/i0.wp.com\/verde-amarelo.net\/verdeamarelo\/wp-content\/uploads\/2023\/03\/carros-de-thiago-camilo-e-cesar-ramos-levarao-as-pistas-a-nova-identidade-visual-da-ipiranga.webp?ssl=1&w=150&resize=150&ssl=1 150w, https:\/\/i0.wp.com\/verde-amarelo.net\/verdeamarelo\/wp-content\/uploads\/2023\/03\/carros-de-thiago-camilo-e-cesar-ramos-levarao-as-pistas-a-nova-identidade-visual-da-ipiranga.webp?ssl=1&w=240&resize=240&ssl=1 240w, https:\/\/i0.wp.com\/verde-amarelo.net\/verdeamarelo\/wp-content\/uploads\/2023\/03\/carros-de-thiago-camilo-e-cesar-ramos-levarao-as-pistas-a-nova-identidade-visual-da-ipiranga.webp?ssl=1&w=320&resize=320&ssl=1 320w, https:\/\/i0.wp.com\/verde-amarelo.net\/verdeamarelo\/wp-content\/uploads\/2023\/03\/carros-de-thiago-camilo-e-cesar-ramos-levarao-as-pistas-a-nova-identidade-visual-da-ipiranga.webp?ssl=1&w=500&resize=500&ssl=1 500w, https:\/\/i0.wp.com\/verde-amarelo.net\/verdeamarelo\/wp-content\/uploads\/2023\/03\/carros-de-thiago-camilo-e-cesar-ramos-levarao-as-pistas-a-nova-identidade-visual-da-ipiranga.webp?ssl=1&w=640&resize=640&ssl=1 640w, https:\/\/i0.wp.com\/verde-amarelo.net\/verdeamarelo\/wp-content\/uploads\/2023\/03\/carros-de-thiago-camilo-e-cesar-ramos-levarao-as-pistas-a-nova-identidade-visual-da-ipiranga.webp?ssl=1&w=800&resize=800&ssl=1 800w, https:\/\/i0.wp.com\/verde-amarelo.net\/verdeamarelo\/wp-content\/uploads\/2023\/03\/carros-de-thiago-camilo-e-cesar-ramos-levarao-as-pistas-a-nova-identidade-visual-da-ipiranga.webp?ssl=1&w=1024&resize=1024&ssl=1 1024w, https:\/\/i0.wp.com\/verde-amarelo.net\/verdeamarelo\/wp-content\/uploads\/2023\/03\/carros-de-thiago-camilo-e-cesar-ramos-levarao-as-pistas-a-nova-identidade-visual-da-ipiranga.webp?ssl=1&w=1280&resize=1280&ssl=1 1280w, https:\/\/i0.wp.com\/verde-amarelo.net\/verdeamarelo\/wp-content\/uploads\/2023\/03\/carros-de-thiago-camilo-e-cesar-ramos-levarao-as-pistas-a-nova-identidade-visual-da-ipiranga.webp?ssl=1&w=1600&resize=1600&ssl=1 1600w\" decoding=\"async\" loading=\"lazy\" data-attachment-id=\"39625\" data-permalink=\"https:\/\/www.highspeedbrazil.com.br\/carros-de-thiago-camilo-e-cesar-ramos-levarao-as-pistas-a-nova-identidade-visual-da-ipiranga\/carro-5-peq\/\" data-orig-file=\"https:\/\/i1.wp.com\/www.highspeedbrazil.com.br\/wp-content\/uploads\/2023\/03\/carro-5-peq.jpg?fit=1800%2C1200&ssl=1\" data-orig-size=\"1800,1200\" data-comments-opened=\"1\" data-image-meta=\"{\"aperture\":\"2.8\",\"credit\":\"Carsten Horst\",\"camera\":\"Canon EOS R6m2\",\"caption\":\"\",\"created_timestamp\":\"1678203377\",\"copyright\":\"Carsten Horst \/ HYSET AG\",\"focal_length\":\"47\",\"iso\":\"3200\",\"shutter_speed\":\"0.0003125\",\"title\":\"\",\"orientation\":\"1\"}\" data-image-title=\"carro 5 peq\" data-image-description data-medium-file=\"https:\/\/i1.wp.com\/www.highspeedbrazil.com.br\/wp-content\/uploads\/2023\/03\/carro-5-peq.jpg?fit=300%2C200&ssl=1\" data-large-file=\"https:\/\/i1.wp.com\/www.highspeedbrazil.com.br\/wp-content\/uploads\/2023\/03\/carro-5-peq.jpg?fit=620%2C414&ssl=1\" class=\" wp-image-39625 alignleft jetpack-lazy-image\" fifu-data-src=\"https:\/\/i0.wp.com\/verde-amarelo.net\/verdeamarelo\/wp-content\/uploads\/2023\/03\/carros-de-thiago-camilo-e-cesar-ramos-levarao-as-pistas-a-nova-identidade-visual-da-ipiranga.webp?ssl=1\" alt width=\"317\" height=\"211\" data-recalc-dims=\"1\" data-lazy-srcset=\"https:\/\/verde-amarelo.net\/verdeamarelo\/wp-content\/uploads\/2023\/03\/carros-de-thiago-camilo-e-cesar-ramos-levarao-as-pistas-a-nova-identidade-visual-da-ipiranga-1.jpg 1800w, https:\/\/verde-amarelo.net\/verdeamarelo\/wp-content\/uploads\/2023\/03\/carros-de-thiago-camilo-e-cesar-ramos-levarao-as-pistas-a-nova-identidade-visual-da-ipiranga-2.jpg 300w, https:\/\/verde-amarelo.net\/verdeamarelo\/wp-content\/uploads\/2023\/03\/carros-de-thiago-camilo-e-cesar-ramos-levarao-as-pistas-a-nova-identidade-visual-da-ipiranga-3.jpg 768w, https:\/\/verde-amarelo.net\/verdeamarelo\/wp-content\/uploads\/2023\/03\/carros-de-thiago-camilo-e-cesar-ramos-levarao-as-pistas-a-nova-identidade-visual-da-ipiranga-4.jpg 1024w, https:\/\/verde-amarelo.net\/verdeamarelo\/wp-content\/uploads\/2023\/03\/carros-de-thiago-camilo-e-cesar-ramos-levarao-as-pistas-a-nova-identidade-visual-da-ipiranga-5.jpg 1240w\" data-lazy-sizes=\"(max-width: 317px) 100vw, 317px\" srcset=\"data:image\/gif;base64,R0lGODlhAQABAIAAAAAAAP\/\/\/yH5BAEAAAAALAAAAAABAAEAAAIBRAA7\"><\/a><\/p>\n<p><noscript><img src=\"data:image\/gif;base64,R0lGODlhAQABAIAAAAAAAP\/\/\/ywAAAAAAQABAAACAUwAOw==\" fifu-lazy=\"1\" fifu-data-sizes=\"auto\" fifu-data-srcset=\"https:\/\/i0.wp.com\/verde-amarelo.net\/verdeamarelo\/wp-content\/uploads\/2023\/03\/carros-de-thiago-camilo-e-cesar-ramos-levarao-as-pistas-a-nova-identidade-visual-da-ipiranga.webp?ssl=1&w=75&resize=75&ssl=1 75w, https:\/\/i0.wp.com\/verde-amarelo.net\/verdeamarelo\/wp-content\/uploads\/2023\/03\/carros-de-thiago-camilo-e-cesar-ramos-levarao-as-pistas-a-nova-identidade-visual-da-ipiranga.webp?ssl=1&w=100&resize=100&ssl=1 100w, https:\/\/i0.wp.com\/verde-amarelo.net\/verdeamarelo\/wp-content\/uploads\/2023\/03\/carros-de-thiago-camilo-e-cesar-ramos-levarao-as-pistas-a-nova-identidade-visual-da-ipiranga.webp?ssl=1&w=150&resize=150&ssl=1 150w, https:\/\/i0.wp.com\/verde-amarelo.net\/verdeamarelo\/wp-content\/uploads\/2023\/03\/carros-de-thiago-camilo-e-cesar-ramos-levarao-as-pistas-a-nova-identidade-visual-da-ipiranga.webp?ssl=1&w=240&resize=240&ssl=1 240w, https:\/\/i0.wp.com\/verde-amarelo.net\/verdeamarelo\/wp-content\/uploads\/2023\/03\/carros-de-thiago-camilo-e-cesar-ramos-levarao-as-pistas-a-nova-identidade-visual-da-ipiranga.webp?ssl=1&w=320&resize=320&ssl=1 320w, https:\/\/i0.wp.com\/verde-amarelo.net\/verdeamarelo\/wp-content\/uploads\/2023\/03\/carros-de-thiago-camilo-e-cesar-ramos-levarao-as-pistas-a-nova-identidade-visual-da-ipiranga.webp?ssl=1&w=500&resize=500&ssl=1 500w, https:\/\/i0.wp.com\/verde-amarelo.net\/verdeamarelo\/wp-content\/uploads\/2023\/03\/carros-de-thiago-camilo-e-cesar-ramos-levarao-as-pistas-a-nova-identidade-visual-da-ipiranga.webp?ssl=1&w=640&resize=640&ssl=1 640w, https:\/\/i0.wp.com\/verde-amarelo.net\/verdeamarelo\/wp-content\/uploads\/2023\/03\/carros-de-thiago-camilo-e-cesar-ramos-levarao-as-pistas-a-nova-identidade-visual-da-ipiranga.webp?ssl=1&w=800&resize=800&ssl=1 800w, https:\/\/i0.wp.com\/verde-amarelo.net\/verdeamarelo\/wp-content\/uploads\/2023\/03\/carros-de-thiago-camilo-e-cesar-ramos-levarao-as-pistas-a-nova-identidade-visual-da-ipiranga.webp?ssl=1&w=1024&resize=1024&ssl=1 1024w, https:\/\/i0.wp.com\/verde-amarelo.net\/verdeamarelo\/wp-content\/uploads\/2023\/03\/carros-de-thiago-camilo-e-cesar-ramos-levarao-as-pistas-a-nova-identidade-visual-da-ipiranga.webp?ssl=1&w=1280&resize=1280&ssl=1 1280w, https:\/\/i0.wp.com\/verde-amarelo.net\/verdeamarelo\/wp-content\/uploads\/2023\/03\/carros-de-thiago-camilo-e-cesar-ramos-levarao-as-pistas-a-nova-identidade-visual-da-ipiranga.webp?ssl=1&w=1600&resize=1600&ssl=1 1600w\" decoding=\"async\" loading=\"lazy\" data-attachment-id=\"39625\" data-permalink=\"https:\/\/www.highspeedbrazil.com.br\/carros-de-thiago-camilo-e-cesar-ramos-levarao-as-pistas-a-nova-identidade-visual-da-ipiranga\/carro-5-peq\/\" data-orig-file=\"https:\/\/i1.wp.com\/www.highspeedbrazil.com.br\/wp-content\/uploads\/2023\/03\/carro-5-peq.jpg?fit=1800%2C1200&ssl=1\" data-orig-size=\"1800,1200\" data-comments-opened=\"1\" data-image-meta=\"{\"aperture\":\"2.8\",\"credit\":\"Carsten Horst\",\"camera\":\"Canon EOS R6m2\",\"caption\":\"\",\"created_timestamp\":\"1678203377\",\"copyright\":\"Carsten Horst \/ HYSET AG\",\"focal_length\":\"47\",\"iso\":\"3200\",\"shutter_speed\":\"0.0003125\",\"title\":\"\",\"orientation\":\"1\"}\" data-image-title=\"carro 5 peq\" data-image-description data-medium-file=\"https:\/\/i1.wp.com\/www.highspeedbrazil.com.br\/wp-content\/uploads\/2023\/03\/carro-5-peq.jpg?fit=300%2C200&ssl=1\" data-large-file=\"https:\/\/i1.wp.com\/www.highspeedbrazil.com.br\/wp-content\/uploads\/2023\/03\/carro-5-peq.jpg?fit=620%2C414&ssl=1\" class=\" wp-image-39625 alignleft\" fifu-data-src=\"https:\/\/i0.wp.com\/verde-amarelo.net\/verdeamarelo\/wp-content\/uploads\/2023\/03\/carros-de-thiago-camilo-e-cesar-ramos-levarao-as-pistas-a-nova-identidade-visual-da-ipiranga.webp?ssl=1\" alt width=\"317\" height=\"211\" srcset=\"https:\/\/verde-amarelo.net\/verdeamarelo\/wp-content\/uploads\/2023\/03\/carros-de-thiago-camilo-e-cesar-ramos-levarao-as-pistas-a-nova-identidade-visual-da-ipiranga-1.jpg 1800w, https:\/\/verde-amarelo.net\/verdeamarelo\/wp-content\/uploads\/2023\/03\/carros-de-thiago-camilo-e-cesar-ramos-levarao-as-pistas-a-nova-identidade-visual-da-ipiranga-2.jpg 300w, https:\/\/verde-amarelo.net\/verdeamarelo\/wp-content\/uploads\/2023\/03\/carros-de-thiago-camilo-e-cesar-ramos-levarao-as-pistas-a-nova-identidade-visual-da-ipiranga-3.jpg 768w, https:\/\/verde-amarelo.net\/verdeamarelo\/wp-content\/uploads\/2023\/03\/carros-de-thiago-camilo-e-cesar-ramos-levarao-as-pistas-a-nova-identidade-visual-da-ipiranga-4.jpg 1024w, https:\/\/verde-amarelo.net\/verdeamarelo\/wp-content\/uploads\/2023\/03\/carros-de-thiago-camilo-e-cesar-ramos-levarao-as-pistas-a-nova-identidade-visual-da-ipiranga-5.jpg 1240w\" sizes=\"auto, (max-width: 317px) 100vw, 317px\" data-recalc-dims=\"1\"><\/noscript>O novo layout dos Toyota n\u00famero 21 (Thiago Camilo) e 30 (Cesar Ramos) foi apresentado na conven\u00e7\u00e3o da Ipiranga, realizada no \u00faltimo fim de semana em S\u00e3o Paulo, com a presen\u00e7a dos pilotos.<\/p>&nbsp;&nbsp;\n<p class=\"yiv0839129726MsoNormal\">A marca Ipiranga vem estampada no cap\u00f4. Al\u00e9m de todo o conceito visual que vem ao encontro do slogan \u201cabastecer a vida em movimento\u201d, que est\u00e1 sendo trabalhado junto aos p\u00fablicos da Ipiranga e em seus mais de 6,5 mil postos espalhados pelo Brasil, os carros da Stock Car tamb\u00e9m ser\u00e3o uma esp\u00e9cie de outdoor para as novas marcas de combust\u00edveis, como o aditivado Ipimax, que ocupa o espa\u00e7o lateral.<\/p>&nbsp;&nbsp;\n<p class=\"yiv0839129726MsoNormal\">Leonardo Linden, CEO da Ipiranga, falou sobre o novo conceito. \u201cTemos uma hist\u00f3ria de credibilidade e confian\u00e7a que nos permite inovar com liberdade. O que estamos trazendo hoje como evolu\u00e7\u00e3o da marca surge como resposta \u00e0s novas demandas de um consumidor que pede por experi\u00eancias fluidas, amig\u00e1veis e cada vez mais completas. Oferecemos agora uma proposta de valor fortalecida e diferenciada tanto para as pessoas que contam com a Ipiranga no seu cotidiano, como para nossa rede de revendedores, franqueados e clientes\u201d.<\/p>&nbsp;&nbsp;\n<p>Foto: Divulga\u00e7\u00e3o<\/p>\n<p>Por:&nbsp;Alexandre Kacelnik<span class=\"u_N C_Z1VRqsb c1AVi73_6FsP c1AVi7H_6LEV\">&nbsp;<\/span><\/p>\n<div class=\"sharedaddy sd-sharing-enabled\">\n<div class=\"robots-nocontent sd-block sd-social sd-social-icon sd-sharing\">\n<h3 class=\"sd-title\">Compartilhe isso:<\/h3>\n<\/div>\n<\/div>\n<p> Cr\u00e9ditos: High Speed Brazil<\/p>\n","protected":false},"excerpt":{"rendered":"<p>A Ipiranga renovou sua identidade visual, promovendo a evolu\u00e7\u00e3o de sua marca, e os carros&#8230;<\/p>\n","protected":false},"author":1,"featured_media":62132,"comment_status":"closed","ping_status":"closed","sticky":false,"template":"","format":"standard","meta":{"fifu_image_url":"","fifu_image_alt":"","footnotes":""},"categories":[8428,7492,727,8425],"tags":[6029,735,4169,1666,1845,6305,585,1522,2633,1003,89,8545,1739,3897,354,3657,1679,3343,6585,2677,2518,5170,6543,140,777,3785,6787,1366,3634,4017,4362,1660,1716,874,4270,6028,2101,6507,5160,10333,8426,519],"class_list":["post-62131","post","type-post","status-publish","format-standard","has-post-thumbnail","hentry","category-automobilismo","category-esportes","category-noticias","category-verde-amarelo","tag-automobilismo","tag-brasil","tag-brasileiros","tag-carros","tag-ceo","tag-cesar-ramos","tag-clientes","tag-combustiveis","tag-conceito","tag-confianca","tag-consumidor","tag-creditos","tag-dia","tag-e","tag-encontro","tag-esportes","tag-experiencias","tag-franqueados","tag-goiania","tag-historia","tag-identidade-visual","tag-ipiranga","tag-ipiranga-racing","tag-marca","tag-marcas","tag-movimento","tag-novidades","tag-pessoas","tag-postos","tag-presenca","tag-proposta","tag-rede","tag-revendedores","tag-sao-paulo","tag-slogan","tag-stock-car","tag-temporada","tag-thiago-camilo","tag-toyota","tag-valor","tag-verde-amarelo","tag-visual","wpcat-8428-id","wpcat-7492-id","wpcat-727-id","wpcat-8425-id"],"_links":{"self":[{"href":"https:\/\/verde-amarelo.net\/verdeamarelo\/wp-json\/wp\/v2\/posts\/62131","targetHints":{"allow":["GET"]}}],"collection":[{"href":"https:\/\/verde-amarelo.net\/verdeamarelo\/wp-json\/wp\/v2\/posts"}],"about":[{"href":"https:\/\/verde-amarelo.net\/verdeamarelo\/wp-json\/wp\/v2\/types\/post"}],"author":[{"embeddable":true,"href":"https:\/\/verde-amarelo.net\/verdeamarelo\/wp-json\/wp\/v2\/users\/1"}],"replies":[{"embeddable":true,"href":"https:\/\/verde-amarelo.net\/verdeamarelo\/wp-json\/wp\/v2\/comments?post=62131"}],"version-history":[{"count":0,"href":"https:\/\/verde-amarelo.net\/verdeamarelo\/wp-json\/wp\/v2\/posts\/62131\/revisions"}],"wp:featuredmedia":[{"embeddable":true,"href":"https:\/\/verde-amarelo.net\/verdeamarelo\/wp-json\/wp\/v2\/media\/62132"}],"wp:attachment":[{"href":"https:\/\/verde-amarelo.net\/verdeamarelo\/wp-json\/wp\/v2\/media?parent=62131"}],"wp:term":[{"taxonomy":"category","embeddable":true,"href":"https:\/\/verde-amarelo.net\/verdeamarelo\/wp-json\/wp\/v2\/categories?post=62131"},{"taxonomy":"post_tag","embeddable":true,"href":"https:\/\/verde-amarelo.net\/verdeamarelo\/wp-json\/wp\/v2\/tags?post=62131"}],"curies":[{"name":"wp","href":"https:\/\/api.w.org\/{rel}","templated":true}]}}