{"id":62179,"date":"2023-03-18T14:01:10","date_gmt":"2023-03-18T17:01:10","guid":{"rendered":"https:\/\/www.highspeedbrazil.com.br\/?p=39654"},"modified":"2024-01-12T16:17:36","modified_gmt":"2024-01-12T19:17:36","slug":"goiania-recebe-a-etapa-de-abertura-da-copa-truck","status":"publish","type":"post","link":"https:\/\/verde-amarelo.net\/verdeamarelo\/2023\/03\/goiania-recebe-a-etapa-de-abertura-da-copa-truck\/","title":{"rendered":"Goi\u00e2nia recebe a etapa de abertura da Copa Truck"},"content":{"rendered":"<p><em>Circuito de 3.835 metros \u00e9 r\u00e1pido e ao mesmo tempo exigente com os freios<\/em><\/p>\n<p><a href=\"https:\/\/i0.wp.com\/www.highspeedbrazil.com.br\/wp-content\/uploads\/2023\/03\/419658_1050754_copatruck_2022_rafacatelan_5803.jpg?ssl=1\"><img src=\"data:image\/gif;base64,R0lGODlhAQABAIAAAAAAAP\/\/\/ywAAAAAAQABAAACAUwAOw==\" fifu-lazy=\"1\" fifu-data-sizes=\"auto\" fifu-data-srcset=\"https:\/\/i1.wp.com\/verde-amarelo.net\/verdeamarelo\/wp-content\/uploads\/2023\/03\/goiania-recebe-a-etapa-de-abertura-da-copa-truck.webp?ssl=1&w=75&resize=75&ssl=1 75w, https:\/\/i1.wp.com\/verde-amarelo.net\/verdeamarelo\/wp-content\/uploads\/2023\/03\/goiania-recebe-a-etapa-de-abertura-da-copa-truck.webp?ssl=1&w=100&resize=100&ssl=1 100w, https:\/\/i1.wp.com\/verde-amarelo.net\/verdeamarelo\/wp-content\/uploads\/2023\/03\/goiania-recebe-a-etapa-de-abertura-da-copa-truck.webp?ssl=1&w=150&resize=150&ssl=1 150w, https:\/\/i1.wp.com\/verde-amarelo.net\/verdeamarelo\/wp-content\/uploads\/2023\/03\/goiania-recebe-a-etapa-de-abertura-da-copa-truck.webp?ssl=1&w=240&resize=240&ssl=1 240w, https:\/\/i1.wp.com\/verde-amarelo.net\/verdeamarelo\/wp-content\/uploads\/2023\/03\/goiania-recebe-a-etapa-de-abertura-da-copa-truck.webp?ssl=1&w=320&resize=320&ssl=1 320w, https:\/\/i1.wp.com\/verde-amarelo.net\/verdeamarelo\/wp-content\/uploads\/2023\/03\/goiania-recebe-a-etapa-de-abertura-da-copa-truck.webp?ssl=1&w=500&resize=500&ssl=1 500w, https:\/\/i1.wp.com\/verde-amarelo.net\/verdeamarelo\/wp-content\/uploads\/2023\/03\/goiania-recebe-a-etapa-de-abertura-da-copa-truck.webp?ssl=1&w=640&resize=640&ssl=1 640w, https:\/\/i1.wp.com\/verde-amarelo.net\/verdeamarelo\/wp-content\/uploads\/2023\/03\/goiania-recebe-a-etapa-de-abertura-da-copa-truck.webp?ssl=1&w=800&resize=800&ssl=1 800w, https:\/\/i1.wp.com\/verde-amarelo.net\/verdeamarelo\/wp-content\/uploads\/2023\/03\/goiania-recebe-a-etapa-de-abertura-da-copa-truck.webp?ssl=1&w=1024&resize=1024&ssl=1 1024w, https:\/\/i1.wp.com\/verde-amarelo.net\/verdeamarelo\/wp-content\/uploads\/2023\/03\/goiania-recebe-a-etapa-de-abertura-da-copa-truck.webp?ssl=1&w=1280&resize=1280&ssl=1 1280w, https:\/\/i1.wp.com\/verde-amarelo.net\/verdeamarelo\/wp-content\/uploads\/2023\/03\/goiania-recebe-a-etapa-de-abertura-da-copa-truck.webp?ssl=1&w=1600&resize=1600&ssl=1 1600w\" decoding=\"async\" loading=\"lazy\" data-attachment-id=\"39655\" data-permalink=\"https:\/\/www.highspeedbrazil.com.br\/goiania-recebe-a-etapa-de-abertura-da-copa-truck\/419658_1050754_copatruck_2022_rafacatelan_5803\/\" data-orig-file=\"https:\/\/i0.wp.com\/www.highspeedbrazil.com.br\/wp-content\/uploads\/2023\/03\/419658_1050754_copatruck_2022_rafacatelan_5803.jpg?fit=2000%2C1331&ssl=1\" data-orig-size=\"2000,1331\" data-comments-opened=\"1\" data-image-meta=\"{\"aperture\":\"10\",\"credit\":\"Rafael Catelan\",\"camera\":\"NIKON D4\",\"caption\":\"\",\"created_timestamp\":\"1667661861\",\"copyright\":\"Rafa Catelan 2022\",\"focal_length\":\"550\",\"iso\":\"800\",\"shutter_speed\":\"0.0008\",\"title\":\"\",\"orientation\":\"0\"}\" data-image-title=\"419658_1050754_copatruck_2022_rafacatelan_5803\" data-image-description data-medium-file=\"https:\/\/i0.wp.com\/www.highspeedbrazil.com.br\/wp-content\/uploads\/2023\/03\/419658_1050754_copatruck_2022_rafacatelan_5803.jpg?fit=300%2C200&ssl=1\" data-large-file=\"https:\/\/i0.wp.com\/www.highspeedbrazil.com.br\/wp-content\/uploads\/2023\/03\/419658_1050754_copatruck_2022_rafacatelan_5803.jpg?fit=620%2C412&ssl=1\" class=\" wp-image-39655 alignleft jetpack-lazy-image\" fifu-data-src=\"https:\/\/i1.wp.com\/verde-amarelo.net\/verdeamarelo\/wp-content\/uploads\/2023\/03\/goiania-recebe-a-etapa-de-abertura-da-copa-truck.webp?ssl=1\" alt width=\"305\" height=\"203\" data-recalc-dims=\"1\" data-lazy-srcset=\"https:\/\/verde-amarelo.net\/verdeamarelo\/wp-content\/uploads\/2023\/03\/goiania-recebe-a-etapa-de-abertura-da-copa-truck-1.jpg 2000w, https:\/\/verde-amarelo.net\/verdeamarelo\/wp-content\/uploads\/2023\/03\/goiania-recebe-a-etapa-de-abertura-da-copa-truck-2.jpg 300w, https:\/\/verde-amarelo.net\/verdeamarelo\/wp-content\/uploads\/2023\/03\/goiania-recebe-a-etapa-de-abertura-da-copa-truck-3.jpg 768w, https:\/\/verde-amarelo.net\/verdeamarelo\/wp-content\/uploads\/2023\/03\/goiania-recebe-a-etapa-de-abertura-da-copa-truck-4.jpg 1024w, https:\/\/verde-amarelo.net\/verdeamarelo\/wp-content\/uploads\/2023\/03\/goiania-recebe-a-etapa-de-abertura-da-copa-truck-5.jpg 1240w, https:\/\/verde-amarelo.net\/verdeamarelo\/wp-content\/uploads\/2023\/03\/goiania-recebe-a-etapa-de-abertura-da-copa-truck-6.jpg 1860w\" data-lazy-sizes=\"(max-width: 305px) 100vw, 305px\" srcset=\"data:image\/gif;base64,R0lGODlhAQABAIAAAAAAAP\/\/\/yH5BAEAAAAALAAAAAABAAEAAAIBRAA7\"><\/a><\/p>\n<p><noscript><img src=\"data:image\/gif;base64,R0lGODlhAQABAIAAAAAAAP\/\/\/ywAAAAAAQABAAACAUwAOw==\" fifu-lazy=\"1\" fifu-data-sizes=\"auto\" fifu-data-srcset=\"https:\/\/i1.wp.com\/verde-amarelo.net\/verdeamarelo\/wp-content\/uploads\/2023\/03\/goiania-recebe-a-etapa-de-abertura-da-copa-truck.webp?ssl=1&w=75&resize=75&ssl=1 75w, https:\/\/i1.wp.com\/verde-amarelo.net\/verdeamarelo\/wp-content\/uploads\/2023\/03\/goiania-recebe-a-etapa-de-abertura-da-copa-truck.webp?ssl=1&w=100&resize=100&ssl=1 100w, https:\/\/i1.wp.com\/verde-amarelo.net\/verdeamarelo\/wp-content\/uploads\/2023\/03\/goiania-recebe-a-etapa-de-abertura-da-copa-truck.webp?ssl=1&w=150&resize=150&ssl=1 150w, https:\/\/i1.wp.com\/verde-amarelo.net\/verdeamarelo\/wp-content\/uploads\/2023\/03\/goiania-recebe-a-etapa-de-abertura-da-copa-truck.webp?ssl=1&w=240&resize=240&ssl=1 240w, https:\/\/i1.wp.com\/verde-amarelo.net\/verdeamarelo\/wp-content\/uploads\/2023\/03\/goiania-recebe-a-etapa-de-abertura-da-copa-truck.webp?ssl=1&w=320&resize=320&ssl=1 320w, https:\/\/i1.wp.com\/verde-amarelo.net\/verdeamarelo\/wp-content\/uploads\/2023\/03\/goiania-recebe-a-etapa-de-abertura-da-copa-truck.webp?ssl=1&w=500&resize=500&ssl=1 500w, https:\/\/i1.wp.com\/verde-amarelo.net\/verdeamarelo\/wp-content\/uploads\/2023\/03\/goiania-recebe-a-etapa-de-abertura-da-copa-truck.webp?ssl=1&w=640&resize=640&ssl=1 640w, https:\/\/i1.wp.com\/verde-amarelo.net\/verdeamarelo\/wp-content\/uploads\/2023\/03\/goiania-recebe-a-etapa-de-abertura-da-copa-truck.webp?ssl=1&w=800&resize=800&ssl=1 800w, https:\/\/i1.wp.com\/verde-amarelo.net\/verdeamarelo\/wp-content\/uploads\/2023\/03\/goiania-recebe-a-etapa-de-abertura-da-copa-truck.webp?ssl=1&w=1024&resize=1024&ssl=1 1024w, https:\/\/i1.wp.com\/verde-amarelo.net\/verdeamarelo\/wp-content\/uploads\/2023\/03\/goiania-recebe-a-etapa-de-abertura-da-copa-truck.webp?ssl=1&w=1280&resize=1280&ssl=1 1280w, https:\/\/i1.wp.com\/verde-amarelo.net\/verdeamarelo\/wp-content\/uploads\/2023\/03\/goiania-recebe-a-etapa-de-abertura-da-copa-truck.webp?ssl=1&w=1600&resize=1600&ssl=1 1600w\" decoding=\"async\" loading=\"lazy\" data-attachment-id=\"39655\" data-permalink=\"https:\/\/www.highspeedbrazil.com.br\/goiania-recebe-a-etapa-de-abertura-da-copa-truck\/419658_1050754_copatruck_2022_rafacatelan_5803\/\" data-orig-file=\"https:\/\/i0.wp.com\/www.highspeedbrazil.com.br\/wp-content\/uploads\/2023\/03\/419658_1050754_copatruck_2022_rafacatelan_5803.jpg?fit=2000%2C1331&ssl=1\" data-orig-size=\"2000,1331\" data-comments-opened=\"1\" data-image-meta=\"{\"aperture\":\"10\",\"credit\":\"Rafael Catelan\",\"camera\":\"NIKON D4\",\"caption\":\"\",\"created_timestamp\":\"1667661861\",\"copyright\":\"Rafa Catelan 2022\",\"focal_length\":\"550\",\"iso\":\"800\",\"shutter_speed\":\"0.0008\",\"title\":\"\",\"orientation\":\"0\"}\" data-image-title=\"419658_1050754_copatruck_2022_rafacatelan_5803\" data-image-description data-medium-file=\"https:\/\/i0.wp.com\/www.highspeedbrazil.com.br\/wp-content\/uploads\/2023\/03\/419658_1050754_copatruck_2022_rafacatelan_5803.jpg?fit=300%2C200&ssl=1\" data-large-file=\"https:\/\/i0.wp.com\/www.highspeedbrazil.com.br\/wp-content\/uploads\/2023\/03\/419658_1050754_copatruck_2022_rafacatelan_5803.jpg?fit=620%2C412&ssl=1\" class=\" wp-image-39655 alignleft\" fifu-data-src=\"https:\/\/i1.wp.com\/verde-amarelo.net\/verdeamarelo\/wp-content\/uploads\/2023\/03\/goiania-recebe-a-etapa-de-abertura-da-copa-truck.webp?ssl=1\" alt width=\"305\" height=\"203\" srcset=\"https:\/\/verde-amarelo.net\/verdeamarelo\/wp-content\/uploads\/2023\/03\/goiania-recebe-a-etapa-de-abertura-da-copa-truck-1.jpg 2000w, https:\/\/verde-amarelo.net\/verdeamarelo\/wp-content\/uploads\/2023\/03\/goiania-recebe-a-etapa-de-abertura-da-copa-truck-2.jpg 300w, https:\/\/verde-amarelo.net\/verdeamarelo\/wp-content\/uploads\/2023\/03\/goiania-recebe-a-etapa-de-abertura-da-copa-truck-3.jpg 768w, https:\/\/verde-amarelo.net\/verdeamarelo\/wp-content\/uploads\/2023\/03\/goiania-recebe-a-etapa-de-abertura-da-copa-truck-4.jpg 1024w, https:\/\/verde-amarelo.net\/verdeamarelo\/wp-content\/uploads\/2023\/03\/goiania-recebe-a-etapa-de-abertura-da-copa-truck-5.jpg 1240w, https:\/\/verde-amarelo.net\/verdeamarelo\/wp-content\/uploads\/2023\/03\/goiania-recebe-a-etapa-de-abertura-da-copa-truck-6.jpg 1860w\" sizes=\"auto, (max-width: 305px) 100vw, 305px\" data-recalc-dims=\"1\"><\/noscript>A Copa Truck come\u00e7a a temporada 2023 neste final de semana em Goi\u00e2nia. Ser\u00e1 a primeira das nove etapas programadas para o ano, com passagens marcadas tamb\u00e9m pelos aut\u00f3dromos de Interlagos (SP), Londrina (PR), Cascavel (PR) e Tarum\u00e3 (RS). O campeonato come\u00e7a e termina na capital goiana.<\/p>&nbsp;&nbsp;\n<p>As largadas est\u00e3o programadas para este domingo (19) \u00e0s 11h10 e 11h45, ambas com transmiss\u00e3o ao vivo da Band, SporTV3 e canal oficial da Copa Truck no YouTube. Na TV, as transmiss\u00f5es come\u00e7am \u00e0s 11 horas.<\/p>&nbsp;&nbsp;\n<p>Desde 2017, quando da inaugura\u00e7\u00e3o da Copa Truck, Goi\u00e2nia recebeu 16 provas da categoria. O maior vencedor \u00e9 Beto Monteiro, com cinco conquistas. Andr\u00e9 Marques venceu tr\u00eas vezes, enquanto Roberval Andrade, Felipe Giaffone e Danilo Dirani somam duas vit\u00f3rias cada. Paulo Salustiano e o atual campe\u00e3o Wellington Cirino venceram uma vez.<\/p>&nbsp;&nbsp;\n<p>No quesito pole positions, Giaffone ainda n\u00e3o poder\u00e1 ser alcan\u00e7ado: foram quatro poles, com duas de Andrade, uma de Beto Monteiro e uma de Cirino. J\u00e1 entre as marcas envolvidas na disputa, Volkswagen e Mercedes-Benz empatam com seis vit\u00f3rias cada, diante de quatro da Iveco; no n\u00famero de pole positions, a Iveco domina com quatro poles, enquanto Volkswagen e Mercedes empatam com duas cada.<\/p>&nbsp;&nbsp;\n<p>O circuito de 3.853 metros \u00e9 seletivo, com trechos velozes seguidos por freadas fortes e contornos mais lentos, e sua reta principal \u00e9 uma das maiores de todo o calend\u00e1rio, com um quil\u00f4metro de extens\u00e3o. S\u00e3o 12 curvas \u2013 sete \u00e0 direita e cinco \u00e0 esquerda.<\/p>&nbsp;&nbsp;\n<p>V\u00e1rias delas exigem desacelera\u00e7\u00f5es severas, como elege Danilo Dirani, vencedor de duas provas em Goi\u00e2nia e que far\u00e1 sua estreia como piloto da Iveco em 2023. \u201cA Curva 3 \u00e9 a que mais exige dos freios, porque voc\u00ea chega do Cheirinho, que \u00e9 uma curva r\u00e1pida \u00e0 direita. O caminh\u00e3o chega \u2018pendulado\u2019 (<em>ainda carregando a for\u00e7a lateral da curva anterior)<\/em>, e voc\u00ea tem de usar muito a pot\u00eancia do freio e tamb\u00e9m o freio motor com a redu\u00e7\u00e3o das marchas para poder ter equil\u00edbrio do meio para a sa\u00edda da curva. Ent\u00e3o o piloto inicia o contorno ainda apoiando no pedal do freio e vai soltando gradativamente para voltar a ganhar velocidade\u201d, afirma. Na curva que leva para o in\u00edcio da parte mais sinuosa da pista, os caminh\u00f5es fazem a aproxima\u00e7\u00e3o a cerca de 175 km\/h e o contorno da curva de 180 graus a cerca de 80 km\/h. A desacelera\u00e7\u00e3o \u00e9 feita em seis segundos e 180 metros.<\/p>&nbsp;&nbsp;\n<p>Dirani prossegue e explica outro ponto de frenagem important\u00edssimo para o tempo de volta \u2013 e que n\u00e3o \u00e9 para o contorno de uma curva. \u201cA freada do radar tamb\u00e9m \u00e9 muito forte, porque chegamos na reta entre 205 e 210 km\/h para quebrar essa velocidade pra 160. Tem que usar toda a pot\u00eancia das pastilhas por pouco tempo, e um pequeno vacilo faz o piloto \u2018queimar\u2019 o radar e a\u00ed tem que cumprir puni\u00e7\u00e3o\u201d, ressalta.<\/p>&nbsp;&nbsp;\n<p>Passando pelo radar, os caminh\u00f5es voltam a ganhar velocidade se aproximam da primeira curva a cerca de 190 km\/h. A freada para a primeira curva do circuito \u00e9 feita a cerca de 200 metros da entrada, e o contorno \u00e9 feito a cerca de 100 km\/h \u2013 uma redu\u00e7\u00e3o de 90 km\/h feita em apenas seis segundos, e que gera uma desacelera\u00e7\u00e3o de quase 1G.<\/p>&nbsp;&nbsp;\n<p>\u201cO circuito de Goi\u00e2nia tem como principal fator o de possuir uma das maiores retas do Brasil, que mesmo com o radar de 160 km\/h, ainda permite o desenvolvimento de velocidades de at\u00e9 220 km\/h. E para que se alcance essas velocidades, os freios precisam estar \u2018em dia\u2019 para fazer essa frenagem mais \u2018brusca\u2019 e garantir o contorno seguro da curva 1. As demais curvas, combinadas com o clima quente de Goi\u00e2nia, ir\u00e3o dificultar o resfriamento do sistema, por\u00e9m, certamente as pastilhas da Fras-le dar\u00e3o conta do recado e ir\u00e3o garantir a performance, durabilidade e seguran\u00e7a a todos os pilotos\u201d, explica Roger Lusa, engenheiro de aplica\u00e7\u00e3o da Fras-le.<\/p>&nbsp;&nbsp;\n<p>A Fras-le segue pelo terceiro ano consecutivo como fornecedora oficial e exclusiva das pastilhas de freio da Copa Truck. A empresa \u00e9 a maior fabricante de materiais de fric\u00e7\u00e3o da Am\u00e9rica Latina e uma das l\u00edderes mundiais no segmento. A empresa, fundada em 1954 em Caxias do Sul (RS), oferece produtos de qualidade e foco na seguran\u00e7a e no controle de movimentos nas ruas, estradas, pistas de pouso, trilhos e tamb\u00e9m pelos aut\u00f3dromos do pa\u00eds por meio do fornecimento oficial e exclusivo de pastilhas de freio \u00e0 Copa Truck e tamb\u00e9m \u00e0 Stock Car.<\/p>&nbsp;&nbsp;\n<p><strong><u>Programa\u00e7\u00e3o do evento (inclui a NASCAR Brasil):<br \/><\/u><\/strong><br \/><u>SEXTA-FEIRA, 17 DE MAR\u00c7O<\/u><br \/><em>Port\u00f5es fechados para o p\u00fablico<\/em><br \/>8h00 \u2013 NASCAR Brasil \u2013 Shakedown<br \/><strong>10h45 \u2013 Copa Truck \u2013 Treino Extra Super<br \/>11h25 \u2013 Copa Truck \u2013 Treino Extra<br \/>12h30 \u2013 Copa Truck \u2013 Treino Livre 1<br \/><\/strong>13h50 \u2013 NASCAR Brasil \u2013 Shakedown<br \/>14h25 \u2013 NASCAR Brasil \u2013 Treino Extra<br \/><strong>15h30 \u2013 Copa Truck \u2013 Treino Livre 2<br \/><\/strong>16h35 \u2013 NASCAR Brasil \u2013 Treino Livre 2<\/p>\n<p><u>S\u00c1BADO, 18 DE MAR\u00c7O<\/u><br \/><em>Abertura dos port\u00f5es: 8h00<\/em><br \/>9h00 \u2013 NASCAR Brasil \u2013 Treino Livre 3<br \/><strong>10h00 \u2013 Copa Truck \u2013 Treino Livre 3<br \/><\/strong>13h00 \u2013 NASCAR Brasil \u2013 Treino Livre 4<br \/><strong>15h00 \u2013 Copa Truck \u2013 Classifica\u00e7\u00e3o<\/strong><br \/>16h30 \u2013 NASCAR Brasil \u2013 Classifica\u00e7\u00e3o 1<br \/>16h50 \u2013 NASCAR Brasil \u2013 Classifica\u00e7\u00e3o 2<\/p>\n<p><u>DOMINGO, 19 DE MAR\u00c7O<\/u><br \/><em>Abertura dos port\u00f5es: 8h00<\/em><br \/>8h00 \u2013 NASCAR Brasil \u2013 Warm Up<br \/><strong>8h20 \u2013 Copa Truck \u2013 Warm Up<br \/><\/strong>8h45 \u2013 Visita\u00e7\u00e3o aos Boxes<br \/>9h55 \u2013 Hino Nacional<br \/>10h08 \u2013 NASCAR Brasil \u2013 Corrida 1<br \/><strong>10h38 \u2013 Copa Truck \u2013 Desfile dos Pilotos<br \/>11h10 \u2013 Copa Truck \u2013 Corrida 1<br \/>11h45 \u2013 Copa Truck \u2013 Corrida 2<br \/><\/strong>12h53 \u2013 NASCAR Brasil \u2013 Corrida 2<br \/>13h30 \u2013 Show para o p\u00fablico<br \/><strong><\/strong><\/p>\n<p>Sobre a FRAS-LE:<\/p>\n<p><em>A Fras-le destaca-se por ser um powerhouse de reposi\u00e7\u00e3o em autope\u00e7as, reunindo produtos de alta qualidade e marcas reconhecidas pelo mercado em seu portf\u00f3lio. Al\u00e9m disso, \u00e9 uma das maiores fabricantes mundiais de material de fric\u00e7\u00e3o, atendendo os segmentos de montadoras e reposi\u00e7\u00e3o. A companhia desenvolve, produz e comercializa produtos para autom\u00f3veis, motos, ve\u00edculos pesados, avia\u00e7\u00e3o e tamb\u00e9m para as linhas ferrovi\u00e1ria e industrial. Com unidades nos Estados Unidos, China, Argentina, Uruguai e \u00cdndia, possui 11 plantas industriais, seis centros de distribui\u00e7\u00e3o, quatro escrit\u00f3rios comerciais, dois centros de tecnologia e desenvolvimento e uma equipe capacitada para atender os clientes em mais de 125 pa\u00edses nos cinco continentes, oferecendo mais de 14 mil refer\u00eancias em solu\u00e7\u00f5es em autope\u00e7as. Desde 1996 a Fras-le \u00e9 controlada pelas Empresas Randon.<\/em><\/p>\n<p><em>A empresa \u00e9 l\u00edder no mercado de reposi\u00e7\u00e3o e coloca ao alcance do consumidor produtos com a qualidade da pe\u00e7a original, por meio das marcas Fras-le, Lonaflex, Fremax, Controil e Nakata.&nbsp;<\/em><em>Desde 2016, a Fras-le \u00e9 a fornecedora oficial das pastilhas de freio dos carros da Stock&nbsp;<\/em><em>Car, Stock Ligh<\/em><em>t<\/em><em>&nbsp;e Mercedes-Benz Challenge.&nbsp;&nbsp;A F<\/em><em>remax, desde 2004,<\/em><em>&nbsp;tamb\u00e9m \u00e9 a fornecedora oficial&nbsp;<\/em><em>dos discos de freio da Stock Car Pro Series e de sua categoria de acesso, a Stock Series,&nbsp; assim como da<\/em><em>&nbsp;Porsche Cup<\/em><em>&nbsp;Brasil<\/em><em>&nbsp;e&nbsp;<\/em><em>GT Sprint Race.<\/em><em><\/em><\/p>\n<p><strong><u>FRAS-LE<br \/><\/u><\/strong>Site:&nbsp;<a href=\"https:\/\/click.presskit.com.br\/url\/929189aefa\/60386107700\" target=\"_blank\" rel=\"nofollow noopener noreferrer\">www.fras-le.com<\/a><br \/>Facebook: @FrasleOficial<br \/>Instagram: @frasleoficial<\/p>\n<p><strong>Foto:&nbsp;Rafa Catelan\/P1 Media Relations<br \/><\/strong>Por: Cleber Bernuci \u2013 P1 Media Relations<\/p>\n<div class=\"sharedaddy sd-sharing-enabled\">\n<div class=\"robots-nocontent sd-block sd-social sd-social-icon sd-sharing\">\n<h3 class=\"sd-title\">Compartilhe isso:<\/h3>\n<\/div>\n<\/div>\n<p> Cr\u00e9ditos: High Speed Brazil<\/p>\n","protected":false},"excerpt":{"rendered":"<p>Circuito de 3.835 metros \u00e9 r\u00e1pido e ao mesmo tempo exigente com os freios A&#8230;<\/p>\n","protected":false},"author":1,"featured_media":62180,"comment_status":"closed","ping_status":"closed","sticky":false,"template":"","format":"standard","meta":{"fifu_image_url":"","fifu_image_alt":"","footnotes":""},"categories":[8428,7492,727,8425],"tags":[11761,7738,2490,4404,1513,8642,3841,3836,1583,6029,2821,855,4898,6307,735,7666,1022,2224,6255,160,3843,2575,1666,6459,297,3571,967,8530,585,8015,2994,89,2475,7561,4015,7591,6520,1471,8545,8583,3340,1739,2958,1026,3897,2008,39,1984,3657,1096,4088,1223,3888,2723,1735,4117,3282,4273,6522,274,7568,6617,7583,7569,6585,7662,3328,7578,6068,8496,2655,1489,777,32,6133,1972,1973,2225,6484,8674,6134,8405,3265,4214,7570,3414,6728,2940,7675,7681,591,5920,779,341,6220,3572,8533,3375,1191,1621,712,1459,2183,8266,8406,6028,6468,6027,3005,42,2101,7637,3476,8242,2991,1910,3368,1589,3036,8426,2177,1867,7640,1613],"class_list":["post-62179","post","type-post","status-publish","format-standard","has-post-thumbnail","hentry","category-automobilismo","category-esportes","category-noticias","category-verde-amarelo","tag-11761","tag-7738","tag-alta","tag-america","tag-america-latina","tag-aproximacao","tag-argentina","tag-assim","tag-automoveis","tag-automobilismo","tag-autopecas","tag-aviacao","tag-band","tag-beto-monteiro","tag-brasil","tag-calendario","tag-caminhao","tag-caminhoes","tag-campeao","tag-campeonato","tag-canal","tag-capital","tag-carros","tag-cascavel","tag-categoria","tag-centros-de-distribuicao","tag-china","tag-classificacao","tag-clientes","tag-clima","tag-companhia","tag-consumidor","tag-conta","tag-controil","tag-controle","tag-copa","tag-copa-truck","tag-corrida","tag-creditos","tag-danilo-dirani","tag-desenvolvimento","tag-dia","tag-disputa","tag-distribuicao","tag-e","tag-empresa","tag-empresas","tag-equipe","tag-esportes","tag-estados-unidos","tag-estradas","tag-evento","tag-exclusivo","tag-extensao","tag-extra","tag-fabricante","tag-fabricantes","tag-feira","tag-felipe-giaffone","tag-fortes","tag-freio","tag-freios","tag-fremax","tag-frenagem","tag-goiania","tag-gt-sprint-race","tag-inauguracao","tag-industrial","tag-interlagos","tag-iveco","tag-lider","tag-lideres","tag-marcas","tag-mercado","tag-mercado-de-reposicao","tag-mercedes","tag-mercedes-benz","tag-montadoras","tag-motor","tag-motos","tag-nakata","tag-nascar","tag-publico","tag-passagens","tag-pastilhas-de-freio","tag-peca","tag-plantas","tag-ponto","tag-porsche","tag-porsche-cup","tag-portfolio","tag-pr","tag-produtos","tag-programacao","tag-qualidade","tag-reducao","tag-roberval-andrade","tag-segmento","tag-seguranca","tag-seguro","tag-show","tag-sistema","tag-solucoes","tag-sp","tag-sprint-race","tag-stock-car","tag-stock-car-pro-series","tag-stock-light","tag-sul","tag-tecnologia","tag-temporada","tag-temporada-2023","tag-transmissao","tag-treino","tag-tv","tag-unidades","tag-uruguai","tag-veiculos","tag-velocidade","tag-verde-amarelo","tag-vivo","tag-volkswagen","tag-wellington-cirino","tag-youtube","wpcat-8428-id","wpcat-7492-id","wpcat-727-id","wpcat-8425-id"],"_links":{"self":[{"href":"https:\/\/verde-amarelo.net\/verdeamarelo\/wp-json\/wp\/v2\/posts\/62179","targetHints":{"allow":["GET"]}}],"collection":[{"href":"https:\/\/verde-amarelo.net\/verdeamarelo\/wp-json\/wp\/v2\/posts"}],"about":[{"href":"https:\/\/verde-amarelo.net\/verdeamarelo\/wp-json\/wp\/v2\/types\/post"}],"author":[{"embeddable":true,"href":"https:\/\/verde-amarelo.net\/verdeamarelo\/wp-json\/wp\/v2\/users\/1"}],"replies":[{"embeddable":true,"href":"https:\/\/verde-amarelo.net\/verdeamarelo\/wp-json\/wp\/v2\/comments?post=62179"}],"version-history":[{"count":0,"href":"https:\/\/verde-amarelo.net\/verdeamarelo\/wp-json\/wp\/v2\/posts\/62179\/revisions"}],"wp:featuredmedia":[{"embeddable":true,"href":"https:\/\/verde-amarelo.net\/verdeamarelo\/wp-json\/wp\/v2\/media\/62180"}],"wp:attachment":[{"href":"https:\/\/verde-amarelo.net\/verdeamarelo\/wp-json\/wp\/v2\/media?parent=62179"}],"wp:term":[{"taxonomy":"category","embeddable":true,"href":"https:\/\/verde-amarelo.net\/verdeamarelo\/wp-json\/wp\/v2\/categories?post=62179"},{"taxonomy":"post_tag","embeddable":true,"href":"https:\/\/verde-amarelo.net\/verdeamarelo\/wp-json\/wp\/v2\/tags?post=62179"}],"curies":[{"name":"wp","href":"https:\/\/api.w.org\/{rel}","templated":true}]}}