{"id":62297,"date":"2023-03-21T21:58:12","date_gmt":"2023-03-22T00:58:12","guid":{"rendered":"https:\/\/www.highspeedbrazil.com.br\/?p=39723"},"modified":"2024-01-12T16:34:06","modified_gmt":"2024-01-12T19:34:06","slug":"nascar-brasil-vitor-genz-ganha-a-corrida-2-e-fecha-o-fim-de-semana-100-gaucho-em-goiania","status":"publish","type":"post","link":"https:\/\/verde-amarelo.net\/verdeamarelo\/2023\/03\/nascar-brasil-vitor-genz-ganha-a-corrida-2-e-fecha-o-fim-de-semana-100-gaucho-em-goiania\/","title":{"rendered":"NASCAR Brasil: Vitor Genz ganha a Corrida 2 e fecha o fim de semana 100% ga\u00facho em Goi\u00e2nia"},"content":{"rendered":"<p><em>Rafa Reis levou na PROAM com uma incr\u00edvel recupera\u00e7\u00e3o e L\u00e9o Yohii brilhou mais uma vez na AM<\/em><\/p>\n<p><a href=\"https:\/\/i1.wp.com\/www.highspeedbrazil.com.br\/wp-content\/uploads\/2023\/03\/419835_1051301__mg_4335_web_.jpg?ssl=1\"><img src=\"data:image\/gif;base64,R0lGODlhAQABAIAAAAAAAP\/\/\/ywAAAAAAQABAAACAUwAOw==\" fifu-lazy=\"1\" fifu-data-sizes=\"auto\" fifu-data-srcset=\"https:\/\/i3.wp.com\/verde-amarelo.net\/verdeamarelo\/wp-content\/uploads\/2023\/03\/nascar-brasil-vitor-genz-ganha-a-corrida-2-e-fecha-o-fim-de-semana-100-gaucho-em-goiania.webp?ssl=1&w=75&resize=75&ssl=1 75w, https:\/\/i3.wp.com\/verde-amarelo.net\/verdeamarelo\/wp-content\/uploads\/2023\/03\/nascar-brasil-vitor-genz-ganha-a-corrida-2-e-fecha-o-fim-de-semana-100-gaucho-em-goiania.webp?ssl=1&w=100&resize=100&ssl=1 100w, https:\/\/i3.wp.com\/verde-amarelo.net\/verdeamarelo\/wp-content\/uploads\/2023\/03\/nascar-brasil-vitor-genz-ganha-a-corrida-2-e-fecha-o-fim-de-semana-100-gaucho-em-goiania.webp?ssl=1&w=150&resize=150&ssl=1 150w, https:\/\/i3.wp.com\/verde-amarelo.net\/verdeamarelo\/wp-content\/uploads\/2023\/03\/nascar-brasil-vitor-genz-ganha-a-corrida-2-e-fecha-o-fim-de-semana-100-gaucho-em-goiania.webp?ssl=1&w=240&resize=240&ssl=1 240w, https:\/\/i3.wp.com\/verde-amarelo.net\/verdeamarelo\/wp-content\/uploads\/2023\/03\/nascar-brasil-vitor-genz-ganha-a-corrida-2-e-fecha-o-fim-de-semana-100-gaucho-em-goiania.webp?ssl=1&w=320&resize=320&ssl=1 320w, https:\/\/i3.wp.com\/verde-amarelo.net\/verdeamarelo\/wp-content\/uploads\/2023\/03\/nascar-brasil-vitor-genz-ganha-a-corrida-2-e-fecha-o-fim-de-semana-100-gaucho-em-goiania.webp?ssl=1&w=500&resize=500&ssl=1 500w, https:\/\/i3.wp.com\/verde-amarelo.net\/verdeamarelo\/wp-content\/uploads\/2023\/03\/nascar-brasil-vitor-genz-ganha-a-corrida-2-e-fecha-o-fim-de-semana-100-gaucho-em-goiania.webp?ssl=1&w=640&resize=640&ssl=1 640w, https:\/\/i3.wp.com\/verde-amarelo.net\/verdeamarelo\/wp-content\/uploads\/2023\/03\/nascar-brasil-vitor-genz-ganha-a-corrida-2-e-fecha-o-fim-de-semana-100-gaucho-em-goiania.webp?ssl=1&w=800&resize=800&ssl=1 800w, https:\/\/i3.wp.com\/verde-amarelo.net\/verdeamarelo\/wp-content\/uploads\/2023\/03\/nascar-brasil-vitor-genz-ganha-a-corrida-2-e-fecha-o-fim-de-semana-100-gaucho-em-goiania.webp?ssl=1&w=1024&resize=1024&ssl=1 1024w, https:\/\/i3.wp.com\/verde-amarelo.net\/verdeamarelo\/wp-content\/uploads\/2023\/03\/nascar-brasil-vitor-genz-ganha-a-corrida-2-e-fecha-o-fim-de-semana-100-gaucho-em-goiania.webp?ssl=1&w=1280&resize=1280&ssl=1 1280w, https:\/\/i3.wp.com\/verde-amarelo.net\/verdeamarelo\/wp-content\/uploads\/2023\/03\/nascar-brasil-vitor-genz-ganha-a-corrida-2-e-fecha-o-fim-de-semana-100-gaucho-em-goiania.webp?ssl=1&w=1600&resize=1600&ssl=1 1600w\" decoding=\"async\" loading=\"lazy\" data-attachment-id=\"39724\" data-permalink=\"https:\/\/www.highspeedbrazil.com.br\/nascar-brasil-vitor-genz-ganha-a-corrida-2-e-fecha-o-fim-de-semana-100-gaucho-em-goiania\/419835_1051301__mg_4335_web_\/\" data-orig-file=\"https:\/\/i1.wp.com\/www.highspeedbrazil.com.br\/wp-content\/uploads\/2023\/03\/419835_1051301__mg_4335_web_.jpg?fit=600%2C342&ssl=1\" data-orig-size=\"600,342\" data-comments-opened=\"1\" data-image-meta=\"{\"aperture\":\"0\",\"credit\":\"\",\"camera\":\"\",\"caption\":\"\",\"created_timestamp\":\"0\",\"copyright\":\"\",\"focal_length\":\"0\",\"iso\":\"0\",\"shutter_speed\":\"0\",\"title\":\"\",\"orientation\":\"0\"}\" data-image-title=\"419835_1051301__mg_4335_web_\" data-image-description data-medium-file=\"https:\/\/i1.wp.com\/www.highspeedbrazil.com.br\/wp-content\/uploads\/2023\/03\/419835_1051301__mg_4335_web_.jpg?fit=300%2C171&ssl=1\" data-large-file=\"https:\/\/i1.wp.com\/www.highspeedbrazil.com.br\/wp-content\/uploads\/2023\/03\/419835_1051301__mg_4335_web_.jpg?fit=600%2C342&ssl=1\" class=\" wp-image-39724 alignleft jetpack-lazy-image\" fifu-data-src=\"https:\/\/i3.wp.com\/verde-amarelo.net\/verdeamarelo\/wp-content\/uploads\/2023\/03\/nascar-brasil-vitor-genz-ganha-a-corrida-2-e-fecha-o-fim-de-semana-100-gaucho-em-goiania.webp?ssl=1\" alt width=\"335\" height=\"191\" data-recalc-dims=\"1\" data-lazy-srcset=\"https:\/\/verde-amarelo.net\/verdeamarelo\/wp-content\/uploads\/2023\/03\/nascar-brasil-vitor-genz-ganha-a-corrida-2-e-fecha-o-fim-de-semana-100-gaucho-em-goiania-1.jpg 600w, https:\/\/verde-amarelo.net\/verdeamarelo\/wp-content\/uploads\/2023\/03\/nascar-brasil-vitor-genz-ganha-a-corrida-2-e-fecha-o-fim-de-semana-100-gaucho-em-goiania-2.jpg 300w\" data-lazy-sizes=\"(max-width: 335px) 100vw, 335px\" srcset=\"data:image\/gif;base64,R0lGODlhAQABAIAAAAAAAP\/\/\/yH5BAEAAAAALAAAAAABAAEAAAIBRAA7\"><\/a><\/p>\n<p><noscript><img src=\"data:image\/gif;base64,R0lGODlhAQABAIAAAAAAAP\/\/\/ywAAAAAAQABAAACAUwAOw==\" fifu-lazy=\"1\" fifu-data-sizes=\"auto\" fifu-data-srcset=\"https:\/\/i3.wp.com\/verde-amarelo.net\/verdeamarelo\/wp-content\/uploads\/2023\/03\/nascar-brasil-vitor-genz-ganha-a-corrida-2-e-fecha-o-fim-de-semana-100-gaucho-em-goiania.webp?ssl=1&w=75&resize=75&ssl=1 75w, https:\/\/i3.wp.com\/verde-amarelo.net\/verdeamarelo\/wp-content\/uploads\/2023\/03\/nascar-brasil-vitor-genz-ganha-a-corrida-2-e-fecha-o-fim-de-semana-100-gaucho-em-goiania.webp?ssl=1&w=100&resize=100&ssl=1 100w, https:\/\/i3.wp.com\/verde-amarelo.net\/verdeamarelo\/wp-content\/uploads\/2023\/03\/nascar-brasil-vitor-genz-ganha-a-corrida-2-e-fecha-o-fim-de-semana-100-gaucho-em-goiania.webp?ssl=1&w=150&resize=150&ssl=1 150w, https:\/\/i3.wp.com\/verde-amarelo.net\/verdeamarelo\/wp-content\/uploads\/2023\/03\/nascar-brasil-vitor-genz-ganha-a-corrida-2-e-fecha-o-fim-de-semana-100-gaucho-em-goiania.webp?ssl=1&w=240&resize=240&ssl=1 240w, https:\/\/i3.wp.com\/verde-amarelo.net\/verdeamarelo\/wp-content\/uploads\/2023\/03\/nascar-brasil-vitor-genz-ganha-a-corrida-2-e-fecha-o-fim-de-semana-100-gaucho-em-goiania.webp?ssl=1&w=320&resize=320&ssl=1 320w, https:\/\/i3.wp.com\/verde-amarelo.net\/verdeamarelo\/wp-content\/uploads\/2023\/03\/nascar-brasil-vitor-genz-ganha-a-corrida-2-e-fecha-o-fim-de-semana-100-gaucho-em-goiania.webp?ssl=1&w=500&resize=500&ssl=1 500w, https:\/\/i3.wp.com\/verde-amarelo.net\/verdeamarelo\/wp-content\/uploads\/2023\/03\/nascar-brasil-vitor-genz-ganha-a-corrida-2-e-fecha-o-fim-de-semana-100-gaucho-em-goiania.webp?ssl=1&w=640&resize=640&ssl=1 640w, https:\/\/i3.wp.com\/verde-amarelo.net\/verdeamarelo\/wp-content\/uploads\/2023\/03\/nascar-brasil-vitor-genz-ganha-a-corrida-2-e-fecha-o-fim-de-semana-100-gaucho-em-goiania.webp?ssl=1&w=800&resize=800&ssl=1 800w, https:\/\/i3.wp.com\/verde-amarelo.net\/verdeamarelo\/wp-content\/uploads\/2023\/03\/nascar-brasil-vitor-genz-ganha-a-corrida-2-e-fecha-o-fim-de-semana-100-gaucho-em-goiania.webp?ssl=1&w=1024&resize=1024&ssl=1 1024w, https:\/\/i3.wp.com\/verde-amarelo.net\/verdeamarelo\/wp-content\/uploads\/2023\/03\/nascar-brasil-vitor-genz-ganha-a-corrida-2-e-fecha-o-fim-de-semana-100-gaucho-em-goiania.webp?ssl=1&w=1280&resize=1280&ssl=1 1280w, https:\/\/i3.wp.com\/verde-amarelo.net\/verdeamarelo\/wp-content\/uploads\/2023\/03\/nascar-brasil-vitor-genz-ganha-a-corrida-2-e-fecha-o-fim-de-semana-100-gaucho-em-goiania.webp?ssl=1&w=1600&resize=1600&ssl=1 1600w\" decoding=\"async\" loading=\"lazy\" data-attachment-id=\"39724\" data-permalink=\"https:\/\/www.highspeedbrazil.com.br\/nascar-brasil-vitor-genz-ganha-a-corrida-2-e-fecha-o-fim-de-semana-100-gaucho-em-goiania\/419835_1051301__mg_4335_web_\/\" data-orig-file=\"https:\/\/i1.wp.com\/www.highspeedbrazil.com.br\/wp-content\/uploads\/2023\/03\/419835_1051301__mg_4335_web_.jpg?fit=600%2C342&ssl=1\" data-orig-size=\"600,342\" data-comments-opened=\"1\" data-image-meta=\"{\"aperture\":\"0\",\"credit\":\"\",\"camera\":\"\",\"caption\":\"\",\"created_timestamp\":\"0\",\"copyright\":\"\",\"focal_length\":\"0\",\"iso\":\"0\",\"shutter_speed\":\"0\",\"title\":\"\",\"orientation\":\"0\"}\" data-image-title=\"419835_1051301__mg_4335_web_\" data-image-description data-medium-file=\"https:\/\/i1.wp.com\/www.highspeedbrazil.com.br\/wp-content\/uploads\/2023\/03\/419835_1051301__mg_4335_web_.jpg?fit=300%2C171&ssl=1\" data-large-file=\"https:\/\/i1.wp.com\/www.highspeedbrazil.com.br\/wp-content\/uploads\/2023\/03\/419835_1051301__mg_4335_web_.jpg?fit=600%2C342&ssl=1\" class=\" wp-image-39724 alignleft\" fifu-data-src=\"https:\/\/i3.wp.com\/verde-amarelo.net\/verdeamarelo\/wp-content\/uploads\/2023\/03\/nascar-brasil-vitor-genz-ganha-a-corrida-2-e-fecha-o-fim-de-semana-100-gaucho-em-goiania.webp?ssl=1\" alt width=\"335\" height=\"191\" srcset=\"https:\/\/verde-amarelo.net\/verdeamarelo\/wp-content\/uploads\/2023\/03\/nascar-brasil-vitor-genz-ganha-a-corrida-2-e-fecha-o-fim-de-semana-100-gaucho-em-goiania-1.jpg 600w, https:\/\/verde-amarelo.net\/verdeamarelo\/wp-content\/uploads\/2023\/03\/nascar-brasil-vitor-genz-ganha-a-corrida-2-e-fecha-o-fim-de-semana-100-gaucho-em-goiania-2.jpg 300w\" sizes=\"auto, (max-width: 335px) 100vw, 335px\" data-recalc-dims=\"1\"><\/noscript>Os ga\u00fachos deram um show na etapa de abertura da NASCAR Brasil, realizada neste domingo (19). Depois da vit\u00f3ria de Arthur Gama (PRO) na Corrida 1, pela manh\u00e3, na Corrida 2, no in\u00edcio da tarde, foi a vez de Vitor Genz comemorar o primeiro lugar no fim de semana. O piloto completou a prova no Aut\u00f3dromo Internacional Ayrton Senna, na capital goiana, com o tempo de 27min26seg729 (14 voltas), seguido pelo baiano Diego Moscato (PRO) e pelo paulista Guga Lima (PRO). A categoria volta no dia 30 de abril, com a segunda etapa em S\u00e3o Paulo, no Aut\u00f3dromo de Interlagos.<\/p>&nbsp;&nbsp;\n<p>A Corrida 2 dificultou a vida daqueles que apostaram na vit\u00f3ria deste ou daquele piloto antes da largada. Isso porque a altern\u00e2ncia de l\u00edder foi uma constante, sendo que o campe\u00e3o acabou sendo definido somente na volta final e, assim mesmo, numa disputa incr\u00edvel. Louren\u00e7o Beir\u00e3o, J\u00falio Campos, Diogo Moscato, Guga Lima e, finalmente, Vitor Genz sentiram o prazer de ocupar a primeira coloca\u00e7\u00e3o.<\/p>&nbsp;&nbsp;\n<p>Quase no final da prova, faltando duas voltas, uma relargada acabou definindo a sorte da prova. Genz, que largou em oitavo, aproveitou a queda de rendimento de Julio Campos e uma vez na frente, conseguiu a vit\u00f3ria mesmo sofrendo com uma grande press\u00e3o de Moscato at\u00e9 a linha de chegada.<\/p>&nbsp;&nbsp;\n<p>O campe\u00e3o destacou, apesar da conquista, as dificuldades enfrentadas no domingo. \u201cO sin\u00f4nimo dessa conquista \u00e9 luta. Para estar no grid, para os mec\u00e2nicos que trabalharam para nos colocar no grid. Deu tudo certo, n\u00e3o poderia ser melhor. Dedico \u00e0 esposa que estamos casados h\u00e1 dois meses\u201d, declarou Vitor Genz.<\/p>&nbsp;&nbsp;\n<p>Recupera\u00e7\u00e3o tamb\u00e9m foi o resumo da jornada do paulista Rafa Reis, o melhor da PROAM e que finalizou em quinto no geral. \u201cSai na \u00faltima coloca\u00e7\u00e3o, mas desde ontem sabia que tinha um carro competitivo. Consegui uma boa rea\u00e7\u00e3o na relargada e decidi n\u00e3o brigar com o pessoal da PRO, ficando em quinto e garantindo o primeiro lugar na categoria\u201d, explicou.<\/p>&nbsp;&nbsp;\n<p>Quem tamb\u00e9m n\u00e3o teve uma disputa tranquila foi L\u00e9o Yoshii. Depois de superar v\u00e1rios contratempos, ele garantiu a vit\u00f3ria. \u201cFoi uma corrida\u00e7a. Depois da largada, sa\u00ed da pista tive de ir para o box arrumar a carenagem que estava pegando no pneu. Voltei uma com quase um volta atr\u00e1s e consegui me recuperar. Isso prova que o importante \u00e9 nunca desistir. Nunca!\u201d, afirmou o vencedor da AM.<\/p>&nbsp;&nbsp;\n<p>A BandSports exibir\u00e1 todas as emo\u00e7\u00f5es da NASCAR Brasil, que transmitir\u00e1, ao vivo, a \u00faltima corrida de cada etapa, junto com os momentos da Corrida 1 do fim de semana. As corridas tamb\u00e9m ter\u00e3o transmiss\u00e3o ao vivo via streaming no Youtube, nos canais da @NASCARBrasil, @MotorsportBrasil, Portal Hight Speed, NSC \u2013 Nation Sports Channel e Parc Ferm\u00e9 (It\u00e1lia). Al\u00e9m disso, haver\u00e1 cobertura dos bastidores nas plataformas digitais da competi\u00e7\u00e3o.<\/p>&nbsp;&nbsp;\n<p>A NASCAR Brasil Sprint Race \u00e9 conta com apoio da Pirelli, Frum, Militec1 e fornecedores oficiais Militec1, Embreagex, Nano4you, Tecpads, Sparco, Real Radiadores, Zanoello e Graxa.<\/p>&nbsp;&nbsp;\n<p><strong>Resultado da corrida 2<\/strong><\/p>\n<p>1) #46 Vitor Genz\/ Rapha Teixeira, PRO, 14 voltas, 27min26s729<\/p>\n<p>2) #54 Diogo Moscato, PRO, a 0s183<\/p>\n<p>3) #2&nbsp; Guga Lima, PRO, a 3s006<\/p>\n<p>4) #88 Beto Monteiro\/ Alex Seid, PRO, a 3s224<\/p>\n<p>5) #32 Rafa Reis\/ L\u00e9o Reis, PROAM, a 4s165<\/p>\n<p>6) #27 Rodrigo Sperafico \/ Lucas Mendes, a 4s489<\/p>\n<p>7) #98 Luan Lopes, PROAM, a 7s169<\/p>\n<p>8) #28 Guilherme Backes, PROAM, a 7s327<\/p>\n<p>9) #78 L\u00e9o Yoshii, AM, a 8s407<\/p>\n<p>10) #87 Jorge Martelli , PROAM, a 8s409<\/p>\n<p>11) #57 Jo\u00e3o Bortoluzzi\/ Felipinho Tozzo, PROAM, a 8s477<\/p>\n<p>12) #42 Fernando Nakamura, AM, a 12s481<\/p>\n<p>13) #08 Alexandre Kau\u00ea, AM, a 13s848<\/p>\n<p>14) #11 Rafa Dias, PRO, a 15s989<\/p>\n<p>15) #07 Brendon Zonta\/ R\u00f4mulo Molinari, AM, a 20s797<\/p>\n<p>16) #12 Edson Reis, AM, a 21s173<\/p>\n<p>17) #72 Louren\u00e7o Beir\u00e3o\/ Giovani Girotto, PROAM, a 1 volta<\/p>\n<p>18) #80 Rafael Seibel , PROAM, a 1 volta<\/p>\n<p>19) #1 J\u00falio Campos\/ L\u00e9o Torres , PRO, a 2 voltas<\/p>\n<p>20) #09 Arthur Gama, PRO, a 2 voltas<\/p>\n<p>21) #59 Dorivaldo Gondra Jr.\/ Cassiano Lopes, AM, a 2 voltas<\/p>\n<p><em>N\u00e3o completaram 75% da prova:<\/em><\/p>\n<p>22) #00 Henry Couto, AM, a 6 voltas<\/p>\n<p>23) #04 Cayan Chianca\/ Pedro B\u00fcrger, PROAM, a 11 voltas<\/p>\n<p>24) #31 Roberto Possas, AM, sem tempo<\/p>\n<p>Melhor volta: &nbsp;#9 Arthur Gama, 1min38s182, a 140,616km\/h<\/p>\n<p>\u2013<\/p>\n<p><strong>Acompanhe os treinos no App ou site pelo Race Hero:&nbsp; https:\/\/racehero.io\/events\/copa-truck-nascar-brasil\/results<\/strong><\/p>\n<p>\u2013<\/p>\n<p><strong>Classifica\u00e7\u00e3o do campeonato, ap\u00f3s duas corridas:<\/strong><\/p>\n<p><strong>&nbsp;<\/strong><\/p>\n<p><strong>PRO<\/strong><\/p>\n<p>1) Diogo Moscato, 40 pontos<\/p>\n<p>2) Vitor Genz \/ Rapha Teixeira, 35<\/p>\n<p>3) Arthur Gama, 31<\/p>\n<p>4) Guga Lima, 30<\/p>\n<p>5) Julio Campos \/ L\u00e9o Torres, 28<\/p>\n<p>6) Beto Monteiro \/ Alex Seid, 26<\/p>\n<p>7) Rafa Dias, 26<\/p>\n<p>8) Rodrigo Sperafico \/ Lucas Mendes, 12<\/p>\n<p><strong>PROAM<\/strong><\/p>\n<p>1) L\u00e9o Reis \/ Rafa Reis, 45 pontos<\/p>\n<p>2) Luan Lopes, 45<\/p>\n<p>3) Louren\u00e7o Beir\u00e3o\/ Giovani Girotto, 22<\/p>\n<p>4) Fe Tozzo &nbsp;\/ Jo\u00e3o Bortoluzzi, 22<\/p>\n<p>5) Jorge Martelli, 22<\/p>\n<p>6) Rafael Seibel, 22<\/p>\n<p>7) Guilherme Backes, 16<\/p>\n<p>8) Pedro B\u00fcrger \/ Cayan Chianca, 16<\/p>\n<p><strong>AM<\/strong><\/p>\n<p>1) R\u00f4mulo Molinari \/ Brendon Zonta, 39 pontos<\/p>\n<p>2) Fernando Nakamura, 36<\/p>\n<p>3) L\u00e9o Yoshii, 33<\/p>\n<p>4) Alexandre Kau\u00ea, 30<\/p>\n<p>5) Henry Couto, 28<\/p>\n<p>6) Edson Reis, 24<\/p>\n<p>7) Cassiano Lopes \/ Dorivaldo Gondra Jr., 20<\/p>\n<p>8) Roberto Possas, 0<\/p>\n<p>\u2013<\/p>\n<p><strong>Confira os locais e datas da NASCAR Brasil \u2013 Sprint Race 2023:<\/strong><\/p>\n<p><em>Etapa 1 \u2013 19 de mar\u00e7o \u2013 Goi\u00e2nia\/GO<\/em><\/p>\n<p>Etapa 2 \u2013 30 de abril \u2013 Interlagos \u2013 S\u00e3o Paulo\/SP<\/p>\n<p>Etapa 3 \u2013 03 de junho \u2013 Londrina\/PR<\/p>\n<p>Etapa 4 \u2013 02 de julho \u2013 Cascavel\/PR<\/p>\n<p>Etapa 5 \u2013 06 de agosto \u2013 Interlagos \u2013 S\u00e3o Paulo\/SP (#SpecialEdition)<\/p>\n<p>Etapa 6 \u2013 10 de setembro \u2013 Velocitta\/SP (#SpecialEdition)<\/p>\n<p>Etapa 7 \u2013 15 de outubro \u2013 Tarum\u00e3, Viam\u00e3o\/RS<\/p>\n<p>Etapa 8 \u2013 19 de novembro \u2013 Goi\u00e2nia\/GO<\/p>\n<p>\u2013<\/p>\n<p><strong>Siga-nos tamb\u00e9m nas redes sociais:<\/strong><\/p>\n<p>Instagram: @NASCARBrasil<\/p>\n<p>Youtube: @NASCARBrasilSprintRace<\/p>\n<p>Facebook: @NASCARBrasilSprintRace<\/p>\n<p>Twitter: @NASCARBrasil<\/p>\n<p>Tik Tok: @NASCARBrasil<\/p>\n<p>Foto:&nbsp;Luciano Santos \/ SiGCom<\/p>\n<p>por: SIG Comunica\u00e7\u00e3o<\/p>\n<div class=\"sharedaddy sd-sharing-enabled\">\n<div class=\"robots-nocontent sd-block sd-social sd-social-icon sd-sharing\">\n<h3 class=\"sd-title\">Compartilhe isso:<\/h3>\n<\/div>\n<\/div>\n<p> Cr\u00e9ditos: High Speed Brazil<\/p>\n","protected":false},"excerpt":{"rendered":"<p>Rafa Reis levou na PROAM com uma incr\u00edvel recupera\u00e7\u00e3o e L\u00e9o Yohii brilhou mais uma&#8230;<\/p>\n","protected":false},"author":1,"featured_media":62298,"comment_status":"closed","ping_status":"closed","sticky":false,"template":"","format":"standard","meta":{"fifu_image_url":"","fifu_image_alt":"","footnotes":""},"categories":[8428,7492,727,8425],"tags":[11761,7738,1888,1593,3836,6183,6029,6307,735,6255,160,2989,2575,1817,6459,297,8530,163,1683,2475,7591,1471,8545,1739,3824,2958,3897,1095,3657,8531,76,4383,563,3018,6585,77,6068,411,2752,4422,1878,2655,8405,7665,3444,1558,5920,6389,2606,1870,4047,83,1796,6330,874,8056,6367,712,2120,8266,8406,1712,3476,2424,6588,8426,2545,2177,1613],"class_list":["post-62297","post","type-post","status-publish","format-standard","has-post-thumbnail","hentry","category-automobilismo","category-esportes","category-noticias","category-verde-amarelo","tag-11761","tag-7738","tag-apoio","tag-app","tag-assim","tag-autodromo-de-interlagos","tag-automobilismo","tag-beto-monteiro","tag-brasil","tag-campeao","tag-campeonato","tag-canais","tag-capital","tag-carro","tag-cascavel","tag-categoria","tag-classificacao","tag-competicao","tag-comunicacao","tag-conta","tag-copa","tag-corrida","tag-creditos","tag-dia","tag-digitais","tag-disputa","tag-e","tag-emocoes","tag-esportes","tag-etapa-1","tag-facebook","tag-fornecedores","tag-gama","tag-geral","tag-goiania","tag-instagram","tag-interlagos","tag-internacional","tag-ir","tag-italia","tag-jornada","tag-lider","tag-nascar","tag-nascar-brasil-sprint-race","tag-pessoal","tag-pontos","tag-pr","tag-rapha-teixeira","tag-real","tag-recuperacao","tag-redes","tag-redes-sociais","tag-resultado","tag-roberto-possas","tag-sao-paulo","tag-santos","tag-segunda-etapa","tag-show","tag-site","tag-sp","tag-sprint-race","tag-streaming","tag-transmissao","tag-twitter","tag-velocitta","tag-verde-amarelo","tag-via","tag-vivo","tag-youtube","wpcat-8428-id","wpcat-7492-id","wpcat-727-id","wpcat-8425-id"],"_links":{"self":[{"href":"https:\/\/verde-amarelo.net\/verdeamarelo\/wp-json\/wp\/v2\/posts\/62297","targetHints":{"allow":["GET"]}}],"collection":[{"href":"https:\/\/verde-amarelo.net\/verdeamarelo\/wp-json\/wp\/v2\/posts"}],"about":[{"href":"https:\/\/verde-amarelo.net\/verdeamarelo\/wp-json\/wp\/v2\/types\/post"}],"author":[{"embeddable":true,"href":"https:\/\/verde-amarelo.net\/verdeamarelo\/wp-json\/wp\/v2\/users\/1"}],"replies":[{"embeddable":true,"href":"https:\/\/verde-amarelo.net\/verdeamarelo\/wp-json\/wp\/v2\/comments?post=62297"}],"version-history":[{"count":0,"href":"https:\/\/verde-amarelo.net\/verdeamarelo\/wp-json\/wp\/v2\/posts\/62297\/revisions"}],"wp:featuredmedia":[{"embeddable":true,"href":"https:\/\/verde-amarelo.net\/verdeamarelo\/wp-json\/wp\/v2\/media\/62298"}],"wp:attachment":[{"href":"https:\/\/verde-amarelo.net\/verdeamarelo\/wp-json\/wp\/v2\/media?parent=62297"}],"wp:term":[{"taxonomy":"category","embeddable":true,"href":"https:\/\/verde-amarelo.net\/verdeamarelo\/wp-json\/wp\/v2\/categories?post=62297"},{"taxonomy":"post_tag","embeddable":true,"href":"https:\/\/verde-amarelo.net\/verdeamarelo\/wp-json\/wp\/v2\/tags?post=62297"}],"curies":[{"name":"wp","href":"https:\/\/api.w.org\/{rel}","templated":true}]}}