{"id":62360,"date":"2023-03-23T09:29:09","date_gmt":"2023-03-23T12:29:09","guid":{"rendered":"https:\/\/www.highspeedbrazil.com.br\/?p=39782"},"modified":"2024-01-12T16:48:43","modified_gmt":"2024-01-12T19:48:43","slug":"galo-e-arena-mrv-estarao-na-formula-e","status":"publish","type":"post","link":"https:\/\/verde-amarelo.net\/verdeamarelo\/2023\/03\/galo-e-arena-mrv-estarao-na-formula-e\/","title":{"rendered":"Galo e Arena MRV estar\u00e3o na F\u00f3rmula-E"},"content":{"rendered":"<p><em>Piloto S\u00e9rgio Sette C\u00e2mara correr\u00e1 com capacete em homenagem aos 115 anos do Clube Atl\u00e9tico Mineiro e \u00e0 Arena MRV<\/em><\/p>\n<p><a href=\"https:\/\/i0.wp.com\/www.highspeedbrazil.com.br\/wp-content\/uploads\/2023\/03\/420026_1051792_unnamed_web_.jpg?ssl=1\"><img src=\"data:image\/gif;base64,R0lGODlhAQABAIAAAAAAAP\/\/\/ywAAAAAAQABAAACAUwAOw==\" fifu-lazy=\"1\" fifu-data-sizes=\"auto\" fifu-data-srcset=\"https:\/\/i0.wp.com\/verde-amarelo.net\/verdeamarelo\/wp-content\/uploads\/2023\/03\/galo-e-arena-mrv-estarao-na-formula-e.webp?ssl=1&w=75&resize=75&ssl=1 75w, https:\/\/i0.wp.com\/verde-amarelo.net\/verdeamarelo\/wp-content\/uploads\/2023\/03\/galo-e-arena-mrv-estarao-na-formula-e.webp?ssl=1&w=100&resize=100&ssl=1 100w, https:\/\/i0.wp.com\/verde-amarelo.net\/verdeamarelo\/wp-content\/uploads\/2023\/03\/galo-e-arena-mrv-estarao-na-formula-e.webp?ssl=1&w=150&resize=150&ssl=1 150w, https:\/\/i0.wp.com\/verde-amarelo.net\/verdeamarelo\/wp-content\/uploads\/2023\/03\/galo-e-arena-mrv-estarao-na-formula-e.webp?ssl=1&w=240&resize=240&ssl=1 240w, https:\/\/i0.wp.com\/verde-amarelo.net\/verdeamarelo\/wp-content\/uploads\/2023\/03\/galo-e-arena-mrv-estarao-na-formula-e.webp?ssl=1&w=320&resize=320&ssl=1 320w, https:\/\/i0.wp.com\/verde-amarelo.net\/verdeamarelo\/wp-content\/uploads\/2023\/03\/galo-e-arena-mrv-estarao-na-formula-e.webp?ssl=1&w=500&resize=500&ssl=1 500w, https:\/\/i0.wp.com\/verde-amarelo.net\/verdeamarelo\/wp-content\/uploads\/2023\/03\/galo-e-arena-mrv-estarao-na-formula-e.webp?ssl=1&w=640&resize=640&ssl=1 640w, https:\/\/i0.wp.com\/verde-amarelo.net\/verdeamarelo\/wp-content\/uploads\/2023\/03\/galo-e-arena-mrv-estarao-na-formula-e.webp?ssl=1&w=800&resize=800&ssl=1 800w, https:\/\/i0.wp.com\/verde-amarelo.net\/verdeamarelo\/wp-content\/uploads\/2023\/03\/galo-e-arena-mrv-estarao-na-formula-e.webp?ssl=1&w=1024&resize=1024&ssl=1 1024w, https:\/\/i0.wp.com\/verde-amarelo.net\/verdeamarelo\/wp-content\/uploads\/2023\/03\/galo-e-arena-mrv-estarao-na-formula-e.webp?ssl=1&w=1280&resize=1280&ssl=1 1280w, https:\/\/i0.wp.com\/verde-amarelo.net\/verdeamarelo\/wp-content\/uploads\/2023\/03\/galo-e-arena-mrv-estarao-na-formula-e.webp?ssl=1&w=1600&resize=1600&ssl=1 1600w\" decoding=\"async\" loading=\"lazy\" data-attachment-id=\"39783\" data-permalink=\"https:\/\/www.highspeedbrazil.com.br\/galo-e-arena-mrv-estarao-na-formula-e\/420026_1051792_unnamed_web_\/\" data-orig-file=\"https:\/\/i0.wp.com\/www.highspeedbrazil.com.br\/wp-content\/uploads\/2023\/03\/420026_1051792_unnamed_web_.jpg?fit=600%2C400&ssl=1\" data-orig-size=\"600,400\" data-comments-opened=\"1\" data-image-meta=\"{\"aperture\":\"0\",\"credit\":\"\",\"camera\":\"\",\"caption\":\"\",\"created_timestamp\":\"0\",\"copyright\":\"\",\"focal_length\":\"0\",\"iso\":\"0\",\"shutter_speed\":\"0\",\"title\":\"\",\"orientation\":\"0\"}\" data-image-title=\"420026_1051792_unnamed_web_\" data-image-description data-medium-file=\"https:\/\/i0.wp.com\/www.highspeedbrazil.com.br\/wp-content\/uploads\/2023\/03\/420026_1051792_unnamed_web_.jpg?fit=300%2C200&ssl=1\" data-large-file=\"https:\/\/i0.wp.com\/www.highspeedbrazil.com.br\/wp-content\/uploads\/2023\/03\/420026_1051792_unnamed_web_.jpg?fit=600%2C400&ssl=1\" class=\" wp-image-39783 alignleft jetpack-lazy-image\" fifu-data-src=\"https:\/\/i0.wp.com\/verde-amarelo.net\/verdeamarelo\/wp-content\/uploads\/2023\/03\/galo-e-arena-mrv-estarao-na-formula-e.webp?ssl=1\" alt width=\"293\" height=\"195\" data-recalc-dims=\"1\" data-lazy-srcset=\"https:\/\/verde-amarelo.net\/verdeamarelo\/wp-content\/uploads\/2023\/03\/galo-e-arena-mrv-estarao-na-formula-e-1.jpg 600w, https:\/\/verde-amarelo.net\/verdeamarelo\/wp-content\/uploads\/2023\/03\/galo-e-arena-mrv-estarao-na-formula-e-2.jpg 300w\" data-lazy-sizes=\"(max-width: 293px) 100vw, 293px\" srcset=\"data:image\/gif;base64,R0lGODlhAQABAIAAAAAAAP\/\/\/yH5BAEAAAAALAAAAAABAAEAAAIBRAA7\"><\/a><\/p>\n<p><noscript><img src=\"data:image\/gif;base64,R0lGODlhAQABAIAAAAAAAP\/\/\/ywAAAAAAQABAAACAUwAOw==\" fifu-lazy=\"1\" fifu-data-sizes=\"auto\" fifu-data-srcset=\"https:\/\/i0.wp.com\/verde-amarelo.net\/verdeamarelo\/wp-content\/uploads\/2023\/03\/galo-e-arena-mrv-estarao-na-formula-e.webp?ssl=1&w=75&resize=75&ssl=1 75w, https:\/\/i0.wp.com\/verde-amarelo.net\/verdeamarelo\/wp-content\/uploads\/2023\/03\/galo-e-arena-mrv-estarao-na-formula-e.webp?ssl=1&w=100&resize=100&ssl=1 100w, https:\/\/i0.wp.com\/verde-amarelo.net\/verdeamarelo\/wp-content\/uploads\/2023\/03\/galo-e-arena-mrv-estarao-na-formula-e.webp?ssl=1&w=150&resize=150&ssl=1 150w, https:\/\/i0.wp.com\/verde-amarelo.net\/verdeamarelo\/wp-content\/uploads\/2023\/03\/galo-e-arena-mrv-estarao-na-formula-e.webp?ssl=1&w=240&resize=240&ssl=1 240w, https:\/\/i0.wp.com\/verde-amarelo.net\/verdeamarelo\/wp-content\/uploads\/2023\/03\/galo-e-arena-mrv-estarao-na-formula-e.webp?ssl=1&w=320&resize=320&ssl=1 320w, https:\/\/i0.wp.com\/verde-amarelo.net\/verdeamarelo\/wp-content\/uploads\/2023\/03\/galo-e-arena-mrv-estarao-na-formula-e.webp?ssl=1&w=500&resize=500&ssl=1 500w, https:\/\/i0.wp.com\/verde-amarelo.net\/verdeamarelo\/wp-content\/uploads\/2023\/03\/galo-e-arena-mrv-estarao-na-formula-e.webp?ssl=1&w=640&resize=640&ssl=1 640w, https:\/\/i0.wp.com\/verde-amarelo.net\/verdeamarelo\/wp-content\/uploads\/2023\/03\/galo-e-arena-mrv-estarao-na-formula-e.webp?ssl=1&w=800&resize=800&ssl=1 800w, https:\/\/i0.wp.com\/verde-amarelo.net\/verdeamarelo\/wp-content\/uploads\/2023\/03\/galo-e-arena-mrv-estarao-na-formula-e.webp?ssl=1&w=1024&resize=1024&ssl=1 1024w, https:\/\/i0.wp.com\/verde-amarelo.net\/verdeamarelo\/wp-content\/uploads\/2023\/03\/galo-e-arena-mrv-estarao-na-formula-e.webp?ssl=1&w=1280&resize=1280&ssl=1 1280w, https:\/\/i0.wp.com\/verde-amarelo.net\/verdeamarelo\/wp-content\/uploads\/2023\/03\/galo-e-arena-mrv-estarao-na-formula-e.webp?ssl=1&w=1600&resize=1600&ssl=1 1600w\" decoding=\"async\" loading=\"lazy\" data-attachment-id=\"39783\" data-permalink=\"https:\/\/www.highspeedbrazil.com.br\/galo-e-arena-mrv-estarao-na-formula-e\/420026_1051792_unnamed_web_\/\" data-orig-file=\"https:\/\/i0.wp.com\/www.highspeedbrazil.com.br\/wp-content\/uploads\/2023\/03\/420026_1051792_unnamed_web_.jpg?fit=600%2C400&ssl=1\" data-orig-size=\"600,400\" data-comments-opened=\"1\" data-image-meta=\"{\"aperture\":\"0\",\"credit\":\"\",\"camera\":\"\",\"caption\":\"\",\"created_timestamp\":\"0\",\"copyright\":\"\",\"focal_length\":\"0\",\"iso\":\"0\",\"shutter_speed\":\"0\",\"title\":\"\",\"orientation\":\"0\"}\" data-image-title=\"420026_1051792_unnamed_web_\" data-image-description data-medium-file=\"https:\/\/i0.wp.com\/www.highspeedbrazil.com.br\/wp-content\/uploads\/2023\/03\/420026_1051792_unnamed_web_.jpg?fit=300%2C200&ssl=1\" data-large-file=\"https:\/\/i0.wp.com\/www.highspeedbrazil.com.br\/wp-content\/uploads\/2023\/03\/420026_1051792_unnamed_web_.jpg?fit=600%2C400&ssl=1\" class=\" wp-image-39783 alignleft\" fifu-data-src=\"https:\/\/i0.wp.com\/verde-amarelo.net\/verdeamarelo\/wp-content\/uploads\/2023\/03\/galo-e-arena-mrv-estarao-na-formula-e.webp?ssl=1\" alt width=\"293\" height=\"195\" srcset=\"https:\/\/verde-amarelo.net\/verdeamarelo\/wp-content\/uploads\/2023\/03\/galo-e-arena-mrv-estarao-na-formula-e-1.jpg 600w, https:\/\/verde-amarelo.net\/verdeamarelo\/wp-content\/uploads\/2023\/03\/galo-e-arena-mrv-estarao-na-formula-e-2.jpg 300w\" sizes=\"auto, (max-width: 293px) 100vw, 293px\" data-recalc-dims=\"1\"><\/noscript>Neste s\u00e1bado, 25 de mar\u00e7o, a cidade de S\u00e3o Paulo entrar\u00e1 mais uma vez para a hist\u00f3ria do automobilismo no Brasil ao receber a primeira corrida do Campeonato Mundial da F\u00f3rmula-E no pa\u00eds. A competi\u00e7\u00e3o que re\u00fane ve\u00edculos 100% el\u00e9tricos e compete nas ruas das principais cidades do mundo est\u00e1 em sua nona temporada e tem como uma de suas estrelas o piloto S\u00e9rgio Sette C\u00e2mara, de Belo Horizonte.<\/p>&nbsp;&nbsp;\n<p>Serginho, como \u00e9 conhecido nas pistas, teve passagem vitoriosa pelas principais categorias de base do automobilismo mundial. Em sua trajet\u00f3ria teve participa\u00e7\u00e3o nas equipes McLaren, Red Bull e Alpha Tauri na F-1 e, desde 2020, direcionou a sua carreira para as competi\u00e7\u00f5es da F\u00f3rmula-E.<\/p>&nbsp;&nbsp;\n<p>Vindo de uma fam\u00edlia de atleticanos e filho do ex-presidente do Clube Atl\u00e9tico Mineiro \u2013 S\u00e9rgio Sette C\u00e2mara (pai), o piloto decidiu fazer na corrida deste fim de semana uma homenagem ao Clube, que neste mesmo dia 25 completar\u00e1 115 anos e, tamb\u00e9m, \u00e0 Arena MRV \u2013 est\u00e1dio que est\u00e1 sendo constru\u00eddo pelo clube com inaugura\u00e7\u00e3o prevista para o pr\u00f3ximo dia 15 de abril.<\/p>&nbsp;&nbsp;\n<p>O capacete que Serginho usar\u00e1 na corrida teve a sua identidade visual idealizada pelo artista Jos\u00e9 Augusto Bas\u00edlio e a pintura executada pela Starling Design, ambos de Belo Horizonte. O grafismo mostra, em linhas gerais, os contornos da Arena MRV permeados por grafismos em branco, preto e cinza. Nas laterais um grande n\u00famero 7 remete ao nome do piloto e, na parte interna deste n\u00famero, o logo do Clube Atl\u00e9tico Mineiro de um lado e o j\u00e1 hist\u00f3rico \u201cGalo Volpi\u201d, de outro. Para completar, na parte traseira do capacete, as bandeiras de Minas Gerais e do Brasil permeadas pelo n\u00famero 115 no centro de um s\u00edmbolo que remete \u00e0 logo do clube fazem \u00e0 men\u00e7\u00e3o hist\u00f3rica ao anivers\u00e1rio.<\/p>&nbsp;&nbsp;\n<p>\u201cEstou muito feliz em correr no Brasil pela primeira vez desde que me profissionalizei no automobilismo. Normalmente, em suas corridas de casa, os pilotos costumam fazer uma homenagem aos seus pa\u00edses de origem. Por\u00e9m, como em meu capacete tradicional eu j\u00e1 uso as cores da Bandeira do Brasil, achei que faria todo o sentido fazer uma homenagem diferente e especial para o Galo e, tamb\u00e9m, para a MRV \u2013 empresa que me patrocina h\u00e1 seis anos e d\u00e1 nome ao novo est\u00e1dio do meu clube do cora\u00e7\u00e3o. Depois da corrida este capacete ser\u00e1 doado ao acervo da Arena MRV e estar\u00e1 dispon\u00edvel para todos os f\u00e3s e torcedores poderem ver de perto a pe\u00e7a. Agrade\u00e7o ao Jos\u00e9 Augusto e ao Bruno Starling pelo trabalho e espero que a pintura me d\u00ea muita sorte na corrida do Anhembi, neste fim de semana\u201d, concluiu o piloto de 24 anos.<\/p>&nbsp;&nbsp;\n<p>A sexta etapa do Campeonato Mundial de F\u00f3rmula-E ser\u00e1 disputada as 14 horas deste s\u00e1bado, dia 25 de mar\u00e7o, no Samb\u00f3dromo do Anhembi, em S\u00e3o Paulo. Os \u00faltimos ingressos ainda est\u00e3o \u00e0 venda pelo site eventim.com.br.<\/p>&nbsp;&nbsp;\n<p>Fotos: Fl\u00e1vio Quick | Divulga\u00e7\u00e3o<\/p>\n<p>Por: Quick Comunica\u00e7\u00e3o<\/p>\n<div class=\"sharedaddy sd-sharing-enabled\">\n<div class=\"robots-nocontent sd-block sd-social sd-social-icon sd-sharing\">\n<h3 class=\"sd-title\">Compartilhe isso:<\/h3>\n<\/div>\n<\/div>\n<p> Cr\u00e9ditos: High Speed Brazil<\/p>\n","protected":false},"excerpt":{"rendered":"<p>Piloto S\u00e9rgio Sette C\u00e2mara correr\u00e1 com capacete em homenagem aos 115 anos do Clube Atl\u00e9tico&#8230;<\/p>\n","protected":false},"author":1,"featured_media":62361,"comment_status":"closed","ping_status":"closed","sticky":false,"template":"","format":"standard","meta":{"fifu_image_url":"","fifu_image_alt":"","footnotes":""},"categories":[8428,7492,727,8425],"tags":[11761,687,3269,4688,6029,3401,3247,2495,735,160,1525,2425,161,8455,163,1683,5881,1471,8545,5603,1739,3897,4021,2008,3657,2587,4096,3468,2677,7838,2518,3328,4268,36,6909,707,3414,1702,7041,6151,874,8244,2120,2101,152,1589,8426,519],"class_list":["post-62360","post","type-post","status-publish","format-standard","has-post-thumbnail","hentry","category-automobilismo","category-esportes","category-noticias","category-verde-amarelo","tag-11761","tag-687","tag-anhembi","tag-arena","tag-automobilismo","tag-bandeiras","tag-base","tag-belo-horizonte","tag-brasil","tag-campeonato","tag-carreira","tag-casa","tag-categorias","tag-cidades","tag-competicao","tag-comunicacao","tag-cores","tag-corrida","tag-creditos","tag-design","tag-dia","tag-e","tag-eletricos","tag-empresa","tag-esportes","tag-ex-presidente","tag-fas","tag-fotos","tag-historia","tag-homenagem","tag-identidade-visual","tag-inauguracao","tag-logo","tag-minas-gerais","tag-mrv","tag-mundo","tag-peca","tag-presidente","tag-red-bull","tag-sergio-sette","tag-sao-paulo","tag-sambodromo","tag-site","tag-temporada","tag-trabalho","tag-veiculos","tag-verde-amarelo","tag-visual","wpcat-8428-id","wpcat-7492-id","wpcat-727-id","wpcat-8425-id"],"_links":{"self":[{"href":"https:\/\/verde-amarelo.net\/verdeamarelo\/wp-json\/wp\/v2\/posts\/62360","targetHints":{"allow":["GET"]}}],"collection":[{"href":"https:\/\/verde-amarelo.net\/verdeamarelo\/wp-json\/wp\/v2\/posts"}],"about":[{"href":"https:\/\/verde-amarelo.net\/verdeamarelo\/wp-json\/wp\/v2\/types\/post"}],"author":[{"embeddable":true,"href":"https:\/\/verde-amarelo.net\/verdeamarelo\/wp-json\/wp\/v2\/users\/1"}],"replies":[{"embeddable":true,"href":"https:\/\/verde-amarelo.net\/verdeamarelo\/wp-json\/wp\/v2\/comments?post=62360"}],"version-history":[{"count":0,"href":"https:\/\/verde-amarelo.net\/verdeamarelo\/wp-json\/wp\/v2\/posts\/62360\/revisions"}],"wp:featuredmedia":[{"embeddable":true,"href":"https:\/\/verde-amarelo.net\/verdeamarelo\/wp-json\/wp\/v2\/media\/62361"}],"wp:attachment":[{"href":"https:\/\/verde-amarelo.net\/verdeamarelo\/wp-json\/wp\/v2\/media?parent=62360"}],"wp:term":[{"taxonomy":"category","embeddable":true,"href":"https:\/\/verde-amarelo.net\/verdeamarelo\/wp-json\/wp\/v2\/categories?post=62360"},{"taxonomy":"post_tag","embeddable":true,"href":"https:\/\/verde-amarelo.net\/verdeamarelo\/wp-json\/wp\/v2\/tags?post=62360"}],"curies":[{"name":"wp","href":"https:\/\/api.w.org\/{rel}","templated":true}]}}