{"id":62373,"date":"2023-03-23T10:58:16","date_gmt":"2023-03-23T13:58:16","guid":{"rendered":"https:\/\/www.highspeedbrazil.com.br\/?p=39810"},"modified":"2024-01-12T16:50:25","modified_gmt":"2024-01-12T19:50:25","slug":"imperio-endurance-brasil-abre-2023-com-novidades-no-grid-e-no-formato-das-provas","status":"publish","type":"post","link":"https:\/\/verde-amarelo.net\/verdeamarelo\/2023\/03\/imperio-endurance-brasil-abre-2023-com-novidades-no-grid-e-no-formato-das-provas\/","title":{"rendered":"Imp\u00e9rio Endurance Brasil abre 2023 com novidades no grid e no formato das provas"},"content":{"rendered":"<p><em>Primeira etapa do campeonato que re\u00fane os carros mais r\u00e1pidos do pa\u00eds acontece neste s\u00e1bado no aut\u00f3dromo do Velocitt\u00e1<\/em><\/p>\n<p><a href=\"https:\/\/i0.wp.com\/www.highspeedbrazil.com.br\/wp-content\/uploads\/2023\/03\/420018_1051770_btx19595_web_.jpg?ssl=1\"><img src=\"data:image\/gif;base64,R0lGODlhAQABAIAAAAAAAP\/\/\/ywAAAAAAQABAAACAUwAOw==\" fifu-lazy=\"1\" fifu-data-sizes=\"auto\" fifu-data-srcset=\"https:\/\/i0.wp.com\/verde-amarelo.net\/verdeamarelo\/wp-content\/uploads\/2023\/03\/imperio-endurance-brasil-abre-2023-com-novidades-no-grid-e-no-formato-das-provas.webp?ssl=1&w=75&resize=75&ssl=1 75w, https:\/\/i0.wp.com\/verde-amarelo.net\/verdeamarelo\/wp-content\/uploads\/2023\/03\/imperio-endurance-brasil-abre-2023-com-novidades-no-grid-e-no-formato-das-provas.webp?ssl=1&w=100&resize=100&ssl=1 100w, https:\/\/i0.wp.com\/verde-amarelo.net\/verdeamarelo\/wp-content\/uploads\/2023\/03\/imperio-endurance-brasil-abre-2023-com-novidades-no-grid-e-no-formato-das-provas.webp?ssl=1&w=150&resize=150&ssl=1 150w, https:\/\/i0.wp.com\/verde-amarelo.net\/verdeamarelo\/wp-content\/uploads\/2023\/03\/imperio-endurance-brasil-abre-2023-com-novidades-no-grid-e-no-formato-das-provas.webp?ssl=1&w=240&resize=240&ssl=1 240w, https:\/\/i0.wp.com\/verde-amarelo.net\/verdeamarelo\/wp-content\/uploads\/2023\/03\/imperio-endurance-brasil-abre-2023-com-novidades-no-grid-e-no-formato-das-provas.webp?ssl=1&w=320&resize=320&ssl=1 320w, https:\/\/i0.wp.com\/verde-amarelo.net\/verdeamarelo\/wp-content\/uploads\/2023\/03\/imperio-endurance-brasil-abre-2023-com-novidades-no-grid-e-no-formato-das-provas.webp?ssl=1&w=500&resize=500&ssl=1 500w, https:\/\/i0.wp.com\/verde-amarelo.net\/verdeamarelo\/wp-content\/uploads\/2023\/03\/imperio-endurance-brasil-abre-2023-com-novidades-no-grid-e-no-formato-das-provas.webp?ssl=1&w=640&resize=640&ssl=1 640w, https:\/\/i0.wp.com\/verde-amarelo.net\/verdeamarelo\/wp-content\/uploads\/2023\/03\/imperio-endurance-brasil-abre-2023-com-novidades-no-grid-e-no-formato-das-provas.webp?ssl=1&w=800&resize=800&ssl=1 800w, https:\/\/i0.wp.com\/verde-amarelo.net\/verdeamarelo\/wp-content\/uploads\/2023\/03\/imperio-endurance-brasil-abre-2023-com-novidades-no-grid-e-no-formato-das-provas.webp?ssl=1&w=1024&resize=1024&ssl=1 1024w, https:\/\/i0.wp.com\/verde-amarelo.net\/verdeamarelo\/wp-content\/uploads\/2023\/03\/imperio-endurance-brasil-abre-2023-com-novidades-no-grid-e-no-formato-das-provas.webp?ssl=1&w=1280&resize=1280&ssl=1 1280w, https:\/\/i0.wp.com\/verde-amarelo.net\/verdeamarelo\/wp-content\/uploads\/2023\/03\/imperio-endurance-brasil-abre-2023-com-novidades-no-grid-e-no-formato-das-provas.webp?ssl=1&w=1600&resize=1600&ssl=1 1600w\" decoding=\"async\" loading=\"lazy\" data-attachment-id=\"39811\" data-permalink=\"https:\/\/www.highspeedbrazil.com.br\/imperio-endurance-brasil-abre-2023-com-novidades-no-grid-e-no-formato-das-provas\/420018_1051770_btx19595_web_\/\" data-orig-file=\"https:\/\/i0.wp.com\/www.highspeedbrazil.com.br\/wp-content\/uploads\/2023\/03\/420018_1051770_btx19595_web_.jpg?fit=600%2C400&ssl=1\" data-orig-size=\"600,400\" data-comments-opened=\"1\" data-image-meta=\"{\"aperture\":\"0\",\"credit\":\"\",\"camera\":\"\",\"caption\":\"\",\"created_timestamp\":\"0\",\"copyright\":\"\",\"focal_length\":\"0\",\"iso\":\"0\",\"shutter_speed\":\"0\",\"title\":\"\",\"orientation\":\"0\"}\" data-image-title=\"420018_1051770_btx19595_web_\" data-image-description data-medium-file=\"https:\/\/i0.wp.com\/www.highspeedbrazil.com.br\/wp-content\/uploads\/2023\/03\/420018_1051770_btx19595_web_.jpg?fit=300%2C200&ssl=1\" data-large-file=\"https:\/\/i0.wp.com\/www.highspeedbrazil.com.br\/wp-content\/uploads\/2023\/03\/420018_1051770_btx19595_web_.jpg?fit=600%2C400&ssl=1\" class=\" wp-image-39811 alignleft jetpack-lazy-image\" fifu-data-src=\"https:\/\/i0.wp.com\/verde-amarelo.net\/verdeamarelo\/wp-content\/uploads\/2023\/03\/imperio-endurance-brasil-abre-2023-com-novidades-no-grid-e-no-formato-das-provas.webp?ssl=1\" alt width=\"305\" height=\"203\" data-recalc-dims=\"1\" data-lazy-srcset=\"https:\/\/verde-amarelo.net\/verdeamarelo\/wp-content\/uploads\/2023\/03\/imperio-endurance-brasil-abre-2023-com-novidades-no-grid-e-no-formato-das-provas-1.jpg 600w, https:\/\/verde-amarelo.net\/verdeamarelo\/wp-content\/uploads\/2023\/03\/imperio-endurance-brasil-abre-2023-com-novidades-no-grid-e-no-formato-das-provas-2.jpg 300w\" data-lazy-sizes=\"(max-width: 305px) 100vw, 305px\" srcset=\"data:image\/gif;base64,R0lGODlhAQABAIAAAAAAAP\/\/\/yH5BAEAAAAALAAAAAABAAEAAAIBRAA7\"><\/a><\/p>\n<p><noscript><img src=\"data:image\/gif;base64,R0lGODlhAQABAIAAAAAAAP\/\/\/ywAAAAAAQABAAACAUwAOw==\" fifu-lazy=\"1\" fifu-data-sizes=\"auto\" fifu-data-srcset=\"https:\/\/i0.wp.com\/verde-amarelo.net\/verdeamarelo\/wp-content\/uploads\/2023\/03\/imperio-endurance-brasil-abre-2023-com-novidades-no-grid-e-no-formato-das-provas.webp?ssl=1&w=75&resize=75&ssl=1 75w, https:\/\/i0.wp.com\/verde-amarelo.net\/verdeamarelo\/wp-content\/uploads\/2023\/03\/imperio-endurance-brasil-abre-2023-com-novidades-no-grid-e-no-formato-das-provas.webp?ssl=1&w=100&resize=100&ssl=1 100w, https:\/\/i0.wp.com\/verde-amarelo.net\/verdeamarelo\/wp-content\/uploads\/2023\/03\/imperio-endurance-brasil-abre-2023-com-novidades-no-grid-e-no-formato-das-provas.webp?ssl=1&w=150&resize=150&ssl=1 150w, https:\/\/i0.wp.com\/verde-amarelo.net\/verdeamarelo\/wp-content\/uploads\/2023\/03\/imperio-endurance-brasil-abre-2023-com-novidades-no-grid-e-no-formato-das-provas.webp?ssl=1&w=240&resize=240&ssl=1 240w, https:\/\/i0.wp.com\/verde-amarelo.net\/verdeamarelo\/wp-content\/uploads\/2023\/03\/imperio-endurance-brasil-abre-2023-com-novidades-no-grid-e-no-formato-das-provas.webp?ssl=1&w=320&resize=320&ssl=1 320w, https:\/\/i0.wp.com\/verde-amarelo.net\/verdeamarelo\/wp-content\/uploads\/2023\/03\/imperio-endurance-brasil-abre-2023-com-novidades-no-grid-e-no-formato-das-provas.webp?ssl=1&w=500&resize=500&ssl=1 500w, https:\/\/i0.wp.com\/verde-amarelo.net\/verdeamarelo\/wp-content\/uploads\/2023\/03\/imperio-endurance-brasil-abre-2023-com-novidades-no-grid-e-no-formato-das-provas.webp?ssl=1&w=640&resize=640&ssl=1 640w, https:\/\/i0.wp.com\/verde-amarelo.net\/verdeamarelo\/wp-content\/uploads\/2023\/03\/imperio-endurance-brasil-abre-2023-com-novidades-no-grid-e-no-formato-das-provas.webp?ssl=1&w=800&resize=800&ssl=1 800w, https:\/\/i0.wp.com\/verde-amarelo.net\/verdeamarelo\/wp-content\/uploads\/2023\/03\/imperio-endurance-brasil-abre-2023-com-novidades-no-grid-e-no-formato-das-provas.webp?ssl=1&w=1024&resize=1024&ssl=1 1024w, https:\/\/i0.wp.com\/verde-amarelo.net\/verdeamarelo\/wp-content\/uploads\/2023\/03\/imperio-endurance-brasil-abre-2023-com-novidades-no-grid-e-no-formato-das-provas.webp?ssl=1&w=1280&resize=1280&ssl=1 1280w, https:\/\/i0.wp.com\/verde-amarelo.net\/verdeamarelo\/wp-content\/uploads\/2023\/03\/imperio-endurance-brasil-abre-2023-com-novidades-no-grid-e-no-formato-das-provas.webp?ssl=1&w=1600&resize=1600&ssl=1 1600w\" decoding=\"async\" loading=\"lazy\" data-attachment-id=\"39811\" data-permalink=\"https:\/\/www.highspeedbrazil.com.br\/imperio-endurance-brasil-abre-2023-com-novidades-no-grid-e-no-formato-das-provas\/420018_1051770_btx19595_web_\/\" data-orig-file=\"https:\/\/i0.wp.com\/www.highspeedbrazil.com.br\/wp-content\/uploads\/2023\/03\/420018_1051770_btx19595_web_.jpg?fit=600%2C400&ssl=1\" data-orig-size=\"600,400\" data-comments-opened=\"1\" data-image-meta=\"{\"aperture\":\"0\",\"credit\":\"\",\"camera\":\"\",\"caption\":\"\",\"created_timestamp\":\"0\",\"copyright\":\"\",\"focal_length\":\"0\",\"iso\":\"0\",\"shutter_speed\":\"0\",\"title\":\"\",\"orientation\":\"0\"}\" data-image-title=\"420018_1051770_btx19595_web_\" data-image-description data-medium-file=\"https:\/\/i0.wp.com\/www.highspeedbrazil.com.br\/wp-content\/uploads\/2023\/03\/420018_1051770_btx19595_web_.jpg?fit=300%2C200&ssl=1\" data-large-file=\"https:\/\/i0.wp.com\/www.highspeedbrazil.com.br\/wp-content\/uploads\/2023\/03\/420018_1051770_btx19595_web_.jpg?fit=600%2C400&ssl=1\" class=\" wp-image-39811 alignleft\" fifu-data-src=\"https:\/\/i0.wp.com\/verde-amarelo.net\/verdeamarelo\/wp-content\/uploads\/2023\/03\/imperio-endurance-brasil-abre-2023-com-novidades-no-grid-e-no-formato-das-provas.webp?ssl=1\" alt width=\"305\" height=\"203\" srcset=\"https:\/\/verde-amarelo.net\/verdeamarelo\/wp-content\/uploads\/2023\/03\/imperio-endurance-brasil-abre-2023-com-novidades-no-grid-e-no-formato-das-provas-1.jpg 600w, https:\/\/verde-amarelo.net\/verdeamarelo\/wp-content\/uploads\/2023\/03\/imperio-endurance-brasil-abre-2023-com-novidades-no-grid-e-no-formato-das-provas-2.jpg 300w\" sizes=\"auto, (max-width: 305px) 100vw, 305px\" data-recalc-dims=\"1\"><\/noscript>Vai come\u00e7ar a temporada 2023 do Imp\u00e9rio Endurance Brasil. Neste final de semana, o aut\u00f3dromo do Velocitt\u00e1 recebe os carros mais r\u00e1pidos do pa\u00eds, para a primeira etapa de uma temporada que come\u00e7a cheia de novidades tanto no formato de disputa quanto no grid. E, uma das principais mudan\u00e7as envolve o campe\u00e3o do ano passado, Vicente Orige, que ter\u00e1 um novo carro e um novo companheiro na equipe Motorcar Racing.<\/p>&nbsp;&nbsp;\n<p>Orige foi campe\u00e3o da P1 e Geral em 2022 dividindo um AJR com Gustavo Kiryla. J\u00e1 este ano, o piloto catarinense ir\u00e1 defender o t\u00edtulo a bordo de um prot\u00f3tipo Sigma G5 e, ter\u00e1, ao seu lado o estreante Luiz Henrique Bonatti. \u201cAndei cinco temporadas com um prot\u00f3tipo AJR e iniciamos, neste ano, um novo projeto. Vimos durante o ano passado e, sobretudo, na reta final do ano, um Sigma muito constante e r\u00e1pido nas pistas. Iniciamos uma conversa durante as f\u00e9rias de ver\u00e3o e, gra\u00e7as \u00e0 Deus, deu tudo certo\u201d, afirmou Orige, que tamb\u00e9m falou sobre o novo parceiro.<\/p>&nbsp;&nbsp;\n<p>\u201cCom a sa\u00edda do Gustavo Kiryla, que foi correr na Europa, busquei uma nova forma\u00e7\u00e3o e estou muito feliz de poder ter o Bonatti estreando no automobilismo ao meu lado e neste carro fant\u00e1stico. Ele est\u00e1 come\u00e7ando no automobilismo, tem experi\u00eancia no kart e, por isso, acredito que as primeiras provas ser\u00e3o de adapta\u00e7\u00e3o para a gente\u201d, completou.<\/p>&nbsp;&nbsp;\n<p>Na GT3, a hegemonia da Mercedes \u2013 vencedora nas \u00faltimas quatro temporadas e que e contar\u00e1 com cinco modelos AMG GT3 no grid do Velocitta \u2013 ser\u00e1 mais uma vez desafiada pela Porsche, pela McLaren e pela BMW. \u00c1tila Abreu e L\u00e9o Sanchez, que ir\u00e3o para a segunda temporada a bordo da M4, apostam na experi\u00eancia com o carro para tentar quebrar o favoritismo dos rivais.<\/p>&nbsp;&nbsp;\n<p>\u201cAprendemos muito sobre o carro na \u00faltima temporada e, por isso, estamos confiantes de que este ano estaremos mais competitivos do que no ano passado. A BMW \u00e9 um carro fant\u00e1stico e toda a evolu\u00e7\u00e3o que tivemos certamente ser\u00e1 convertida em resultados melhores do que em 2022\u201d, disse Sanchez.<\/p>&nbsp;&nbsp;\n<p>NA GT4, o trio campe\u00e3o do ano passado Renan Guerra, Marco Pisani e Leandro Ferrari se dissolveu. Os dois primeiros seguir\u00e3o a bordo da Mercedes com a qual conquistaram o t\u00edtulo. J\u00e1 Ferrari vai competir com a McLaren ao lado de Fl\u00e1vio Abrunhoza e Andr\u00e9 Moraes Jr. Todos seguem na equipe Autlog Racing.<\/p>&nbsp;&nbsp;\n<p>Outra novidade \u00e9 a chegada definitiva de Tom Filho \u00e0 equipe Stuttgart Motorsport. O piloto que foi duas vezes vice-campe\u00e3o da GT3 Light e terceiro colocado na P2 no passado vai disputar o campeonato de 2023, ao lado de Luiz Landi, com a Porsche.<\/p>&nbsp;&nbsp;\n<p>\u201cFiz duas corridas com este carro no final do ano passado e subimos ao p\u00f3dio tanto em Santa Cruz do Sul, quanto em Interlagos, e o namoro virou casamento para este ano. Estou muito empolgado para este novo desafio\u201d, disse.<\/p>&nbsp;&nbsp;\n<p>O formato de disputa da abertura da temporada tamb\u00e9m ser\u00e1 uma novidade. Ao inv\u00e9s das tradicionais quatro horas de dura\u00e7\u00e3o, padr\u00e3o nas duas \u00faltimas temporadas, a disputa no Velocitta ter\u00e1 tr\u00eas horas.<\/p>&nbsp;&nbsp;\n<p>\u201cA medida tem o objetivo de reduzir o desgaste dos carros e deixar a disputa ainda mais equilibrada. As brigas por posi\u00e7\u00e3o ser\u00e3o ainda mais emocionantes e teremos emo\u00e7\u00e3o do in\u00edcio ao final da prova, com menos carros sofrendo por causa da temperatura e quebras\u201d, afirmou Henrique Assun\u00e7\u00e3o, presidente da Associa\u00e7\u00e3o dos Pilotos de Endurance, entidade organizadora do campeonato.<\/p>&nbsp;&nbsp;\n<p>As atividades de pista no Velocitta come\u00e7am na sexta-feira com os treinos livres e classificat\u00f3rios. A prova que abre o campeonato est\u00e1 marcada para este s\u00e1bado e conta com transmiss\u00e3o ao vivo e na \u00edntegra do Bandsports e do canal oficial do Imp\u00e9rio Endurance Brasil no Youtube. A largada est\u00e1 marcada para as 10h.<\/p>&nbsp;&nbsp;\n<p>Foto:&nbsp;Bruno Terena\/MS2<\/p>\n<p>Por:&nbsp;Imprensa Imp\u00e9rio Endurance Brasil \u2013 MS2<span class=\"u_N C_Z1VRqsb c1AVi73_6FsP c1AVi7H_6LEV\">&nbsp;<\/span><\/p>\n<div class=\"sharedaddy sd-sharing-enabled\">\n<div class=\"robots-nocontent sd-block sd-social sd-social-icon sd-sharing\">\n<h3 class=\"sd-title\">Compartilhe isso:<\/h3>\n<\/div>\n<\/div>\n<p> Cr\u00e9ditos: High Speed Brazil<\/p>\n","protected":false},"excerpt":{"rendered":"<p>Primeira etapa do campeonato que re\u00fane os carros mais r\u00e1pidos do pa\u00eds acontece neste s\u00e1bado&#8230;<\/p>\n","protected":false},"author":1,"featured_media":62374,"comment_status":"closed","ping_status":"closed","sticky":false,"template":"","format":"standard","meta":{"fifu_image_url":"","fifu_image_alt":"","footnotes":""},"categories":[8428,7492,727,8425],"tags":[2585,7738,179,4233,2494,6029,3371,735,6255,160,3843,1817,1666,197,2475,8545,3788,7954,2958,3897,3683,8312,1984,3657,1227,775,2234,4273,410,3018,3016,6068,6064,8411,1972,3322,3555,6787,3199,6384,7675,1702,1812,2456,3005,7638,2101,7637,3476,6588,518,8426,2177,1613],"class_list":["post-62373","post","type-post","status-publish","format-standard","has-post-thumbnail","hentry","category-automobilismo","category-esportes","category-noticias","category-verde-amarelo","tag-2585","tag-7738","tag-acontece","tag-associacao","tag-atividades","tag-automobilismo","tag-bmw","tag-brasil","tag-campeao","tag-campeonato","tag-canal","tag-carro","tag-carros","tag-casamento","tag-conta","tag-creditos","tag-desafio","tag-deus","tag-disputa","tag-e","tag-emocao","tag-endurance","tag-equipe","tag-esportes","tag-europa","tag-experiencia","tag-ferias","tag-feira","tag-formacao","tag-geral","tag-imprensa","tag-interlagos","tag-kart","tag-marco","tag-mercedes","tag-mudancas","tag-nova","tag-novidades","tag-padrao","tag-piloto-catarinense","tag-porsche","tag-presidente","tag-projeto","tag-resultados","tag-sul","tag-titulo","tag-temporada","tag-temporada-2023","tag-transmissao","tag-velocitta","tag-verao","tag-verde-amarelo","tag-vivo","tag-youtube","wpcat-8428-id","wpcat-7492-id","wpcat-727-id","wpcat-8425-id"],"_links":{"self":[{"href":"https:\/\/verde-amarelo.net\/verdeamarelo\/wp-json\/wp\/v2\/posts\/62373","targetHints":{"allow":["GET"]}}],"collection":[{"href":"https:\/\/verde-amarelo.net\/verdeamarelo\/wp-json\/wp\/v2\/posts"}],"about":[{"href":"https:\/\/verde-amarelo.net\/verdeamarelo\/wp-json\/wp\/v2\/types\/post"}],"author":[{"embeddable":true,"href":"https:\/\/verde-amarelo.net\/verdeamarelo\/wp-json\/wp\/v2\/users\/1"}],"replies":[{"embeddable":true,"href":"https:\/\/verde-amarelo.net\/verdeamarelo\/wp-json\/wp\/v2\/comments?post=62373"}],"version-history":[{"count":0,"href":"https:\/\/verde-amarelo.net\/verdeamarelo\/wp-json\/wp\/v2\/posts\/62373\/revisions"}],"wp:featuredmedia":[{"embeddable":true,"href":"https:\/\/verde-amarelo.net\/verdeamarelo\/wp-json\/wp\/v2\/media\/62374"}],"wp:attachment":[{"href":"https:\/\/verde-amarelo.net\/verdeamarelo\/wp-json\/wp\/v2\/media?parent=62373"}],"wp:term":[{"taxonomy":"category","embeddable":true,"href":"https:\/\/verde-amarelo.net\/verdeamarelo\/wp-json\/wp\/v2\/categories?post=62373"},{"taxonomy":"post_tag","embeddable":true,"href":"https:\/\/verde-amarelo.net\/verdeamarelo\/wp-json\/wp\/v2\/tags?post=62373"}],"curies":[{"name":"wp","href":"https:\/\/api.w.org\/{rel}","templated":true}]}}