{"id":62457,"date":"2023-03-28T08:32:45","date_gmt":"2023-03-28T11:32:45","guid":{"rendered":"https:\/\/www.highspeedbrazil.com.br\/?p=39840"},"modified":"2024-01-12T17:00:47","modified_gmt":"2024-01-12T20:00:47","slug":"rally-rota-sudeste-lucas-moraes-utv-e-francine-rossi-moto-foram-os-grandes-campeoes-em-sao-manuel-sp","status":"publish","type":"post","link":"https:\/\/verde-amarelo.net\/verdeamarelo\/2023\/03\/rally-rota-sudeste-lucas-moraes-utv-e-francine-rossi-moto-foram-os-grandes-campeoes-em-sao-manuel-sp\/","title":{"rendered":"Rally Rota Sudeste: Lucas Moraes (UTV) e Francine Rossi (Moto) foram os grandes campe\u00f5es em S\u00e3o Manuel (SP)"},"content":{"rendered":"<p><em>Prova aconteceu neste s\u00e1bado e domingo e conta pontos para 1\u00aa e 2\u00aa etapas do Campeonato Brasileiro de Rally Baja. O pr\u00f3ximo encontro ser\u00e1 o Rally Cuesta nos dias 06 e 07 de maio<\/em><\/p>\n<p><a href=\"https:\/\/i0.wp.com\/www.highspeedbrazil.com.br\/wp-content\/uploads\/2023\/03\/420194_1052201_whatsapp_image_2023_03_26_at_08.58.42_web_.jpeg?ssl=1\"><img src=\"data:image\/gif;base64,R0lGODlhAQABAIAAAAAAAP\/\/\/ywAAAAAAQABAAACAUwAOw==\" fifu-lazy=\"1\" fifu-data-sizes=\"auto\" fifu-data-srcset=\"https:\/\/i1.wp.com\/verde-amarelo.net\/verdeamarelo\/wp-content\/uploads\/2023\/03\/rally-rota-sudeste-lucas-moraes-utv-e-francine-rossi-moto-foram-os-grandes-campeoes-em-sao-manuel-sp.webp?ssl=1&w=75&resize=75&ssl=1 75w, https:\/\/i1.wp.com\/verde-amarelo.net\/verdeamarelo\/wp-content\/uploads\/2023\/03\/rally-rota-sudeste-lucas-moraes-utv-e-francine-rossi-moto-foram-os-grandes-campeoes-em-sao-manuel-sp.webp?ssl=1&w=100&resize=100&ssl=1 100w, https:\/\/i1.wp.com\/verde-amarelo.net\/verdeamarelo\/wp-content\/uploads\/2023\/03\/rally-rota-sudeste-lucas-moraes-utv-e-francine-rossi-moto-foram-os-grandes-campeoes-em-sao-manuel-sp.webp?ssl=1&w=150&resize=150&ssl=1 150w, https:\/\/i1.wp.com\/verde-amarelo.net\/verdeamarelo\/wp-content\/uploads\/2023\/03\/rally-rota-sudeste-lucas-moraes-utv-e-francine-rossi-moto-foram-os-grandes-campeoes-em-sao-manuel-sp.webp?ssl=1&w=240&resize=240&ssl=1 240w, https:\/\/i1.wp.com\/verde-amarelo.net\/verdeamarelo\/wp-content\/uploads\/2023\/03\/rally-rota-sudeste-lucas-moraes-utv-e-francine-rossi-moto-foram-os-grandes-campeoes-em-sao-manuel-sp.webp?ssl=1&w=320&resize=320&ssl=1 320w, https:\/\/i1.wp.com\/verde-amarelo.net\/verdeamarelo\/wp-content\/uploads\/2023\/03\/rally-rota-sudeste-lucas-moraes-utv-e-francine-rossi-moto-foram-os-grandes-campeoes-em-sao-manuel-sp.webp?ssl=1&w=500&resize=500&ssl=1 500w, https:\/\/i1.wp.com\/verde-amarelo.net\/verdeamarelo\/wp-content\/uploads\/2023\/03\/rally-rota-sudeste-lucas-moraes-utv-e-francine-rossi-moto-foram-os-grandes-campeoes-em-sao-manuel-sp.webp?ssl=1&w=640&resize=640&ssl=1 640w, https:\/\/i1.wp.com\/verde-amarelo.net\/verdeamarelo\/wp-content\/uploads\/2023\/03\/rally-rota-sudeste-lucas-moraes-utv-e-francine-rossi-moto-foram-os-grandes-campeoes-em-sao-manuel-sp.webp?ssl=1&w=800&resize=800&ssl=1 800w, https:\/\/i1.wp.com\/verde-amarelo.net\/verdeamarelo\/wp-content\/uploads\/2023\/03\/rally-rota-sudeste-lucas-moraes-utv-e-francine-rossi-moto-foram-os-grandes-campeoes-em-sao-manuel-sp.webp?ssl=1&w=1024&resize=1024&ssl=1 1024w, https:\/\/i1.wp.com\/verde-amarelo.net\/verdeamarelo\/wp-content\/uploads\/2023\/03\/rally-rota-sudeste-lucas-moraes-utv-e-francine-rossi-moto-foram-os-grandes-campeoes-em-sao-manuel-sp.webp?ssl=1&w=1280&resize=1280&ssl=1 1280w, https:\/\/i1.wp.com\/verde-amarelo.net\/verdeamarelo\/wp-content\/uploads\/2023\/03\/rally-rota-sudeste-lucas-moraes-utv-e-francine-rossi-moto-foram-os-grandes-campeoes-em-sao-manuel-sp.webp?ssl=1&w=1600&resize=1600&ssl=1 1600w\" decoding=\"async\" loading=\"lazy\" data-attachment-id=\"39841\" data-permalink=\"https:\/\/www.highspeedbrazil.com.br\/rally-rota-sudeste-lucas-moraes-utv-e-francine-rossi-moto-foram-os-grandes-campeoes-em-sao-manuel-sp\/420194_1052201_whatsapp_image_2023_03_26_at_08-58-42_web_\/\" data-orig-file=\"https:\/\/i0.wp.com\/www.highspeedbrazil.com.br\/wp-content\/uploads\/2023\/03\/420194_1052201_whatsapp_image_2023_03_26_at_08.58.42_web_.jpeg?fit=600%2C379&ssl=1\" data-orig-size=\"600,379\" data-comments-opened=\"1\" data-image-meta=\"{\"aperture\":\"0\",\"credit\":\"\",\"camera\":\"\",\"caption\":\"\",\"created_timestamp\":\"0\",\"copyright\":\"\",\"focal_length\":\"0\",\"iso\":\"0\",\"shutter_speed\":\"0\",\"title\":\"\",\"orientation\":\"0\"}\" data-image-title=\"420194_1052201_whatsapp_image_2023_03_26_at_08.58.42_web_\" data-image-description data-medium-file=\"https:\/\/i0.wp.com\/www.highspeedbrazil.com.br\/wp-content\/uploads\/2023\/03\/420194_1052201_whatsapp_image_2023_03_26_at_08.58.42_web_.jpeg?fit=300%2C190&ssl=1\" data-large-file=\"https:\/\/i0.wp.com\/www.highspeedbrazil.com.br\/wp-content\/uploads\/2023\/03\/420194_1052201_whatsapp_image_2023_03_26_at_08.58.42_web_.jpeg?fit=600%2C379&ssl=1\" class=\" wp-image-39841 alignleft jetpack-lazy-image\" fifu-data-src=\"https:\/\/i1.wp.com\/verde-amarelo.net\/verdeamarelo\/wp-content\/uploads\/2023\/03\/rally-rota-sudeste-lucas-moraes-utv-e-francine-rossi-moto-foram-os-grandes-campeoes-em-sao-manuel-sp.webp?ssl=1\" alt width=\"309\" height=\"195\" data-recalc-dims=\"1\" data-lazy-srcset=\"https:\/\/verde-amarelo.net\/verdeamarelo\/wp-content\/uploads\/2023\/03\/rally-rota-sudeste-lucas-moraes-utv-e-francine-rossi-moto-foram-os-grandes-campeoes-em-sao-manuel-sp-1.jpg 600w, https:\/\/verde-amarelo.net\/verdeamarelo\/wp-content\/uploads\/2023\/03\/rally-rota-sudeste-lucas-moraes-utv-e-francine-rossi-moto-foram-os-grandes-campeoes-em-sao-manuel-sp-2.jpg 300w\" data-lazy-sizes=\"(max-width: 309px) 100vw, 309px\" srcset=\"data:image\/gif;base64,R0lGODlhAQABAIAAAAAAAP\/\/\/yH5BAEAAAAALAAAAAABAAEAAAIBRAA7\"><\/a><\/p>\n<p><noscript><img src=\"data:image\/gif;base64,R0lGODlhAQABAIAAAAAAAP\/\/\/ywAAAAAAQABAAACAUwAOw==\" fifu-lazy=\"1\" fifu-data-sizes=\"auto\" fifu-data-srcset=\"https:\/\/i1.wp.com\/verde-amarelo.net\/verdeamarelo\/wp-content\/uploads\/2023\/03\/rally-rota-sudeste-lucas-moraes-utv-e-francine-rossi-moto-foram-os-grandes-campeoes-em-sao-manuel-sp.webp?ssl=1&w=75&resize=75&ssl=1 75w, https:\/\/i1.wp.com\/verde-amarelo.net\/verdeamarelo\/wp-content\/uploads\/2023\/03\/rally-rota-sudeste-lucas-moraes-utv-e-francine-rossi-moto-foram-os-grandes-campeoes-em-sao-manuel-sp.webp?ssl=1&w=100&resize=100&ssl=1 100w, https:\/\/i1.wp.com\/verde-amarelo.net\/verdeamarelo\/wp-content\/uploads\/2023\/03\/rally-rota-sudeste-lucas-moraes-utv-e-francine-rossi-moto-foram-os-grandes-campeoes-em-sao-manuel-sp.webp?ssl=1&w=150&resize=150&ssl=1 150w, https:\/\/i1.wp.com\/verde-amarelo.net\/verdeamarelo\/wp-content\/uploads\/2023\/03\/rally-rota-sudeste-lucas-moraes-utv-e-francine-rossi-moto-foram-os-grandes-campeoes-em-sao-manuel-sp.webp?ssl=1&w=240&resize=240&ssl=1 240w, https:\/\/i1.wp.com\/verde-amarelo.net\/verdeamarelo\/wp-content\/uploads\/2023\/03\/rally-rota-sudeste-lucas-moraes-utv-e-francine-rossi-moto-foram-os-grandes-campeoes-em-sao-manuel-sp.webp?ssl=1&w=320&resize=320&ssl=1 320w, https:\/\/i1.wp.com\/verde-amarelo.net\/verdeamarelo\/wp-content\/uploads\/2023\/03\/rally-rota-sudeste-lucas-moraes-utv-e-francine-rossi-moto-foram-os-grandes-campeoes-em-sao-manuel-sp.webp?ssl=1&w=500&resize=500&ssl=1 500w, https:\/\/i1.wp.com\/verde-amarelo.net\/verdeamarelo\/wp-content\/uploads\/2023\/03\/rally-rota-sudeste-lucas-moraes-utv-e-francine-rossi-moto-foram-os-grandes-campeoes-em-sao-manuel-sp.webp?ssl=1&w=640&resize=640&ssl=1 640w, https:\/\/i1.wp.com\/verde-amarelo.net\/verdeamarelo\/wp-content\/uploads\/2023\/03\/rally-rota-sudeste-lucas-moraes-utv-e-francine-rossi-moto-foram-os-grandes-campeoes-em-sao-manuel-sp.webp?ssl=1&w=800&resize=800&ssl=1 800w, https:\/\/i1.wp.com\/verde-amarelo.net\/verdeamarelo\/wp-content\/uploads\/2023\/03\/rally-rota-sudeste-lucas-moraes-utv-e-francine-rossi-moto-foram-os-grandes-campeoes-em-sao-manuel-sp.webp?ssl=1&w=1024&resize=1024&ssl=1 1024w, https:\/\/i1.wp.com\/verde-amarelo.net\/verdeamarelo\/wp-content\/uploads\/2023\/03\/rally-rota-sudeste-lucas-moraes-utv-e-francine-rossi-moto-foram-os-grandes-campeoes-em-sao-manuel-sp.webp?ssl=1&w=1280&resize=1280&ssl=1 1280w, https:\/\/i1.wp.com\/verde-amarelo.net\/verdeamarelo\/wp-content\/uploads\/2023\/03\/rally-rota-sudeste-lucas-moraes-utv-e-francine-rossi-moto-foram-os-grandes-campeoes-em-sao-manuel-sp.webp?ssl=1&w=1600&resize=1600&ssl=1 1600w\" decoding=\"async\" loading=\"lazy\" data-attachment-id=\"39841\" data-permalink=\"https:\/\/www.highspeedbrazil.com.br\/rally-rota-sudeste-lucas-moraes-utv-e-francine-rossi-moto-foram-os-grandes-campeoes-em-sao-manuel-sp\/420194_1052201_whatsapp_image_2023_03_26_at_08-58-42_web_\/\" data-orig-file=\"https:\/\/i0.wp.com\/www.highspeedbrazil.com.br\/wp-content\/uploads\/2023\/03\/420194_1052201_whatsapp_image_2023_03_26_at_08.58.42_web_.jpeg?fit=600%2C379&ssl=1\" data-orig-size=\"600,379\" data-comments-opened=\"1\" data-image-meta=\"{\"aperture\":\"0\",\"credit\":\"\",\"camera\":\"\",\"caption\":\"\",\"created_timestamp\":\"0\",\"copyright\":\"\",\"focal_length\":\"0\",\"iso\":\"0\",\"shutter_speed\":\"0\",\"title\":\"\",\"orientation\":\"0\"}\" data-image-title=\"420194_1052201_whatsapp_image_2023_03_26_at_08.58.42_web_\" data-image-description data-medium-file=\"https:\/\/i0.wp.com\/www.highspeedbrazil.com.br\/wp-content\/uploads\/2023\/03\/420194_1052201_whatsapp_image_2023_03_26_at_08.58.42_web_.jpeg?fit=300%2C190&ssl=1\" data-large-file=\"https:\/\/i0.wp.com\/www.highspeedbrazil.com.br\/wp-content\/uploads\/2023\/03\/420194_1052201_whatsapp_image_2023_03_26_at_08.58.42_web_.jpeg?fit=600%2C379&ssl=1\" class=\" wp-image-39841 alignleft\" fifu-data-src=\"https:\/\/i1.wp.com\/verde-amarelo.net\/verdeamarelo\/wp-content\/uploads\/2023\/03\/rally-rota-sudeste-lucas-moraes-utv-e-francine-rossi-moto-foram-os-grandes-campeoes-em-sao-manuel-sp.webp?ssl=1\" alt width=\"309\" height=\"195\" srcset=\"https:\/\/verde-amarelo.net\/verdeamarelo\/wp-content\/uploads\/2023\/03\/rally-rota-sudeste-lucas-moraes-utv-e-francine-rossi-moto-foram-os-grandes-campeoes-em-sao-manuel-sp-1.jpg 600w, https:\/\/verde-amarelo.net\/verdeamarelo\/wp-content\/uploads\/2023\/03\/rally-rota-sudeste-lucas-moraes-utv-e-francine-rossi-moto-foram-os-grandes-campeoes-em-sao-manuel-sp-2.jpg 300w\" sizes=\"auto, (max-width: 309px) 100vw, 309px\" data-recalc-dims=\"1\"><\/noscript>Calor, saltos, poeira, areia, cascalho e velocidade n\u00e3o foram obst\u00e1culos para as equipes inscritas na 17\u00aa edi\u00e7\u00e3o do Rally Rota Sudeste. O certame reuniu um grid substancial em sua hist\u00f3ria com 53 ve\u00edculos entre motos e UTVs no campeonato nacional em uma disputa eletrizante e equilibrad\u00edssima contra o rel\u00f3gio por mais de 400 quil\u00f4metros em dois dias de disputas (quatro trechos cronometrados).<\/p>&nbsp;&nbsp;\n<p>O campe\u00e3o entre as motocicletas foi Francine Rossi, S\u00e3o Sebasti\u00e3o do Para\u00edso (MG). Competindo com a Kawasaki K 450 XC, o piloto acelerou forte e fechou os dois dias na primeira posi\u00e7\u00e3o com o tempo de 03h13m35s29. \u201cMe senti em casa aqui em S\u00e3o Manuel&nbsp;foram dois dias em um bom desempenho e com&nbsp;consist\u00eancia para garantir o t\u00edtulo do Rota Sudeste. Um excelente come\u00e7o de temporada\u201d, festejou o competidor bicampe\u00e3o Brasileiro Rally Baja (MT2).<\/p>&nbsp;&nbsp;\n<p>O multicampe\u00e3o Lucas Moraes entre os carros realizou a sua estreia na categoria UTV. O paulistano esteve a bordo do Polaris PRO R #123 e computou o tempo acumulado de 02h48m44s25. \u201cAndamos com ritmo muito forte, aprendi bastante. E \u00e9&nbsp;\u00f3timo come\u00e7ar o Campeonato Brasileiro de Rally Baja com duas vit\u00f3rias e na lideran\u00e7a. Nos veremos novamente em maio para a segunda etapa\u201d, comemora o piloto da equipe MEM Motorports.<\/p>&nbsp;&nbsp;\n<p>A 17\u00aa edi\u00e7\u00e3o do Rally Rota Sudeste \u00e9 uma realiza\u00e7\u00e3o da Prefeitura Municipal de S\u00e3o Manuel, atrav\u00e9s da Diretoria de Esportes e Turismo, com organiza\u00e7\u00e3o da Arena Promo\u00e7\u00f5es e Eventos. Tem patroc\u00ednio do C6 Bank, e apoio da ACESM \u2013 Associa\u00e7\u00e3o Comercial de S\u00e3o Manuel e Anube Sport. A Supervis\u00e3o \u00e9 da CBM \u2013 Confedera\u00e7\u00e3o Brasileira de Motociclismo.<\/p>&nbsp;&nbsp;\n<p>Para inscri\u00e7\u00f5es e maiores informa\u00e7\u00f5es acesse o site www.arenarally.com.br. Acompanhe a etapa nas redes sociais pelo Instagram @arenarally. A cronometragem ficar\u00e1 a cargo da Chronosat (<a href=\"https:\/\/click.presskit.com.br\/url\/93149649e1\/6290252a7a5\" target=\"_blank\" rel=\"nofollow noopener noreferrer\">http:\/\/www.chronosat.com.br<\/a>).<\/p>&nbsp;&nbsp;\n<p><strong>Resultado acumulado, ap\u00f3s dois dias de disputas:<\/strong><\/p>\n<p><strong>&nbsp;<\/strong><\/p>\n<p><strong>MOTOS<\/strong><\/p>\n<p>1) #3 Francine Rossi, Kawasaki K 450 XC, Bianchini Rally, (1)MT1, 03h13m35s29<\/p>\n<p>2) #17 Andres Suarez, KTM EXC 450, Bianchini Rally, (1)MT2, 03h38m10s98<\/p>\n<p>3) #12 &nbsp;&nbsp;&nbsp;&nbsp;&nbsp;&nbsp;&nbsp;&nbsp;&nbsp;&nbsp;&nbsp; Jos\u00e9 Am\u00e9rico Fiorillo, KTM Duke 890R, Protork Racing Team, (2)MT1, 03h43m47s17<\/p>\n<p>4) #7 Thomas Rudiger, KTM 690 Rally Replica, Tomate Team, (3)MT1, 04h22m21s44<\/p>\n<p>5) #14 Luiz Nutti, Kawasakik Klx 450r, Bianchini Rally \u2013 Shiro, (1)MOV, 07h00m17s30<\/p>\n<p>\u2013<\/p>\n<p><strong>UTV<\/strong><\/p>\n<p>1) #123 Lucas Moraes, Polaris Pro R, MEM Motorports, (1)UT1, 02h48m44s25<\/p>\n<p>2) #128 Bruno Varela, Can-Am Maverick X3, Varela Can-Am Monster Energy Rally Team, (2)UT1, 02:49:56.43<\/p>\n<p>3) #104 Reinaldo Varela, Can-Am Maverick X3, Varela Can-Am Monster Energy Rally Team, (1)UOP, 02:57:47.36<\/p>\n<p>4) #142 Ricardo Galli, Can-Am Maverick X3, Brx \u2013 Baixa Rend Xtreme, (1)UT2, 03h00m35s46<\/p>\n<p>5) #121 Guilherme Cysne, Can-Am Maverick X3, GC Rally Team \/ Peak Automotiva, (4)UT1, 03h01m26s84<\/p>\n<p>Resultados completos:&nbsp;<a href=\"https:\/\/click.presskit.com.br\/url\/931497a9bc\/6290252a7a5\" target=\"_blank\" rel=\"nofollow noopener noreferrer\">https:\/\/chronosat.com.br\/novo\/<\/a><\/p>\n<p>Foto:&nbsp;Nelson Santos Jr\/ PhotoAction<\/p>\n<p>Por: SIG Comunica\u00e7\u00e3o<\/p>\n<div class=\"sharedaddy sd-sharing-enabled\">\n<div class=\"robots-nocontent sd-block sd-social sd-social-icon sd-sharing\">\n<h3 class=\"sd-title\">Compartilhe isso:<\/h3>\n<\/div>\n<\/div>\n<p> Cr\u00e9ditos: High Speed Brazil<\/p>\n","protected":false},"excerpt":{"rendered":"<p>Prova aconteceu neste s\u00e1bado e domingo e conta pontos para 1\u00aa e 2\u00aa etapas do&#8230;<\/p>\n","protected":false},"author":1,"featured_media":62458,"comment_status":"closed","ping_status":"closed","sticky":false,"template":"","format":"standard","meta":{"fifu_image_url":"","fifu_image_alt":"","footnotes":""},"categories":[8428,7492,727,8425],"tags":[11761,1888,4688,4233,3545,6029,4437,12865,3717,8229,6255,160,6168,3711,1666,2425,297,3694,1683,2475,8545,2437,2958,3897,3581,354,1984,3657,21,2677,3567,77,1488,2497,4954,8673,8674,1531,1780,1558,3046,1610,6373,7999,4047,83,1796,2456,8252,8056,6367,2120,3004,7638,2101,6754,859,1589,3036,8426],"class_list":["post-62457","post","type-post","status-publish","format-standard","has-post-thumbnail","hentry","category-automobilismo","category-esportes","category-noticias","category-verde-amarelo","tag-11761","tag-apoio","tag-arena","tag-associacao","tag-associacao-comercial","tag-automobilismo","tag-brasileiro","tag-brasileiro-de-rally","tag-c6-bank","tag-calor","tag-campeao","tag-campeonato","tag-campeonato-brasileiro","tag-cargo","tag-carros","tag-casa","tag-categoria","tag-comercial","tag-comunicacao","tag-conta","tag-creditos","tag-diretoria","tag-disputa","tag-e","tag-edicao","tag-encontro","tag-equipe","tag-esportes","tag-eventos","tag-historia","tag-informacoes","tag-instagram","tag-lideranca","tag-mg","tag-monster-energy","tag-motocicletas","tag-motos","tag-organizacao","tag-patrocinio","tag-pontos","tag-prefeitura","tag-promocoes","tag-rally","tag-rally-rota-sudeste","tag-redes","tag-redes-sociais","tag-resultado","tag-resultados","tag-sao-sebastiao","tag-santos","tag-segunda-etapa","tag-site","tag-sudeste","tag-titulo","tag-temporada","tag-tomate","tag-turismo","tag-veiculos","tag-velocidade","tag-verde-amarelo","wpcat-8428-id","wpcat-7492-id","wpcat-727-id","wpcat-8425-id"],"_links":{"self":[{"href":"https:\/\/verde-amarelo.net\/verdeamarelo\/wp-json\/wp\/v2\/posts\/62457","targetHints":{"allow":["GET"]}}],"collection":[{"href":"https:\/\/verde-amarelo.net\/verdeamarelo\/wp-json\/wp\/v2\/posts"}],"about":[{"href":"https:\/\/verde-amarelo.net\/verdeamarelo\/wp-json\/wp\/v2\/types\/post"}],"author":[{"embeddable":true,"href":"https:\/\/verde-amarelo.net\/verdeamarelo\/wp-json\/wp\/v2\/users\/1"}],"replies":[{"embeddable":true,"href":"https:\/\/verde-amarelo.net\/verdeamarelo\/wp-json\/wp\/v2\/comments?post=62457"}],"version-history":[{"count":0,"href":"https:\/\/verde-amarelo.net\/verdeamarelo\/wp-json\/wp\/v2\/posts\/62457\/revisions"}],"wp:featuredmedia":[{"embeddable":true,"href":"https:\/\/verde-amarelo.net\/verdeamarelo\/wp-json\/wp\/v2\/media\/62458"}],"wp:attachment":[{"href":"https:\/\/verde-amarelo.net\/verdeamarelo\/wp-json\/wp\/v2\/media?parent=62457"}],"wp:term":[{"taxonomy":"category","embeddable":true,"href":"https:\/\/verde-amarelo.net\/verdeamarelo\/wp-json\/wp\/v2\/categories?post=62457"},{"taxonomy":"post_tag","embeddable":true,"href":"https:\/\/verde-amarelo.net\/verdeamarelo\/wp-json\/wp\/v2\/tags?post=62457"}],"curies":[{"name":"wp","href":"https:\/\/api.w.org\/{rel}","templated":true}]}}