{"id":62556,"date":"2023-03-31T13:16:40","date_gmt":"2023-03-31T16:16:40","guid":{"rendered":"https:\/\/www.saopaulo.sp.gov.br\/?p=5657287"},"modified":"2023-03-31T13:16:40","modified_gmt":"2023-03-31T16:16:40","slug":"governo-de-sao-paulo-preve-aporte-de-r-56-bilhoes-ate-2026-para-o-rio-tiete","status":"publish","type":"post","link":"https:\/\/verde-amarelo.net\/verdeamarelo\/2023\/03\/governo-de-sao-paulo-preve-aporte-de-r-56-bilhoes-ate-2026-para-o-rio-tiete\/","title":{"rendered":"Governo de S\u00e3o Paulo prev\u00ea aporte de R$ 5,6 bilh\u00f5es at\u00e9 2026 para o rio Tiet\u00ea"},"content":{"rendered":"<figure id=\"attachment_5133476\" style=\"width: 100%;max-width: 2896px\"class=\"wp-caption alignnone\">\n<div class=\"caption-meta\"><a href=\"https:\/\/www.saopaulo.sp.gov.br\/wp-content\/uploads\/2020\/02\/DESASSOREAMENTO-DO-RIO-TIET\u00ca-1.jpg\" download class=\"attachment-download\"><i class=\"fa fa-download\"><\/i>Atualizado - <\/a><span class=\"attachment-credits\">Divulga\u00e7\u00e3o\/DAEE<\/span><\/div>\n<p><img decoding=\"async\" src=\"data:image\/gif;base64,R0lGODlhAQABAIAAAAAAAP\/\/\/ywAAAAAAQABAAACAUwAOw==\" fifu-lazy=\"1\" fifu-data-sizes=\"auto\" fifu-data-srcset=\"https:\/\/i1.wp.com\/www.saopaulo.sp.gov.br\/wp-content\/uploads\/2020\/02\/DESASSOREAMENTO-DO-RIO-TIET\u00ca-1.jpg?ssl=1&w=75&resize=75&ssl=1 75w, https:\/\/i1.wp.com\/www.saopaulo.sp.gov.br\/wp-content\/uploads\/2020\/02\/DESASSOREAMENTO-DO-RIO-TIET\u00ca-1.jpg?ssl=1&w=100&resize=100&ssl=1 100w, https:\/\/i1.wp.com\/www.saopaulo.sp.gov.br\/wp-content\/uploads\/2020\/02\/DESASSOREAMENTO-DO-RIO-TIET\u00ca-1.jpg?ssl=1&w=150&resize=150&ssl=1 150w, https:\/\/i1.wp.com\/www.saopaulo.sp.gov.br\/wp-content\/uploads\/2020\/02\/DESASSOREAMENTO-DO-RIO-TIET\u00ca-1.jpg?ssl=1&w=240&resize=240&ssl=1 240w, https:\/\/i1.wp.com\/www.saopaulo.sp.gov.br\/wp-content\/uploads\/2020\/02\/DESASSOREAMENTO-DO-RIO-TIET\u00ca-1.jpg?ssl=1&w=320&resize=320&ssl=1 320w, https:\/\/i1.wp.com\/www.saopaulo.sp.gov.br\/wp-content\/uploads\/2020\/02\/DESASSOREAMENTO-DO-RIO-TIET\u00ca-1.jpg?ssl=1&w=500&resize=500&ssl=1 500w, https:\/\/i1.wp.com\/www.saopaulo.sp.gov.br\/wp-content\/uploads\/2020\/02\/DESASSOREAMENTO-DO-RIO-TIET\u00ca-1.jpg?ssl=1&w=640&resize=640&ssl=1 640w, https:\/\/i1.wp.com\/www.saopaulo.sp.gov.br\/wp-content\/uploads\/2020\/02\/DESASSOREAMENTO-DO-RIO-TIET\u00ca-1.jpg?ssl=1&w=800&resize=800&ssl=1 800w, https:\/\/i1.wp.com\/www.saopaulo.sp.gov.br\/wp-content\/uploads\/2020\/02\/DESASSOREAMENTO-DO-RIO-TIET\u00ca-1.jpg?ssl=1&w=1024&resize=1024&ssl=1 1024w, https:\/\/i1.wp.com\/www.saopaulo.sp.gov.br\/wp-content\/uploads\/2020\/02\/DESASSOREAMENTO-DO-RIO-TIET\u00ca-1.jpg?ssl=1&w=1280&resize=1280&ssl=1 1280w, https:\/\/i1.wp.com\/www.saopaulo.sp.gov.br\/wp-content\/uploads\/2020\/02\/DESASSOREAMENTO-DO-RIO-TIET\u00ca-1.jpg?ssl=1&w=1600&resize=1600&ssl=1 1600w\" loading=\"lazy\" class=\"size-full wp-image-5133476\" fifu-data-src=\"https:\/\/i1.wp.com\/www.saopaulo.sp.gov.br\/wp-content\/uploads\/2020\/02\/DESASSOREAMENTO-DO-RIO-TIET\u00ca-1.jpg?ssl=1\" alt=\"\" width=\"2896\" height=\"1944\" srcset=\"https:\/\/www.saopaulo.sp.gov.br\/wp-content\/uploads\/2020\/02\/DESASSOREAMENTO-DO-RIO-TIET\u00ca-1.jpg 2896w, https:\/\/www.saopaulo.sp.gov.br\/wp-content\/uploads\/2020\/02\/DESASSOREAMENTO-DO-RIO-TIET\u00ca-1-300x201.jpg 300w, https:\/\/www.saopaulo.sp.gov.br\/wp-content\/uploads\/2020\/02\/DESASSOREAMENTO-DO-RIO-TIET\u00ca-1-768x516.jpg 768w, https:\/\/www.saopaulo.sp.gov.br\/wp-content\/uploads\/2020\/02\/DESASSOREAMENTO-DO-RIO-TIET\u00ca-1-1024x687.jpg 1024w\" sizes=\"auto, (max-width: 2896px) 100vw, 2896px\" \/><figcaption class=\"wp-caption-text\">Desassoreamento do rio e seus afluentes est\u00e1 entre as a\u00e7\u00f5es do Programa IntegraTiet\u00ea<\/figcaption><\/figure>\n<p>O Governo de S\u00e3o Paulo vai investir R$ 5,6 bilh\u00f5es para recupera\u00e7\u00e3o do rio Tiet\u00ea nos pr\u00f3ximos quatro anos. A gest\u00e3o estadual anunciou nesta sexta-feira (31) o Programa IntegraTiet\u00ea, inciativa que prev\u00ea medidas de curto, m\u00e9dio e longo prazo para melhorar a gest\u00e3o do maior rio do estado.<\/p>&nbsp;&nbsp;\n<p>Com isso, os recursos ser\u00e3o aplicados em a\u00e7\u00f5es como a amplia\u00e7\u00e3o da rede de saneamento b\u00e1sico, o desassoreamento do curso d\u2019\u00e1gua, a gest\u00e3o de p\u00f4lderes (estruturas hidr\u00e1ulicas para controle de enchentes em pontos baixos), al\u00e9m de melhorias no monitoramento da qualidade da \u00e1gua e recupera\u00e7\u00e3o de fauna e flora nas margens da bacia hidrogr\u00e1fica.<\/p>&nbsp;&nbsp;\n<p>\u201cO nome do programa d\u00e1 a diretriz da atua\u00e7\u00e3o esperada para o Tiet\u00ea: integra\u00e7\u00e3o entre Governo, iniciativa privada e sociedade civil. Aportes de recursos e esfor\u00e7os ser\u00e3o integrados por meio de uma forte governan\u00e7a que permitir\u00e1, de forma mais assertiva, direcionar recursos aos pontos mais vulner\u00e1veis do Tiet\u00ea\u201d, refor\u00e7a o governador Tarc\u00edsio de Freitas.<\/p>&nbsp;&nbsp;\n<p>Entre as principais inova\u00e7\u00f5es est\u00e3o a estrutura\u00e7\u00e3o de parcerias p\u00fablico-privadas (PPPs) para desassoreamento do rio e seus afluentes; a proposta de transforma\u00e7\u00e3o do Departamento de \u00c1guas e Energia El\u00e9trica (DAEE) em Ag\u00eancia SP \u00c1guas, via Projeto de Lei, para fortalecer os pap\u00e9is de regula\u00e7\u00e3o e fiscaliza\u00e7\u00e3o do \u00f3rg\u00e3o; al\u00e9m de um modelo de contrata\u00e7\u00e3o para esgotamento sanit\u00e1rio focado em gest\u00e3o por resultados, que prev\u00ea a remunera\u00e7\u00e3o por n\u00famero de clientes conectados e melhoria dos indicadores de qualidade da \u00e1gua do Tiet\u00ea.<\/p>&nbsp;&nbsp;\n<p>O programa contar\u00e1 ainda com a cria\u00e7\u00e3o do F\u00f3rum IntegraTiet\u00ea, composto por \u00f3rg\u00e3os como a Secretaria de Meio Ambiente, Infraestrutura e Log\u00edstica (Semil), a Companhia de Saneamento B\u00e1sico do Estado de S\u00e3o Paulo (Sabesp), o DAEE e a Companhia Ambiental do Estado de S\u00e3o Paulo (Cetesb), al\u00e9m de membros dos Comit\u00eas de Bacias Hidrogr\u00e1ficas do Estado.<\/p>&nbsp;&nbsp;\n<p>\u201cN\u00e3o queremos inventar a roda. Sabemos do tamanho do desafio que \u00e9 o Tiet\u00ea. Para isso, pretendemos tratar o rio como uma pol\u00edtica do Estado. Integrar todos os atores envolvidos no processo traz uma melhor governan\u00e7a para as a\u00e7\u00f5es. Al\u00e9m disso, acreditamos que as PPPs conferem um ganho de escala e, consequentemente, mais efici\u00eancia para o projeto a longo prazo\u201d, avalia a secret\u00e1ria de Meio Ambiente, Infraestrutura e Log\u00edstica, Nat\u00e1lia Resende.<\/p>&nbsp;&nbsp;\n<p>Todas as medidas em andamento, como o Projeto Tiet\u00ea e o Programa Renasce, ser\u00e3o incorporadas para fortalecer a governan\u00e7a, al\u00e9m de unificar as diretrizes para direcionamento dos recursos.<\/p>&nbsp;&nbsp;\n<p><strong>Pilares<\/strong><\/p>\n<p>O IntegraTiet\u00ea ter\u00e1 cinco frentes de atua\u00e7\u00e3o em todos os 1.100 quil\u00f4metros de extens\u00e3o do rio: sa\u00fade e qualidade de vida; controle de cheias; turismo, lazer e integra\u00e7\u00e3o; efici\u00eancia log\u00edstica; e governan\u00e7a.<\/p>&nbsp;&nbsp;\n<p>No pilar sa\u00fade e qualidade de vida, o foco ser\u00e1 a expans\u00e3o da rede de saneamento b\u00e1sico e a gest\u00e3o de res\u00edduos s\u00f3lidos. A estimativa de investimentos \u00e9 de cerca de R$3,9 bilh\u00f5es no incremento da capacidade de tratamento de esgoto e a expans\u00e3o das redes de coleta dos res\u00edduos.<\/p>&nbsp;&nbsp;\n<p>Na vertente controle de cheias, o objetivo \u00e9 ampliar as a\u00e7\u00f5es de desassoreamento. Atualmente, o DAEE trabalha na remo\u00e7\u00e3o de res\u00edduos do fundo do Tiet\u00ea ao longo de 41 quil\u00f4metros nas cidades de Santana do Parna\u00edba, Osasco, Barueri, Carapicu\u00edba, Guarulhos e S\u00e3o Paulo, com investimentos de R$ 320 milh\u00f5es ao ano. A proje\u00e7\u00e3o \u00e9 ampliar esse trabalho em 25 quil\u00f4metros nos pr\u00f3ximos seis meses, atendendo \u00e1reas em Itaquaquecetuba, Mogi das Cruzes, Suzano e Ferraz de Vasconcelos.<\/p>&nbsp;&nbsp;\n<p>A partir de 2025, as obras dever\u00e3o passar \u00e0 iniciativa privada por meio de concess\u00e3o, que permitir\u00e1 a presta\u00e7\u00e3o dos servi\u00e7os de desassoreamento nos 205 quil\u00f4metros do Alto Tiet\u00ea com mais efici\u00eancia, beneficiando os 39 munic\u00edpios com a redu\u00e7\u00e3o dos impactos das chuvas a longo prazo.<\/p>&nbsp;&nbsp;\n<p><strong>Conv\u00eanio com o BID<\/strong><\/p>\n<p>Um financiamento de R$ 500 milh\u00f5es do Banco Interamericano de Desenvolvimento (BID) contemplar\u00e1, ainda, o pilar turismo, lazer e integra\u00e7\u00e3o. Aprovado no \u00e2mbito do Renasce Tiet\u00ea, que ser\u00e1 incorporado ao programa, os recursos englobam iniciativas em educa\u00e7\u00e3o, cultura, lazer e esporte em Sales\u00f3polis. O conv\u00eanio tamb\u00e9m permite a amplia\u00e7\u00e3o do uso de novas tecnologias de controle para o monitoramento qualitativo e quantitativo das \u00e1guas do rio.<\/p>&nbsp;&nbsp;\n<p>O \u00faltimo pilar, efici\u00eancia log\u00edstica, ser\u00e1 contemplado com a retomada das obras de aprofundamento do canal de Nova Avanhandava em 3,5 metros, no Baixo Tiet\u00ea, regi\u00e3o Noroeste do Estado, que permitir\u00e3o a navegabilidade mesmo em per\u00edodos de estiagem, com est\u00edmulo ao transporte hidrovi\u00e1rio. O investimento previsto \u00e9 de R$ 300 milh\u00f5es.<\/p>&nbsp;&nbsp;\n<p><!-- Este texto tem o apoio do Sistema ECOMPARE de lojas virtuais <a rel=\"nofollow\" href=\"https:\/\/www.saopaulo.sp.gov.br\/spnoticias\/governo-de-sao-paulo-preve-aporte-de-r-56-bilhoes-ate-2026-para-o-rio-tiete\/\">Governo de S\u00e3o Paulo prev\u00ea aporte de R$ 5,6 bilh\u00f5es at\u00e9 2026 para o rio Tiet\u00ea<\/a> apareceu primeiro em <a rel=\"nofollow\" href=\"https:\/\/www.saopaulo.sp.gov.br\">Governo do Estado de S\u00e3o Paulo<\/a>.<\/p>&nbsp;&nbsp;\n","protected":false},"excerpt":{"rendered":"<p>Atualizado &#8211; Divulga\u00e7\u00e3o\/DAEE Desassoreamento do rio e seus afluentes est\u00e1 entre as a\u00e7\u00f5es do Programa&#8230;<\/p>\n","protected":false},"author":1,"featured_media":0,"comment_status":"closed","ping_status":"closed","sticky":false,"template":"","format":"standard","meta":{"fifu_image_url":"","fifu_image_alt":"","footnotes":""},"categories":[7488,7744,727],"tags":[8203,7760,8574,8575,8323,3340,219,7771,2199,8539,1010,382,1690,8540,8357,8362,8684,6625,6626,7820,7822,7758],"class_list":["post-62556","post","type-post","status-publish","format-standard","hentry","category-destaques","category-imprensa","category-noticias","tag-100dias2023","tag-ultimas-noticias","tag-cetesb","tag-conservacao-ambiental","tag-daee","tag-desenvolvimento","tag-gestao","tag-governo-de-sao-paulo","tag-infraestrutura","tag-infraestrutura-e-logistica","tag-investimentos","tag-logistica","tag-meio-ambiente","tag-melhorias","tag-parcerias-em-investimentos","tag-recursos-hidricos","tag-rio-tiete","tag-sabesp","tag-saneamento","tag-secretaria-de-meio-ambiente-infraestrutura-e-logistica","tag-secretaria-de-parcerias-em-investimentos","tag-sp-noticias","wpcat-7488-id","wpcat-7744-id","wpcat-727-id"],"_links":{"self":[{"href":"https:\/\/verde-amarelo.net\/verdeamarelo\/wp-json\/wp\/v2\/posts\/62556","targetHints":{"allow":["GET"]}}],"collection":[{"href":"https:\/\/verde-amarelo.net\/verdeamarelo\/wp-json\/wp\/v2\/posts"}],"about":[{"href":"https:\/\/verde-amarelo.net\/verdeamarelo\/wp-json\/wp\/v2\/types\/post"}],"author":[{"embeddable":true,"href":"https:\/\/verde-amarelo.net\/verdeamarelo\/wp-json\/wp\/v2\/users\/1"}],"replies":[{"embeddable":true,"href":"https:\/\/verde-amarelo.net\/verdeamarelo\/wp-json\/wp\/v2\/comments?post=62556"}],"version-history":[{"count":0,"href":"https:\/\/verde-amarelo.net\/verdeamarelo\/wp-json\/wp\/v2\/posts\/62556\/revisions"}],"wp:attachment":[{"href":"https:\/\/verde-amarelo.net\/verdeamarelo\/wp-json\/wp\/v2\/media?parent=62556"}],"wp:term":[{"taxonomy":"category","embeddable":true,"href":"https:\/\/verde-amarelo.net\/verdeamarelo\/wp-json\/wp\/v2\/categories?post=62556"},{"taxonomy":"post_tag","embeddable":true,"href":"https:\/\/verde-amarelo.net\/verdeamarelo\/wp-json\/wp\/v2\/tags?post=62556"}],"curies":[{"name":"wp","href":"https:\/\/api.w.org\/{rel}","templated":true}]}}