{"id":62634,"date":"2023-04-06T09:47:35","date_gmt":"2023-04-06T12:47:35","guid":{"rendered":"https:\/\/www.highspeedbrazil.com.br\/?p=39924"},"modified":"2024-01-12T17:56:13","modified_gmt":"2024-01-12T20:56:13","slug":"o-segundo-lugar-na-3a-etapa-da-copa-sao-paulo-light-mantem-lourenco-varela-na-lideranca-da-cadete","status":"publish","type":"post","link":"https:\/\/verde-amarelo.net\/verdeamarelo\/2023\/04\/o-segundo-lugar-na-3a-etapa-da-copa-sao-paulo-light-mantem-lourenco-varela-na-lideranca-da-cadete\/","title":{"rendered":"O segundo lugar na 3\u00aa etapa da Copa S\u00e3o Paulo Light, mant\u00e9m Louren\u00e7o Varela na lideran\u00e7a da Cadete"},"content":{"rendered":"<p>Disputada no \u00faltimo s\u00e1bado (01), no kart\u00f3dromo de Interlagos, a 3\u00aa etapa da Copa S\u00e3o Paulo Light de Kart reuniu, novamente, um bom n\u00famero de pilotos, 227 no total. Na Cadete, 21 karts entraram na pista e Louren\u00e7o Varela, de Itapema-SC, travou boas disputas e defendeu a lideran\u00e7a do campeonato.<\/p>&nbsp;&nbsp;\n<p><a href=\"https:\/\/i2.wp.com\/www.highspeedbrazil.com.br\/wp-content\/uploads\/2023\/04\/mail-10.jpg?ssl=1\"><img src=\"data:image\/gif;base64,R0lGODlhAQABAIAAAAAAAP\/\/\/ywAAAAAAQABAAACAUwAOw==\" fifu-lazy=\"1\" fifu-data-sizes=\"auto\" fifu-data-srcset=\"https:\/\/i0.wp.com\/verde-amarelo.net\/verdeamarelo\/wp-content\/uploads\/2023\/04\/o-segundo-lugar-na-3a-etapa-da-copa-sao-paulo-light-mantem-lourenco-varela-na-lideranca-da-cadete.webp?ssl=1&w=75&resize=75&ssl=1 75w, https:\/\/i0.wp.com\/verde-amarelo.net\/verdeamarelo\/wp-content\/uploads\/2023\/04\/o-segundo-lugar-na-3a-etapa-da-copa-sao-paulo-light-mantem-lourenco-varela-na-lideranca-da-cadete.webp?ssl=1&w=100&resize=100&ssl=1 100w, https:\/\/i0.wp.com\/verde-amarelo.net\/verdeamarelo\/wp-content\/uploads\/2023\/04\/o-segundo-lugar-na-3a-etapa-da-copa-sao-paulo-light-mantem-lourenco-varela-na-lideranca-da-cadete.webp?ssl=1&w=150&resize=150&ssl=1 150w, https:\/\/i0.wp.com\/verde-amarelo.net\/verdeamarelo\/wp-content\/uploads\/2023\/04\/o-segundo-lugar-na-3a-etapa-da-copa-sao-paulo-light-mantem-lourenco-varela-na-lideranca-da-cadete.webp?ssl=1&w=240&resize=240&ssl=1 240w, https:\/\/i0.wp.com\/verde-amarelo.net\/verdeamarelo\/wp-content\/uploads\/2023\/04\/o-segundo-lugar-na-3a-etapa-da-copa-sao-paulo-light-mantem-lourenco-varela-na-lideranca-da-cadete.webp?ssl=1&w=320&resize=320&ssl=1 320w, https:\/\/i0.wp.com\/verde-amarelo.net\/verdeamarelo\/wp-content\/uploads\/2023\/04\/o-segundo-lugar-na-3a-etapa-da-copa-sao-paulo-light-mantem-lourenco-varela-na-lideranca-da-cadete.webp?ssl=1&w=500&resize=500&ssl=1 500w, https:\/\/i0.wp.com\/verde-amarelo.net\/verdeamarelo\/wp-content\/uploads\/2023\/04\/o-segundo-lugar-na-3a-etapa-da-copa-sao-paulo-light-mantem-lourenco-varela-na-lideranca-da-cadete.webp?ssl=1&w=640&resize=640&ssl=1 640w, https:\/\/i0.wp.com\/verde-amarelo.net\/verdeamarelo\/wp-content\/uploads\/2023\/04\/o-segundo-lugar-na-3a-etapa-da-copa-sao-paulo-light-mantem-lourenco-varela-na-lideranca-da-cadete.webp?ssl=1&w=800&resize=800&ssl=1 800w, https:\/\/i0.wp.com\/verde-amarelo.net\/verdeamarelo\/wp-content\/uploads\/2023\/04\/o-segundo-lugar-na-3a-etapa-da-copa-sao-paulo-light-mantem-lourenco-varela-na-lideranca-da-cadete.webp?ssl=1&w=1024&resize=1024&ssl=1 1024w, https:\/\/i0.wp.com\/verde-amarelo.net\/verdeamarelo\/wp-content\/uploads\/2023\/04\/o-segundo-lugar-na-3a-etapa-da-copa-sao-paulo-light-mantem-lourenco-varela-na-lideranca-da-cadete.webp?ssl=1&w=1280&resize=1280&ssl=1 1280w, https:\/\/i0.wp.com\/verde-amarelo.net\/verdeamarelo\/wp-content\/uploads\/2023\/04\/o-segundo-lugar-na-3a-etapa-da-copa-sao-paulo-light-mantem-lourenco-varela-na-lideranca-da-cadete.webp?ssl=1&w=1600&resize=1600&ssl=1 1600w\" decoding=\"async\" loading=\"lazy\" data-attachment-id=\"39925\" data-permalink=\"https:\/\/www.highspeedbrazil.com.br\/o-segundo-lugar-na-3a-etapa-da-copa-sao-paulo-light-mantem-lourenco-varela-na-lideranca-da-cadete\/mail-10-11\/\" data-orig-file=\"https:\/\/i2.wp.com\/www.highspeedbrazil.com.br\/wp-content\/uploads\/2023\/04\/mail-10.jpg?fit=1000%2C665&ssl=1\" data-orig-size=\"1000,665\" data-comments-opened=\"1\" data-image-meta=\"{\"aperture\":\"10\",\"credit\":\"\",\"camera\":\"NIKON D4\",\"caption\":\"\",\"created_timestamp\":\"1680339265\",\"copyright\":\"\",\"focal_length\":\"330\",\"iso\":\"800\",\"shutter_speed\":\"0.001\",\"title\":\"\",\"orientation\":\"1\"}\" data-image-title=\"mail (10)\" data-image-description data-medium-file=\"https:\/\/i2.wp.com\/www.highspeedbrazil.com.br\/wp-content\/uploads\/2023\/04\/mail-10.jpg?fit=300%2C200&ssl=1\" data-large-file=\"https:\/\/i2.wp.com\/www.highspeedbrazil.com.br\/wp-content\/uploads\/2023\/04\/mail-10.jpg?fit=620%2C412&ssl=1\" class=\" wp-image-39925 alignleft jetpack-lazy-image\" fifu-data-src=\"https:\/\/i0.wp.com\/verde-amarelo.net\/verdeamarelo\/wp-content\/uploads\/2023\/04\/o-segundo-lugar-na-3a-etapa-da-copa-sao-paulo-light-mantem-lourenco-varela-na-lideranca-da-cadete.webp?ssl=1\" alt width=\"316\" height=\"210\" data-recalc-dims=\"1\" data-lazy-srcset=\"https:\/\/verde-amarelo.net\/verdeamarelo\/wp-content\/uploads\/2023\/04\/o-segundo-lugar-na-3a-etapa-da-copa-sao-paulo-light-mantem-lourenco-varela-na-lideranca-da-cadete-1.jpg 1000w, https:\/\/verde-amarelo.net\/verdeamarelo\/wp-content\/uploads\/2023\/04\/o-segundo-lugar-na-3a-etapa-da-copa-sao-paulo-light-mantem-lourenco-varela-na-lideranca-da-cadete-2.jpg 300w, https:\/\/verde-amarelo.net\/verdeamarelo\/wp-content\/uploads\/2023\/04\/o-segundo-lugar-na-3a-etapa-da-copa-sao-paulo-light-mantem-lourenco-varela-na-lideranca-da-cadete-3.jpg 768w\" data-lazy-sizes=\"(max-width: 316px) 100vw, 316px\" srcset=\"data:image\/gif;base64,R0lGODlhAQABAIAAAAAAAP\/\/\/yH5BAEAAAAALAAAAAABAAEAAAIBRAA7\"><\/a><\/p>\n<p><noscript><img src=\"data:image\/gif;base64,R0lGODlhAQABAIAAAAAAAP\/\/\/ywAAAAAAQABAAACAUwAOw==\" fifu-lazy=\"1\" fifu-data-sizes=\"auto\" fifu-data-srcset=\"https:\/\/i0.wp.com\/verde-amarelo.net\/verdeamarelo\/wp-content\/uploads\/2023\/04\/o-segundo-lugar-na-3a-etapa-da-copa-sao-paulo-light-mantem-lourenco-varela-na-lideranca-da-cadete.webp?ssl=1&w=75&resize=75&ssl=1 75w, https:\/\/i0.wp.com\/verde-amarelo.net\/verdeamarelo\/wp-content\/uploads\/2023\/04\/o-segundo-lugar-na-3a-etapa-da-copa-sao-paulo-light-mantem-lourenco-varela-na-lideranca-da-cadete.webp?ssl=1&w=100&resize=100&ssl=1 100w, https:\/\/i0.wp.com\/verde-amarelo.net\/verdeamarelo\/wp-content\/uploads\/2023\/04\/o-segundo-lugar-na-3a-etapa-da-copa-sao-paulo-light-mantem-lourenco-varela-na-lideranca-da-cadete.webp?ssl=1&w=150&resize=150&ssl=1 150w, https:\/\/i0.wp.com\/verde-amarelo.net\/verdeamarelo\/wp-content\/uploads\/2023\/04\/o-segundo-lugar-na-3a-etapa-da-copa-sao-paulo-light-mantem-lourenco-varela-na-lideranca-da-cadete.webp?ssl=1&w=240&resize=240&ssl=1 240w, https:\/\/i0.wp.com\/verde-amarelo.net\/verdeamarelo\/wp-content\/uploads\/2023\/04\/o-segundo-lugar-na-3a-etapa-da-copa-sao-paulo-light-mantem-lourenco-varela-na-lideranca-da-cadete.webp?ssl=1&w=320&resize=320&ssl=1 320w, https:\/\/i0.wp.com\/verde-amarelo.net\/verdeamarelo\/wp-content\/uploads\/2023\/04\/o-segundo-lugar-na-3a-etapa-da-copa-sao-paulo-light-mantem-lourenco-varela-na-lideranca-da-cadete.webp?ssl=1&w=500&resize=500&ssl=1 500w, https:\/\/i0.wp.com\/verde-amarelo.net\/verdeamarelo\/wp-content\/uploads\/2023\/04\/o-segundo-lugar-na-3a-etapa-da-copa-sao-paulo-light-mantem-lourenco-varela-na-lideranca-da-cadete.webp?ssl=1&w=640&resize=640&ssl=1 640w, https:\/\/i0.wp.com\/verde-amarelo.net\/verdeamarelo\/wp-content\/uploads\/2023\/04\/o-segundo-lugar-na-3a-etapa-da-copa-sao-paulo-light-mantem-lourenco-varela-na-lideranca-da-cadete.webp?ssl=1&w=800&resize=800&ssl=1 800w, https:\/\/i0.wp.com\/verde-amarelo.net\/verdeamarelo\/wp-content\/uploads\/2023\/04\/o-segundo-lugar-na-3a-etapa-da-copa-sao-paulo-light-mantem-lourenco-varela-na-lideranca-da-cadete.webp?ssl=1&w=1024&resize=1024&ssl=1 1024w, https:\/\/i0.wp.com\/verde-amarelo.net\/verdeamarelo\/wp-content\/uploads\/2023\/04\/o-segundo-lugar-na-3a-etapa-da-copa-sao-paulo-light-mantem-lourenco-varela-na-lideranca-da-cadete.webp?ssl=1&w=1280&resize=1280&ssl=1 1280w, https:\/\/i0.wp.com\/verde-amarelo.net\/verdeamarelo\/wp-content\/uploads\/2023\/04\/o-segundo-lugar-na-3a-etapa-da-copa-sao-paulo-light-mantem-lourenco-varela-na-lideranca-da-cadete.webp?ssl=1&w=1600&resize=1600&ssl=1 1600w\" decoding=\"async\" loading=\"lazy\" data-attachment-id=\"39925\" data-permalink=\"https:\/\/www.highspeedbrazil.com.br\/o-segundo-lugar-na-3a-etapa-da-copa-sao-paulo-light-mantem-lourenco-varela-na-lideranca-da-cadete\/mail-10-11\/\" data-orig-file=\"https:\/\/i2.wp.com\/www.highspeedbrazil.com.br\/wp-content\/uploads\/2023\/04\/mail-10.jpg?fit=1000%2C665&ssl=1\" data-orig-size=\"1000,665\" data-comments-opened=\"1\" data-image-meta=\"{\"aperture\":\"10\",\"credit\":\"\",\"camera\":\"NIKON D4\",\"caption\":\"\",\"created_timestamp\":\"1680339265\",\"copyright\":\"\",\"focal_length\":\"330\",\"iso\":\"800\",\"shutter_speed\":\"0.001\",\"title\":\"\",\"orientation\":\"1\"}\" data-image-title=\"mail (10)\" data-image-description data-medium-file=\"https:\/\/i2.wp.com\/www.highspeedbrazil.com.br\/wp-content\/uploads\/2023\/04\/mail-10.jpg?fit=300%2C200&ssl=1\" data-large-file=\"https:\/\/i2.wp.com\/www.highspeedbrazil.com.br\/wp-content\/uploads\/2023\/04\/mail-10.jpg?fit=620%2C412&ssl=1\" class=\" wp-image-39925 alignleft\" fifu-data-src=\"https:\/\/i0.wp.com\/verde-amarelo.net\/verdeamarelo\/wp-content\/uploads\/2023\/04\/o-segundo-lugar-na-3a-etapa-da-copa-sao-paulo-light-mantem-lourenco-varela-na-lideranca-da-cadete.webp?ssl=1\" alt width=\"316\" height=\"210\" srcset=\"https:\/\/verde-amarelo.net\/verdeamarelo\/wp-content\/uploads\/2023\/04\/o-segundo-lugar-na-3a-etapa-da-copa-sao-paulo-light-mantem-lourenco-varela-na-lideranca-da-cadete-1.jpg 1000w, https:\/\/verde-amarelo.net\/verdeamarelo\/wp-content\/uploads\/2023\/04\/o-segundo-lugar-na-3a-etapa-da-copa-sao-paulo-light-mantem-lourenco-varela-na-lideranca-da-cadete-2.jpg 300w, https:\/\/verde-amarelo.net\/verdeamarelo\/wp-content\/uploads\/2023\/04\/o-segundo-lugar-na-3a-etapa-da-copa-sao-paulo-light-mantem-lourenco-varela-na-lideranca-da-cadete-3.jpg 768w\" sizes=\"auto, (max-width: 316px) 100vw, 316px\" data-recalc-dims=\"1\"><\/noscript>A tomada de tempos foi acirrada e apenas um mil\u00e9simo de segundo separou Louren\u00e7o Varela (ART HOME) da pole position. Na primeira prova o piloto fez uma curva um pouco mais aberta e perdeu algumas posi\u00e7\u00f5es. Chegou a ficar em s\u00e9timo lugar, recuperou tr\u00eas e terminou em quarto.<\/p>&nbsp;&nbsp;\n<p>Na segunda corrida, com a invers\u00e3o regulamentar dos cinco primeiros colocados do grid, largou na segunda posi\u00e7\u00e3o. Desta vez, Varela n\u00e3o cometeu erros, fez boa largada, assumiu a lideran\u00e7a e venceu com quase meio segundo de vantagem. A soma dos resultados posicionou o piloto no segundo lugar mais alto do p\u00f3dio.<\/p>&nbsp;&nbsp;\n<p>Com nove pontos ganhos nesta etapa, Louren\u00e7o Varela mant\u00e9m a lideran\u00e7a do campeonato com 32 pontos, seis a mais que o segundo colocado. \u201cEu cometi um erro numa curva e os concorrentes que estavam pr\u00f3ximos ganharam posi\u00e7\u00f5es. Serviu de aprendizado. Na segunda tudo deu certo e ganhei. Agrade\u00e7o muito o trabalho do meu preparador Iferson Motin, a torcida e orienta\u00e7\u00f5es do meu pai. Ainda estamos na lideran\u00e7a do campeonato e vamos trabalhar para continuarmos assim\u201d, garantiu Louren\u00e7o Varela.<\/p>&nbsp;&nbsp;\n<p>Jornalista respons\u00e1vel: Eni Alves<br \/>Fotos: Eni Alves<\/p>\n<div class=\"sharedaddy sd-sharing-enabled\">\n<div class=\"robots-nocontent sd-block sd-social sd-social-icon sd-sharing\">\n<h3 class=\"sd-title\">Compartilhe isso:<\/h3>\n<\/div>\n<\/div>\n<p> Cr\u00e9ditos: High Speed Brazil<\/p>\n","protected":false},"excerpt":{"rendered":"<p>Disputada no \u00faltimo s\u00e1bado (01), no kart\u00f3dromo de Interlagos, a 3\u00aa etapa da Copa S\u00e3o&#8230;<\/p>\n","protected":false},"author":1,"featured_media":62635,"comment_status":"closed","ping_status":"closed","sticky":false,"template":"","format":"standard","meta":{"fifu_image_url":"","fifu_image_alt":"","footnotes":""},"categories":[8428,7488,7492,727,8425],"tags":[3836,6029,6237,160,7591,6419,6067,6221,1471,8545,3897,3657,7646,6068,6064,6081,1488,6320,1558,2456,874,2550,1873,152,6948,8426],"class_list":["post-62634","post","type-post","status-publish","format-standard","has-post-thumbnail","hentry","category-automobilismo","category-destaques","category-esportes","category-noticias","category-verde-amarelo","tag-assim","tag-automobilismo","tag-cadete","tag-campeonato","tag-copa","tag-copa-sao-paulo","tag-copa-sao-paulo-light","tag-copa-sao-paulo-light-de-kart","tag-corrida","tag-creditos","tag-e","tag-esportes","tag-home","tag-interlagos","tag-kart","tag-kartodromo-de-interlagos","tag-lideranca","tag-pole-position","tag-pontos","tag-resultados","tag-sao-paulo","tag-soma","tag-torcida","tag-trabalho","tag-vamos","tag-verde-amarelo","wpcat-8428-id","wpcat-7488-id","wpcat-7492-id","wpcat-727-id","wpcat-8425-id"],"_links":{"self":[{"href":"https:\/\/verde-amarelo.net\/verdeamarelo\/wp-json\/wp\/v2\/posts\/62634","targetHints":{"allow":["GET"]}}],"collection":[{"href":"https:\/\/verde-amarelo.net\/verdeamarelo\/wp-json\/wp\/v2\/posts"}],"about":[{"href":"https:\/\/verde-amarelo.net\/verdeamarelo\/wp-json\/wp\/v2\/types\/post"}],"author":[{"embeddable":true,"href":"https:\/\/verde-amarelo.net\/verdeamarelo\/wp-json\/wp\/v2\/users\/1"}],"replies":[{"embeddable":true,"href":"https:\/\/verde-amarelo.net\/verdeamarelo\/wp-json\/wp\/v2\/comments?post=62634"}],"version-history":[{"count":0,"href":"https:\/\/verde-amarelo.net\/verdeamarelo\/wp-json\/wp\/v2\/posts\/62634\/revisions"}],"wp:featuredmedia":[{"embeddable":true,"href":"https:\/\/verde-amarelo.net\/verdeamarelo\/wp-json\/wp\/v2\/media\/62635"}],"wp:attachment":[{"href":"https:\/\/verde-amarelo.net\/verdeamarelo\/wp-json\/wp\/v2\/media?parent=62634"}],"wp:term":[{"taxonomy":"category","embeddable":true,"href":"https:\/\/verde-amarelo.net\/verdeamarelo\/wp-json\/wp\/v2\/categories?post=62634"},{"taxonomy":"post_tag","embeddable":true,"href":"https:\/\/verde-amarelo.net\/verdeamarelo\/wp-json\/wp\/v2\/tags?post=62634"}],"curies":[{"name":"wp","href":"https:\/\/api.w.org\/{rel}","templated":true}]}}