{"id":62797,"date":"2023-04-15T10:39:45","date_gmt":"2023-04-15T13:39:45","guid":{"rendered":"https:\/\/www.highspeedbrazil.com.br\/?p=40064"},"modified":"2024-01-12T18:56:03","modified_gmt":"2024-01-12T21:56:03","slug":"fernando-jr-fara-dupla-com-enzo-gianfratti-na-amg-cup-brasil","status":"publish","type":"post","link":"https:\/\/verde-amarelo.net\/verdeamarelo\/2023\/04\/fernando-jr-fara-dupla-com-enzo-gianfratti-na-amg-cup-brasil\/","title":{"rendered":"Fernando Jr. far\u00e1 dupla com Enzo Gianfratti na AMG Cup Brasil"},"content":{"rendered":"<p>O santacruzense Fernando confirmou nesta semana que disputar\u00e1 a temporada da AMG Cup Brasil a bordo da Mercedes CLA AMG #19, ao lado do piloto paulista Enzo Gianfratti.<\/p>&nbsp;&nbsp;\n<p><a href=\"https:\/\/i2.wp.com\/www.highspeedbrazil.com.br\/wp-content\/uploads\/2023\/04\/02.jpg?ssl=1\"><img src=\"data:image\/gif;base64,R0lGODlhAQABAIAAAAAAAP\/\/\/ywAAAAAAQABAAACAUwAOw==\" fifu-lazy=\"1\" fifu-data-sizes=\"auto\" fifu-data-srcset=\"https:\/\/i2.wp.com\/verde-amarelo.net\/verdeamarelo\/wp-content\/uploads\/2023\/04\/fernando-jr-fara-dupla-com-enzo-gianfratti-na-amg-cup-brasil.webp?ssl=1&w=75&resize=75&ssl=1 75w, https:\/\/i2.wp.com\/verde-amarelo.net\/verdeamarelo\/wp-content\/uploads\/2023\/04\/fernando-jr-fara-dupla-com-enzo-gianfratti-na-amg-cup-brasil.webp?ssl=1&w=100&resize=100&ssl=1 100w, https:\/\/i2.wp.com\/verde-amarelo.net\/verdeamarelo\/wp-content\/uploads\/2023\/04\/fernando-jr-fara-dupla-com-enzo-gianfratti-na-amg-cup-brasil.webp?ssl=1&w=150&resize=150&ssl=1 150w, https:\/\/i2.wp.com\/verde-amarelo.net\/verdeamarelo\/wp-content\/uploads\/2023\/04\/fernando-jr-fara-dupla-com-enzo-gianfratti-na-amg-cup-brasil.webp?ssl=1&w=240&resize=240&ssl=1 240w, https:\/\/i2.wp.com\/verde-amarelo.net\/verdeamarelo\/wp-content\/uploads\/2023\/04\/fernando-jr-fara-dupla-com-enzo-gianfratti-na-amg-cup-brasil.webp?ssl=1&w=320&resize=320&ssl=1 320w, https:\/\/i2.wp.com\/verde-amarelo.net\/verdeamarelo\/wp-content\/uploads\/2023\/04\/fernando-jr-fara-dupla-com-enzo-gianfratti-na-amg-cup-brasil.webp?ssl=1&w=500&resize=500&ssl=1 500w, https:\/\/i2.wp.com\/verde-amarelo.net\/verdeamarelo\/wp-content\/uploads\/2023\/04\/fernando-jr-fara-dupla-com-enzo-gianfratti-na-amg-cup-brasil.webp?ssl=1&w=640&resize=640&ssl=1 640w, https:\/\/i2.wp.com\/verde-amarelo.net\/verdeamarelo\/wp-content\/uploads\/2023\/04\/fernando-jr-fara-dupla-com-enzo-gianfratti-na-amg-cup-brasil.webp?ssl=1&w=800&resize=800&ssl=1 800w, https:\/\/i2.wp.com\/verde-amarelo.net\/verdeamarelo\/wp-content\/uploads\/2023\/04\/fernando-jr-fara-dupla-com-enzo-gianfratti-na-amg-cup-brasil.webp?ssl=1&w=1024&resize=1024&ssl=1 1024w, https:\/\/i2.wp.com\/verde-amarelo.net\/verdeamarelo\/wp-content\/uploads\/2023\/04\/fernando-jr-fara-dupla-com-enzo-gianfratti-na-amg-cup-brasil.webp?ssl=1&w=1280&resize=1280&ssl=1 1280w, https:\/\/i2.wp.com\/verde-amarelo.net\/verdeamarelo\/wp-content\/uploads\/2023\/04\/fernando-jr-fara-dupla-com-enzo-gianfratti-na-amg-cup-brasil.webp?ssl=1&w=1600&resize=1600&ssl=1 1600w\" decoding=\"async\" loading=\"lazy\" data-attachment-id=\"40065\" data-permalink=\"https:\/\/www.highspeedbrazil.com.br\/fernando-jr-fara-dupla-com-enzo-gianfratti-na-amg-cup-brasil\/02-6\/\" data-orig-file=\"https:\/\/i2.wp.com\/www.highspeedbrazil.com.br\/wp-content\/uploads\/2023\/04\/02.jpg?fit=2048%2C1365&ssl=1\" data-orig-size=\"2048,1365\" data-comments-opened=\"1\" data-image-meta=\"{\"aperture\":\"0\",\"credit\":\"CLAUDIO.KOLODZIEJJ\",\"camera\":\"\",\"caption\":\"\",\"created_timestamp\":\"0\",\"copyright\":\"CLAUDIO.KOLODZIEJJ\",\"focal_length\":\"0\",\"iso\":\"0\",\"shutter_speed\":\"0\",\"title\":\"\",\"orientation\":\"0\"}\" data-image-title=\"02\" data-image-description data-medium-file=\"https:\/\/i2.wp.com\/www.highspeedbrazil.com.br\/wp-content\/uploads\/2023\/04\/02.jpg?fit=300%2C200&ssl=1\" data-large-file=\"https:\/\/i2.wp.com\/www.highspeedbrazil.com.br\/wp-content\/uploads\/2023\/04\/02.jpg?fit=620%2C414&ssl=1\" class=\" wp-image-40065 alignleft jetpack-lazy-image\" fifu-data-src=\"https:\/\/i2.wp.com\/verde-amarelo.net\/verdeamarelo\/wp-content\/uploads\/2023\/04\/fernando-jr-fara-dupla-com-enzo-gianfratti-na-amg-cup-brasil.webp?ssl=1\" alt width=\"299\" height=\"199\" data-recalc-dims=\"1\" data-lazy-srcset=\"https:\/\/verde-amarelo.net\/verdeamarelo\/wp-content\/uploads\/2023\/04\/fernando-jr-fara-dupla-com-enzo-gianfratti-na-amg-cup-brasil-1.jpg 2048w, https:\/\/verde-amarelo.net\/verdeamarelo\/wp-content\/uploads\/2023\/04\/fernando-jr-fara-dupla-com-enzo-gianfratti-na-amg-cup-brasil-2.jpg 300w, https:\/\/verde-amarelo.net\/verdeamarelo\/wp-content\/uploads\/2023\/04\/fernando-jr-fara-dupla-com-enzo-gianfratti-na-amg-cup-brasil-3.jpg 768w, https:\/\/verde-amarelo.net\/verdeamarelo\/wp-content\/uploads\/2023\/04\/fernando-jr-fara-dupla-com-enzo-gianfratti-na-amg-cup-brasil-4.jpg 1024w, https:\/\/verde-amarelo.net\/verdeamarelo\/wp-content\/uploads\/2023\/04\/fernando-jr-fara-dupla-com-enzo-gianfratti-na-amg-cup-brasil-5.jpg 1240w, https:\/\/verde-amarelo.net\/verdeamarelo\/wp-content\/uploads\/2023\/04\/fernando-jr-fara-dupla-com-enzo-gianfratti-na-amg-cup-brasil-6.jpg 1860w\" data-lazy-sizes=\"(max-width: 299px) 100vw, 299px\" srcset=\"data:image\/gif;base64,R0lGODlhAQABAIAAAAAAAP\/\/\/yH5BAEAAAAALAAAAAABAAEAAAIBRAA7\"><\/a><\/p>\n<p><noscript><img src=\"data:image\/gif;base64,R0lGODlhAQABAIAAAAAAAP\/\/\/ywAAAAAAQABAAACAUwAOw==\" fifu-lazy=\"1\" fifu-data-sizes=\"auto\" fifu-data-srcset=\"https:\/\/i2.wp.com\/verde-amarelo.net\/verdeamarelo\/wp-content\/uploads\/2023\/04\/fernando-jr-fara-dupla-com-enzo-gianfratti-na-amg-cup-brasil.webp?ssl=1&w=75&resize=75&ssl=1 75w, https:\/\/i2.wp.com\/verde-amarelo.net\/verdeamarelo\/wp-content\/uploads\/2023\/04\/fernando-jr-fara-dupla-com-enzo-gianfratti-na-amg-cup-brasil.webp?ssl=1&w=100&resize=100&ssl=1 100w, https:\/\/i2.wp.com\/verde-amarelo.net\/verdeamarelo\/wp-content\/uploads\/2023\/04\/fernando-jr-fara-dupla-com-enzo-gianfratti-na-amg-cup-brasil.webp?ssl=1&w=150&resize=150&ssl=1 150w, https:\/\/i2.wp.com\/verde-amarelo.net\/verdeamarelo\/wp-content\/uploads\/2023\/04\/fernando-jr-fara-dupla-com-enzo-gianfratti-na-amg-cup-brasil.webp?ssl=1&w=240&resize=240&ssl=1 240w, https:\/\/i2.wp.com\/verde-amarelo.net\/verdeamarelo\/wp-content\/uploads\/2023\/04\/fernando-jr-fara-dupla-com-enzo-gianfratti-na-amg-cup-brasil.webp?ssl=1&w=320&resize=320&ssl=1 320w, https:\/\/i2.wp.com\/verde-amarelo.net\/verdeamarelo\/wp-content\/uploads\/2023\/04\/fernando-jr-fara-dupla-com-enzo-gianfratti-na-amg-cup-brasil.webp?ssl=1&w=500&resize=500&ssl=1 500w, https:\/\/i2.wp.com\/verde-amarelo.net\/verdeamarelo\/wp-content\/uploads\/2023\/04\/fernando-jr-fara-dupla-com-enzo-gianfratti-na-amg-cup-brasil.webp?ssl=1&w=640&resize=640&ssl=1 640w, https:\/\/i2.wp.com\/verde-amarelo.net\/verdeamarelo\/wp-content\/uploads\/2023\/04\/fernando-jr-fara-dupla-com-enzo-gianfratti-na-amg-cup-brasil.webp?ssl=1&w=800&resize=800&ssl=1 800w, https:\/\/i2.wp.com\/verde-amarelo.net\/verdeamarelo\/wp-content\/uploads\/2023\/04\/fernando-jr-fara-dupla-com-enzo-gianfratti-na-amg-cup-brasil.webp?ssl=1&w=1024&resize=1024&ssl=1 1024w, https:\/\/i2.wp.com\/verde-amarelo.net\/verdeamarelo\/wp-content\/uploads\/2023\/04\/fernando-jr-fara-dupla-com-enzo-gianfratti-na-amg-cup-brasil.webp?ssl=1&w=1280&resize=1280&ssl=1 1280w, https:\/\/i2.wp.com\/verde-amarelo.net\/verdeamarelo\/wp-content\/uploads\/2023\/04\/fernando-jr-fara-dupla-com-enzo-gianfratti-na-amg-cup-brasil.webp?ssl=1&w=1600&resize=1600&ssl=1 1600w\" decoding=\"async\" loading=\"lazy\" data-attachment-id=\"40065\" data-permalink=\"https:\/\/www.highspeedbrazil.com.br\/fernando-jr-fara-dupla-com-enzo-gianfratti-na-amg-cup-brasil\/02-6\/\" data-orig-file=\"https:\/\/i2.wp.com\/www.highspeedbrazil.com.br\/wp-content\/uploads\/2023\/04\/02.jpg?fit=2048%2C1365&ssl=1\" data-orig-size=\"2048,1365\" data-comments-opened=\"1\" data-image-meta=\"{\"aperture\":\"0\",\"credit\":\"CLAUDIO.KOLODZIEJJ\",\"camera\":\"\",\"caption\":\"\",\"created_timestamp\":\"0\",\"copyright\":\"CLAUDIO.KOLODZIEJJ\",\"focal_length\":\"0\",\"iso\":\"0\",\"shutter_speed\":\"0\",\"title\":\"\",\"orientation\":\"0\"}\" data-image-title=\"02\" data-image-description data-medium-file=\"https:\/\/i2.wp.com\/www.highspeedbrazil.com.br\/wp-content\/uploads\/2023\/04\/02.jpg?fit=300%2C200&ssl=1\" data-large-file=\"https:\/\/i2.wp.com\/www.highspeedbrazil.com.br\/wp-content\/uploads\/2023\/04\/02.jpg?fit=620%2C414&ssl=1\" class=\" wp-image-40065 alignleft\" fifu-data-src=\"https:\/\/i2.wp.com\/verde-amarelo.net\/verdeamarelo\/wp-content\/uploads\/2023\/04\/fernando-jr-fara-dupla-com-enzo-gianfratti-na-amg-cup-brasil.webp?ssl=1\" alt width=\"299\" height=\"199\" srcset=\"https:\/\/verde-amarelo.net\/verdeamarelo\/wp-content\/uploads\/2023\/04\/fernando-jr-fara-dupla-com-enzo-gianfratti-na-amg-cup-brasil-1.jpg 2048w, https:\/\/verde-amarelo.net\/verdeamarelo\/wp-content\/uploads\/2023\/04\/fernando-jr-fara-dupla-com-enzo-gianfratti-na-amg-cup-brasil-2.jpg 300w, https:\/\/verde-amarelo.net\/verdeamarelo\/wp-content\/uploads\/2023\/04\/fernando-jr-fara-dupla-com-enzo-gianfratti-na-amg-cup-brasil-3.jpg 768w, https:\/\/verde-amarelo.net\/verdeamarelo\/wp-content\/uploads\/2023\/04\/fernando-jr-fara-dupla-com-enzo-gianfratti-na-amg-cup-brasil-4.jpg 1024w, https:\/\/verde-amarelo.net\/verdeamarelo\/wp-content\/uploads\/2023\/04\/fernando-jr-fara-dupla-com-enzo-gianfratti-na-amg-cup-brasil-5.jpg 1240w, https:\/\/verde-amarelo.net\/verdeamarelo\/wp-content\/uploads\/2023\/04\/fernando-jr-fara-dupla-com-enzo-gianfratti-na-amg-cup-brasil-6.jpg 1860w\" sizes=\"auto, (max-width: 299px) 100vw, 299px\" data-recalc-dims=\"1\"><\/noscript>A abertura da temporada ser\u00e1 neste fim de semana, no Aut\u00f3dromo de Interlagos, em S\u00e3o Paulo. Fernando Jr. fala sobre a parceria: \u201cEstou empolgado com esta nova parceria, agrade\u00e7o ao Daniel Gianfratti pelo convite e pela oportunidade, j\u00e1 que fiquei sem alguns patroc\u00ednios (exceto a Transportes Mahler, que segue apoiando) e tamb\u00e9m aos patrocinadores da equipe, a Shield Oil Lubricants e Auto Shine. O Enzo \u00e9 um jovem e excelente piloto, e junto com a minha experi\u00eancia formaremos uma dupla forte para almejar o campeonato\u201d, disse o piloto de Santa Cruz,<\/p>\n<p>O treino classificat\u00f3rio acontece no s\u00e1bado \u00e0s 17h50, e as corridas ser\u00e3o no domingo, \u00e0s 9h e \u00e0s 12h, com transmiss\u00e3o pelo YouTube da AMG Cup. A corrida 2 ser\u00e1 transmitida ao vivo, tamb\u00e9m, pelo canal Band Sports.<\/p>&nbsp;&nbsp;\n<p>A equipe tem o patroc\u00ednio de Shield Oil Lubricants, Auto Shine e Transportes Mahler.<\/p>&nbsp;&nbsp;\n<p>LF Assessoria\/ Nilt\u00e3o Amaral<br \/>Fotos: Claudio Kolodziej<\/p>\n<div class=\"sharedaddy sd-sharing-enabled\">\n<div class=\"robots-nocontent sd-block sd-social sd-social-icon sd-sharing\">\n<h3 class=\"sd-title\">Compartilhe isso:<\/h3>\n<\/div>\n<\/div>\n<p> Cr\u00e9ditos: High Speed Brazil<\/p>\n","protected":false},"excerpt":{"rendered":"<p>O santacruzense Fernando confirmou nesta semana que disputar\u00e1 a temporada da AMG Cup Brasil a&#8230;<\/p>\n","protected":false},"author":1,"featured_media":62798,"comment_status":"closed","ping_status":"closed","sticky":false,"template":"","format":"standard","meta":{"fifu_image_url":"","fifu_image_alt":"","footnotes":""},"categories":[8428,7488,7492,727,8425],"tags":[179,686,6183,6029,4898,735,160,3843,1471,8545,5524,3897,6257,1984,3657,775,6493,6068,3972,1972,3555,3734,888,1780,874,2101,3476,7759,8242,8426,2177,1613],"class_list":["post-62797","post","type-post","status-publish","format-standard","has-post-thumbnail","hentry","category-automobilismo","category-destaques","category-esportes","category-noticias","category-verde-amarelo","tag-acontece","tag-assessoria","tag-autodromo-de-interlagos","tag-automobilismo","tag-band","tag-brasil","tag-campeonato","tag-canal","tag-corrida","tag-creditos","tag-daniel","tag-e","tag-enzo-gianfratti","tag-equipe","tag-esportes","tag-experiencia","tag-fernando-jr","tag-interlagos","tag-jovem","tag-mercedes","tag-nova","tag-oportunidade","tag-parceria","tag-patrocinio","tag-sao-paulo","tag-temporada","tag-transmissao","tag-transportes","tag-treino","tag-verde-amarelo","tag-vivo","tag-youtube","wpcat-8428-id","wpcat-7488-id","wpcat-7492-id","wpcat-727-id","wpcat-8425-id"],"_links":{"self":[{"href":"https:\/\/verde-amarelo.net\/verdeamarelo\/wp-json\/wp\/v2\/posts\/62797","targetHints":{"allow":["GET"]}}],"collection":[{"href":"https:\/\/verde-amarelo.net\/verdeamarelo\/wp-json\/wp\/v2\/posts"}],"about":[{"href":"https:\/\/verde-amarelo.net\/verdeamarelo\/wp-json\/wp\/v2\/types\/post"}],"author":[{"embeddable":true,"href":"https:\/\/verde-amarelo.net\/verdeamarelo\/wp-json\/wp\/v2\/users\/1"}],"replies":[{"embeddable":true,"href":"https:\/\/verde-amarelo.net\/verdeamarelo\/wp-json\/wp\/v2\/comments?post=62797"}],"version-history":[{"count":0,"href":"https:\/\/verde-amarelo.net\/verdeamarelo\/wp-json\/wp\/v2\/posts\/62797\/revisions"}],"wp:featuredmedia":[{"embeddable":true,"href":"https:\/\/verde-amarelo.net\/verdeamarelo\/wp-json\/wp\/v2\/media\/62798"}],"wp:attachment":[{"href":"https:\/\/verde-amarelo.net\/verdeamarelo\/wp-json\/wp\/v2\/media?parent=62797"}],"wp:term":[{"taxonomy":"category","embeddable":true,"href":"https:\/\/verde-amarelo.net\/verdeamarelo\/wp-json\/wp\/v2\/categories?post=62797"},{"taxonomy":"post_tag","embeddable":true,"href":"https:\/\/verde-amarelo.net\/verdeamarelo\/wp-json\/wp\/v2\/tags?post=62797"}],"curies":[{"name":"wp","href":"https:\/\/api.w.org\/{rel}","templated":true}]}}