{"id":62840,"date":"2023-04-18T08:51:55","date_gmt":"2023-04-18T11:51:55","guid":{"rendered":"https:\/\/www.highspeedbrazil.com.br\/?p=40138"},"modified":"2024-01-12T19:04:46","modified_gmt":"2024-01-12T22:04:46","slug":"laurent-guerinaud-da-show-com-dobradinha-em-interlagos-e-se-aproxima-de-recordes-na-fvee","status":"publish","type":"post","link":"https:\/\/verde-amarelo.net\/verdeamarelo\/2023\/04\/laurent-guerinaud-da-show-com-dobradinha-em-interlagos-e-se-aproxima-de-recordes-na-fvee\/","title":{"rendered":"Laurent Guerinaud d\u00e1 show, com dobradinha em Interlagos, e se aproxima de recordes na FVee"},"content":{"rendered":"<p class=\"yiv5447802439Cuerpo\"><b>Tricampe\u00e3o fatura as duas provas pela 2\u00aa etapa do Campeonato de F\u00f3rmula Vee Brazil e se torna um dos mais vencedores da hist\u00f3ria da F\u00f3rmula Vee.<\/b><\/p>\n<p class=\"yiv5447802439Cuerpo\"><b>&nbsp;<a href=\"https:\/\/i2.wp.com\/www.highspeedbrazil.com.br\/wp-content\/uploads\/2023\/04\/Laurent-Guerinaud-E2.jpg?ssl=1\"><img src=\"data:image\/gif;base64,R0lGODlhAQABAIAAAAAAAP\/\/\/ywAAAAAAQABAAACAUwAOw==\" fifu-lazy=\"1\" fifu-data-sizes=\"auto\" fifu-data-srcset=\"https:\/\/i1.wp.com\/verde-amarelo.net\/verdeamarelo\/wp-content\/uploads\/2023\/04\/laurent-guerinaud-da-show-com-dobradinha-em-interlagos-e-se-aproxima-de-recordes-na-fvee.webp?ssl=1&w=75&resize=75&ssl=1 75w, https:\/\/i1.wp.com\/verde-amarelo.net\/verdeamarelo\/wp-content\/uploads\/2023\/04\/laurent-guerinaud-da-show-com-dobradinha-em-interlagos-e-se-aproxima-de-recordes-na-fvee.webp?ssl=1&w=100&resize=100&ssl=1 100w, https:\/\/i1.wp.com\/verde-amarelo.net\/verdeamarelo\/wp-content\/uploads\/2023\/04\/laurent-guerinaud-da-show-com-dobradinha-em-interlagos-e-se-aproxima-de-recordes-na-fvee.webp?ssl=1&w=150&resize=150&ssl=1 150w, https:\/\/i1.wp.com\/verde-amarelo.net\/verdeamarelo\/wp-content\/uploads\/2023\/04\/laurent-guerinaud-da-show-com-dobradinha-em-interlagos-e-se-aproxima-de-recordes-na-fvee.webp?ssl=1&w=240&resize=240&ssl=1 240w, https:\/\/i1.wp.com\/verde-amarelo.net\/verdeamarelo\/wp-content\/uploads\/2023\/04\/laurent-guerinaud-da-show-com-dobradinha-em-interlagos-e-se-aproxima-de-recordes-na-fvee.webp?ssl=1&w=320&resize=320&ssl=1 320w, https:\/\/i1.wp.com\/verde-amarelo.net\/verdeamarelo\/wp-content\/uploads\/2023\/04\/laurent-guerinaud-da-show-com-dobradinha-em-interlagos-e-se-aproxima-de-recordes-na-fvee.webp?ssl=1&w=500&resize=500&ssl=1 500w, https:\/\/i1.wp.com\/verde-amarelo.net\/verdeamarelo\/wp-content\/uploads\/2023\/04\/laurent-guerinaud-da-show-com-dobradinha-em-interlagos-e-se-aproxima-de-recordes-na-fvee.webp?ssl=1&w=640&resize=640&ssl=1 640w, https:\/\/i1.wp.com\/verde-amarelo.net\/verdeamarelo\/wp-content\/uploads\/2023\/04\/laurent-guerinaud-da-show-com-dobradinha-em-interlagos-e-se-aproxima-de-recordes-na-fvee.webp?ssl=1&w=800&resize=800&ssl=1 800w, https:\/\/i1.wp.com\/verde-amarelo.net\/verdeamarelo\/wp-content\/uploads\/2023\/04\/laurent-guerinaud-da-show-com-dobradinha-em-interlagos-e-se-aproxima-de-recordes-na-fvee.webp?ssl=1&w=1024&resize=1024&ssl=1 1024w, https:\/\/i1.wp.com\/verde-amarelo.net\/verdeamarelo\/wp-content\/uploads\/2023\/04\/laurent-guerinaud-da-show-com-dobradinha-em-interlagos-e-se-aproxima-de-recordes-na-fvee.webp?ssl=1&w=1280&resize=1280&ssl=1 1280w, https:\/\/i1.wp.com\/verde-amarelo.net\/verdeamarelo\/wp-content\/uploads\/2023\/04\/laurent-guerinaud-da-show-com-dobradinha-em-interlagos-e-se-aproxima-de-recordes-na-fvee.webp?ssl=1&w=1600&resize=1600&ssl=1 1600w\" decoding=\"async\" loading=\"lazy\" data-attachment-id=\"40121\" data-permalink=\"https:\/\/www.highspeedbrazil.com.br\/tricampeao-domina-etapa-em-interlagos-e-a-formula-vee-tem-novos-lideres\/laurent-guerinaud-e2\/\" data-orig-file=\"https:\/\/i2.wp.com\/www.highspeedbrazil.com.br\/wp-content\/uploads\/2023\/04\/Laurent-Guerinaud-E2.jpg?fit=2500%2C1534&ssl=1\" data-orig-size=\"2500,1534\" data-comments-opened=\"1\" data-image-meta=\"{\"aperture\":\"5.6\",\"credit\":\"\",\"camera\":\"Canon EOS Rebel T6\",\"caption\":\"\",\"created_timestamp\":\"1681568527\",\"copyright\":\"\",\"focal_length\":\"250\",\"iso\":\"500\",\"shutter_speed\":\"0.0005\",\"title\":\"\",\"orientation\":\"1\"}\" data-image-title=\"Laurent Guerinaud-E2\" data-image-description data-medium-file=\"https:\/\/i2.wp.com\/www.highspeedbrazil.com.br\/wp-content\/uploads\/2023\/04\/Laurent-Guerinaud-E2.jpg?fit=300%2C184&ssl=1\" data-large-file=\"https:\/\/i2.wp.com\/www.highspeedbrazil.com.br\/wp-content\/uploads\/2023\/04\/Laurent-Guerinaud-E2.jpg?fit=620%2C380&ssl=1\" class=\" wp-image-40121 alignleft jetpack-lazy-image\" fifu-data-src=\"https:\/\/i1.wp.com\/verde-amarelo.net\/verdeamarelo\/wp-content\/uploads\/2023\/04\/laurent-guerinaud-da-show-com-dobradinha-em-interlagos-e-se-aproxima-de-recordes-na-fvee.webp?ssl=1\" alt width=\"315\" height=\"193\" data-recalc-dims=\"1\" data-lazy-srcset=\"https:\/\/verde-amarelo.net\/verdeamarelo\/wp-content\/uploads\/2023\/04\/laurent-guerinaud-da-show-com-dobradinha-em-interlagos-e-se-aproxima-de-recordes-na-fvee-1.jpg 2500w, https:\/\/verde-amarelo.net\/verdeamarelo\/wp-content\/uploads\/2023\/04\/laurent-guerinaud-da-show-com-dobradinha-em-interlagos-e-se-aproxima-de-recordes-na-fvee-2.jpg 300w, https:\/\/verde-amarelo.net\/verdeamarelo\/wp-content\/uploads\/2023\/04\/laurent-guerinaud-da-show-com-dobradinha-em-interlagos-e-se-aproxima-de-recordes-na-fvee-3.jpg 768w, https:\/\/verde-amarelo.net\/verdeamarelo\/wp-content\/uploads\/2023\/04\/laurent-guerinaud-da-show-com-dobradinha-em-interlagos-e-se-aproxima-de-recordes-na-fvee-4.jpg 1024w, https:\/\/verde-amarelo.net\/verdeamarelo\/wp-content\/uploads\/2023\/04\/laurent-guerinaud-da-show-com-dobradinha-em-interlagos-e-se-aproxima-de-recordes-na-fvee-5.jpg 1240w, https:\/\/verde-amarelo.net\/verdeamarelo\/wp-content\/uploads\/2023\/04\/laurent-guerinaud-da-show-com-dobradinha-em-interlagos-e-se-aproxima-de-recordes-na-fvee-6.jpg 1860w\" data-lazy-sizes=\"(max-width: 315px) 100vw, 315px\" srcset=\"data:image\/gif;base64,R0lGODlhAQABAIAAAAAAAP\/\/\/yH5BAEAAAAALAAAAAABAAEAAAIBRAA7\"><\/a><\/b><\/p>\n<p><noscript><img src=\"data:image\/gif;base64,R0lGODlhAQABAIAAAAAAAP\/\/\/ywAAAAAAQABAAACAUwAOw==\" fifu-lazy=\"1\" fifu-data-sizes=\"auto\" fifu-data-srcset=\"https:\/\/i1.wp.com\/verde-amarelo.net\/verdeamarelo\/wp-content\/uploads\/2023\/04\/laurent-guerinaud-da-show-com-dobradinha-em-interlagos-e-se-aproxima-de-recordes-na-fvee.webp?ssl=1&w=75&resize=75&ssl=1 75w, https:\/\/i1.wp.com\/verde-amarelo.net\/verdeamarelo\/wp-content\/uploads\/2023\/04\/laurent-guerinaud-da-show-com-dobradinha-em-interlagos-e-se-aproxima-de-recordes-na-fvee.webp?ssl=1&w=100&resize=100&ssl=1 100w, https:\/\/i1.wp.com\/verde-amarelo.net\/verdeamarelo\/wp-content\/uploads\/2023\/04\/laurent-guerinaud-da-show-com-dobradinha-em-interlagos-e-se-aproxima-de-recordes-na-fvee.webp?ssl=1&w=150&resize=150&ssl=1 150w, https:\/\/i1.wp.com\/verde-amarelo.net\/verdeamarelo\/wp-content\/uploads\/2023\/04\/laurent-guerinaud-da-show-com-dobradinha-em-interlagos-e-se-aproxima-de-recordes-na-fvee.webp?ssl=1&w=240&resize=240&ssl=1 240w, https:\/\/i1.wp.com\/verde-amarelo.net\/verdeamarelo\/wp-content\/uploads\/2023\/04\/laurent-guerinaud-da-show-com-dobradinha-em-interlagos-e-se-aproxima-de-recordes-na-fvee.webp?ssl=1&w=320&resize=320&ssl=1 320w, https:\/\/i1.wp.com\/verde-amarelo.net\/verdeamarelo\/wp-content\/uploads\/2023\/04\/laurent-guerinaud-da-show-com-dobradinha-em-interlagos-e-se-aproxima-de-recordes-na-fvee.webp?ssl=1&w=500&resize=500&ssl=1 500w, https:\/\/i1.wp.com\/verde-amarelo.net\/verdeamarelo\/wp-content\/uploads\/2023\/04\/laurent-guerinaud-da-show-com-dobradinha-em-interlagos-e-se-aproxima-de-recordes-na-fvee.webp?ssl=1&w=640&resize=640&ssl=1 640w, https:\/\/i1.wp.com\/verde-amarelo.net\/verdeamarelo\/wp-content\/uploads\/2023\/04\/laurent-guerinaud-da-show-com-dobradinha-em-interlagos-e-se-aproxima-de-recordes-na-fvee.webp?ssl=1&w=800&resize=800&ssl=1 800w, https:\/\/i1.wp.com\/verde-amarelo.net\/verdeamarelo\/wp-content\/uploads\/2023\/04\/laurent-guerinaud-da-show-com-dobradinha-em-interlagos-e-se-aproxima-de-recordes-na-fvee.webp?ssl=1&w=1024&resize=1024&ssl=1 1024w, https:\/\/i1.wp.com\/verde-amarelo.net\/verdeamarelo\/wp-content\/uploads\/2023\/04\/laurent-guerinaud-da-show-com-dobradinha-em-interlagos-e-se-aproxima-de-recordes-na-fvee.webp?ssl=1&w=1280&resize=1280&ssl=1 1280w, https:\/\/i1.wp.com\/verde-amarelo.net\/verdeamarelo\/wp-content\/uploads\/2023\/04\/laurent-guerinaud-da-show-com-dobradinha-em-interlagos-e-se-aproxima-de-recordes-na-fvee.webp?ssl=1&w=1600&resize=1600&ssl=1 1600w\" decoding=\"async\" loading=\"lazy\" data-attachment-id=\"40121\" data-permalink=\"https:\/\/www.highspeedbrazil.com.br\/tricampeao-domina-etapa-em-interlagos-e-a-formula-vee-tem-novos-lideres\/laurent-guerinaud-e2\/\" data-orig-file=\"https:\/\/i2.wp.com\/www.highspeedbrazil.com.br\/wp-content\/uploads\/2023\/04\/Laurent-Guerinaud-E2.jpg?fit=2500%2C1534&ssl=1\" data-orig-size=\"2500,1534\" data-comments-opened=\"1\" data-image-meta=\"{\"aperture\":\"5.6\",\"credit\":\"\",\"camera\":\"Canon EOS Rebel T6\",\"caption\":\"\",\"created_timestamp\":\"1681568527\",\"copyright\":\"\",\"focal_length\":\"250\",\"iso\":\"500\",\"shutter_speed\":\"0.0005\",\"title\":\"\",\"orientation\":\"1\"}\" data-image-title=\"Laurent Guerinaud-E2\" data-image-description data-medium-file=\"https:\/\/i2.wp.com\/www.highspeedbrazil.com.br\/wp-content\/uploads\/2023\/04\/Laurent-Guerinaud-E2.jpg?fit=300%2C184&ssl=1\" data-large-file=\"https:\/\/i2.wp.com\/www.highspeedbrazil.com.br\/wp-content\/uploads\/2023\/04\/Laurent-Guerinaud-E2.jpg?fit=620%2C380&ssl=1\" class=\" wp-image-40121 alignleft\" fifu-data-src=\"https:\/\/i1.wp.com\/verde-amarelo.net\/verdeamarelo\/wp-content\/uploads\/2023\/04\/laurent-guerinaud-da-show-com-dobradinha-em-interlagos-e-se-aproxima-de-recordes-na-fvee.webp?ssl=1\" alt width=\"315\" height=\"193\" srcset=\"https:\/\/verde-amarelo.net\/verdeamarelo\/wp-content\/uploads\/2023\/04\/laurent-guerinaud-da-show-com-dobradinha-em-interlagos-e-se-aproxima-de-recordes-na-fvee-1.jpg 2500w, https:\/\/verde-amarelo.net\/verdeamarelo\/wp-content\/uploads\/2023\/04\/laurent-guerinaud-da-show-com-dobradinha-em-interlagos-e-se-aproxima-de-recordes-na-fvee-2.jpg 300w, https:\/\/verde-amarelo.net\/verdeamarelo\/wp-content\/uploads\/2023\/04\/laurent-guerinaud-da-show-com-dobradinha-em-interlagos-e-se-aproxima-de-recordes-na-fvee-3.jpg 768w, https:\/\/verde-amarelo.net\/verdeamarelo\/wp-content\/uploads\/2023\/04\/laurent-guerinaud-da-show-com-dobradinha-em-interlagos-e-se-aproxima-de-recordes-na-fvee-4.jpg 1024w, https:\/\/verde-amarelo.net\/verdeamarelo\/wp-content\/uploads\/2023\/04\/laurent-guerinaud-da-show-com-dobradinha-em-interlagos-e-se-aproxima-de-recordes-na-fvee-5.jpg 1240w, https:\/\/verde-amarelo.net\/verdeamarelo\/wp-content\/uploads\/2023\/04\/laurent-guerinaud-da-show-com-dobradinha-em-interlagos-e-se-aproxima-de-recordes-na-fvee-6.jpg 1860w\" sizes=\"auto, (max-width: 315px) 100vw, 315px\" data-recalc-dims=\"1\"><\/noscript>O franc\u00eas Laurent Guerinaud escreveu neste fim de semana em Interlagos mais um cap\u00edtulo da hist\u00f3ria da F\u00f3rmula Vee. Ele dominou a segunda etapa do Campeonato Paulista, faturando as duas provas, fez a melhor volta da temporada, e se tornou um dos maiores vencedores da categoria.<\/p>&nbsp;&nbsp;\n<p class=\"yiv5447802439MsoNormal\">Esta foi uma etapa de recupera\u00e7\u00e3o para o piloto Rokim\/Motul. Na abertura do campeonato, em fevereiro, ele perdeu a vit\u00f3ria devido a uma puni\u00e7\u00e3o muito controversa por um acidente na primeira prova e ainda sofreu quebra de embreagem quando disputava a lideran\u00e7a da segunda.<\/p>&nbsp;&nbsp;\n<p class=\"yiv5447802439MsoNormal\">Mas desta vez, ele mostrou todo o talento que o levou \u00e0 conquista de tr\u00eas t\u00edtulos consecutivos na FVee (2020-2022).<\/p>&nbsp;&nbsp;\n<p class=\"yiv5447802439MsoNormal\">No s\u00e1bado, o piloto franc\u00eas travou um grande duelo com Levi Sim\u00f5es, decidido na bandeirada. Laurent Guerinaud cruzou a linha de chegada com apenas 0s075 de vantagem, ap\u00f3s fazer a ultrapassagem na entrada da reta principal de Interlagos.<\/p>&nbsp;&nbsp;\n<p class=\"yiv5447802439MsoNormal\">No domingo, o tricampe\u00e3o passeou na pista. Ele assumiu a ponta logo na largada, favorecido por uma quebra de rolamento do pole-position Levi Sim\u00f5es. Guerinaud ganhou com ampla vantagem, quase 14 segundos \u00e0 frente de Pedro Henrique, o segundo colocado.<\/p>&nbsp;&nbsp;\n<p class=\"yiv5447802439MsoNormal\">\u201cApesar de ser apenas a segunda etapa, eu estava muito pressionado em raz\u00e3o dos maus resultados no come\u00e7o do campeonato\u201d, disse o piloto franc\u00eas, radicado no Brasil. \u201cMas felizmente eu consegui encontrar um bom acerto do carro e tudo funcionou perfeitamente. Foi um \u00f3timo fim de semana, e agora \u00e9 partir em busca da lideran\u00e7a. Agrade\u00e7o a meus patrocinadores, Rokim, Motul, Nobile e GiPA, a todos que me apoiam, a minha fam\u00edlia, minha esposa Solange e a toda a equipe da F\u00f3rmula Vee, que me entregou um carro perfeito!\u201d<\/p>\n<p class=\"yiv5447802439MsoNormal\">Os resultados fizeram Laurent Guerinaud pular da 16\u00aa para a 4\u00aa posi\u00e7\u00e3o na classifica\u00e7\u00e3o geral. Ele tem agora 47 pontos. A lideran\u00e7a \u00e9 de Lucas Veloso, com 59, ainda sem considerar o descarte dos dois piores resultados previsto no regulamento.<\/p>&nbsp;&nbsp;\n<p class=\"yiv5447802439MsoNormal\">Guerinaud ficou igualmente com as vit\u00f3rias na M\u00e1ster, para pilotos acima de 40 anos, onde tamb\u00e9m defende o t\u00edtulo. Ele ocupa agora a quarta posi\u00e7\u00e3o, com 54 pontos. A lideran\u00e7a \u00e9 da dupla Ara Mendon\u00e7a e Marcos Fortuna, com 70.<\/p>&nbsp;&nbsp;\n<p class=\"yiv5447802439MsoNormal\">Para completar a \u00f3tima campanha, Guerinaud se tornou o segundo piloto com mais vit\u00f3rias na hist\u00f3ria do Paulista, desde a retomada da categoria, em 2011. Ele tem agora 19 triunfos em apenas 3 anos. Os recordistas s\u00e3o Jo\u00e3o Pedro Maia e Heitor Nogueira, com 25.<\/p>&nbsp;&nbsp;\n<p class=\"yiv5447802439MsoNormal\">O franc\u00eas tamb\u00e9m igualou o maior n\u00famero de vit\u00f3rias na M\u00e1ster pela competi\u00e7\u00e3o estadual com o paraense Augusto Santin, ambos com 26. No total, Guerinaud tem agora 31 vit\u00f3rias na M\u00e1ster contra 33 de Santin.<\/p>&nbsp;&nbsp;\n<p class=\"yiv5447802439MsoNormal\">A pr\u00f3xima etapa do Campeonato Paulista ser\u00e1 dias 19 a 21 de maio, novamente em Interlagos. Antes, a F\u00f3rmula Vee ter\u00e1 a segunda etapa da Copa ECPA, dia 6 de maio, em Piracicaba. E no dia 7 acontece o FVee Festival, com oportunidades de drive day, treinos livres e aulas de pilotagem.<\/p>&nbsp;&nbsp;\n<p class=\"yiv5447802439MsoNormal\">Acesse o site&nbsp;<a href=\"http:\/\/www.fvee.com.br\/\" target=\"_blank\" rel=\"nofollow noopener noreferrer\" shape=\"rect\">www.fvee.com.br<\/a>&nbsp;para saber como participar das competi\u00e7\u00f5es da F\u00f3rmula Vee e do FVee Festival. Siga tamb\u00e9m no Instagram, Facebook e TikTok em @formulaveebrasil, ou escreva para&nbsp;<a href=\"mailto:contato@formulavee.com.br\" target=\"_blank\" rel=\"nofollow noopener noreferrer\" shape=\"rect\">contato@formulavee.com.br<\/a><\/p>\n<p class=\"yiv5447802439MsoNormal\">Para acompanhar Laurent Guerinaud no Instagram: @laurentguerinaud<\/p>\n<p class=\"yiv5447802439MsoNormal\"><b>&nbsp;<\/b><\/p>\n<p class=\"yiv5447802439MsoNormal\"><b>Resultado da 1\u00aa prova pela 2\u00aa etapa do Campeonato Paulista de FVee, s\u00e1bado (15\/4), em Interlagos:<\/b><\/p>\n<ol start=\"1\" type=\"1\">\n<li class=\"yiv5447802439MsoListParagraphCxSpFirst\">Laurent Guerinaud, 24min29s523<\/li>\n<li class=\"yiv5447802439MsoListParagraphCxSpMiddle\">Levi Sim\u00f5es, 24min29s598<\/li>\n<li class=\"yiv5447802439MsoListParagraphCxSpMiddle\">Lucas Veloso, 24min51s921<\/li>\n<li class=\"yiv5447802439MsoListParagraphCxSpMiddle\">Pedro Henrique, 24min54s375<\/li>\n<li class=\"yiv5447802439MsoListParagraphCxSpMiddle\">Caio Castro, 25min08s119<\/li>\n<li class=\"yiv5447802439MsoListParagraphCxSpMiddle\">Ara Mendon\u00e7a, 25min20s504<\/li>\n<li class=\"yiv5447802439MsoListParagraphCxSpMiddle\">Kauan Morais, 25min21s320<\/li>\n<li class=\"yiv5447802439MsoListParagraphCxSpMiddle\">Helder Miloch, 25min21s404<\/li>\n<li class=\"yiv5447802439MsoListParagraphCxSpMiddle\">Matheus Coutinho, 25min38s923<\/li>\n<li class=\"yiv5447802439MsoListParagraphCxSpMiddle\">Sandro Andrade, a 1 volta<\/li>\n<li class=\"yiv5447802439MsoListParagraphCxSpMiddle\">Vyctor Sgarbi, a 1 volta<\/li>\n<li class=\"yiv5447802439MsoListParagraphCxSpMiddle\">Diogo Morais, a 3 voltas<\/li>\n<li class=\"yiv5447802439MsoListParagraphCxSpMiddle\">Ot\u00e1vio Artoni, a 8 voltas<\/li>\n<li class=\"yiv5447802439MsoListParagraphCxSpMiddle\">Daniel Rienda, a 12 voltas<\/li>\n<li class=\"yiv5447802439MsoListParagraphCxSpLast\">Gabriel Mar\u00e7on, a 12 voltas<\/li>\n<\/ol>\n<p class=\"yiv5447802439MsoNormal\"><b>Resultado da 2\u00aa prova pela 2\u00aa etapa do Campeonato Paulista de FVee, domingo (16\/4), em Interlagos:<\/b><\/p>\n<ol start=\"1\" type=\"1\">\n<li class=\"yiv5447802439MsoListParagraphCxSpFirst\">Laurent Guerinaud, 24min50s895<\/li>\n<li class=\"yiv5447802439MsoListParagraphCxSpMiddle\">Pedro Henrique, 25min04s604<\/li>\n<li class=\"yiv5447802439MsoListParagraphCxSpMiddle\">Lucas Veloso, 24min04s686<\/li>\n<li class=\"yiv5447802439MsoListParagraphCxSpMiddle\">Vin\u00edcius Brito, 25min15s295<\/li>\n<li class=\"yiv5447802439MsoListParagraphCxSpMiddle\">Caio Castro, 25min15s813<\/li>\n<li class=\"yiv5447802439MsoListParagraphCxSpMiddle\">Marcos Fortuna, 25min24s265<\/li>\n<li class=\"yiv5447802439MsoListParagraphCxSpMiddle\">Helder Miloch, 25min51s808<\/li>\n<li class=\"yiv5447802439MsoListParagraphCxSpMiddle\">Ot\u00e1vio Artoni, 25min53s857<\/li>\n<li class=\"yiv5447802439MsoListParagraphCxSpMiddle\">Sandro Andrade, a 1 volta<\/li>\n<li class=\"yiv5447802439MsoListParagraphCxSpMiddle\">Vini Francisco, a 1 volta<\/li>\n<li class=\"yiv5447802439MsoListParagraphCxSpMiddle\">Matheus Coutinho, a 1 volta<\/li>\n<li class=\"yiv5447802439MsoListParagraphCxSpMiddle\">Guilherme Ribeiro, a 1 volta<\/li>\n<li class=\"yiv5447802439MsoListParagraphCxSpMiddle\">Levi Sim\u00f5es, a 4 voltas<\/li>\n<li class=\"yiv5447802439MsoListParagraphCxSpMiddle\">Renan Casseta, a 7 voltas<\/li>\n<li class=\"yiv5447802439MsoListParagraphCxSpLast\">Daniel Rienda, a 12 voltas<\/li>\n<\/ol>\n<p class=\"yiv5447802439MsoNormal\"><b>Classifica\u00e7\u00e3o geral do Campeonato Paulista ap\u00f3s a 2\u00aa de 8 etapas:<\/b><\/p>\n<ol start=\"1\" type=\"1\">\n<li class=\"yiv5447802439MsoListParagraphCxSpFirst\">Lucas Veloso \u2013 59 pontos<\/li>\n<li class=\"yiv5447802439MsoListParagraphCxSpMiddle\">Pedro Henrique \u2013 53<\/li>\n<li class=\"yiv5447802439MsoListParagraphCxSpMiddle\">Levi Sim\u00f5es \u2013 50<\/li>\n<li class=\"yiv5447802439MsoListParagraphCxSpMiddle\">Laurent Guerinaud \u2013 47<\/li>\n<li class=\"yiv5447802439MsoListParagraphCxSpMiddle\">Ara Mendon\u00e7a \u2013 44<\/li>\n<li class=\"yiv5447802439MsoListParagraphCxSpMiddle\">Marcos Fotuna \u2013 44<\/li>\n<li class=\"yiv5447802439MsoListParagraphCxSpMiddle\">Kauan Morais \u2013 43<\/li>\n<li class=\"yiv5447802439MsoListParagraphCxSpMiddle\">Caio Castro \u2013 42<\/li>\n<li class=\"yiv5447802439MsoListParagraphCxSpMiddle\">Gabriel Mar\u00e7on \u2013 39<\/li>\n<li class=\"yiv5447802439MsoListParagraphCxSpMiddle\">Vin\u00edcius Brito \u2013 39<\/li>\n<li class=\"yiv5447802439MsoListParagraphCxSpMiddle\">Renan Casseta \u2013 27<\/li>\n<li class=\"yiv5447802439MsoListParagraphCxSpMiddle\">Sandro Andrade \u2013 26<\/li>\n<li class=\"yiv5447802439MsoListParagraphCxSpMiddle\">Guilherme Ribeiro \u2013 24<\/li>\n<li class=\"yiv5447802439MsoListParagraphCxSpMiddle\">Vyctor Sgarbi \u2013 24<\/li>\n<li class=\"yiv5447802439MsoListParagraphCxSpMiddle\">Daniel Rienda \u2013 20<\/li>\n<li class=\"yiv5447802439MsoListParagraphCxSpMiddle\">Helder Miloch \u2013 17<\/li>\n<li class=\"yiv5447802439MsoListParagraphCxSpMiddle\">Otavio Artoni \u2013 14<\/li>\n<li class=\"yiv5447802439MsoListParagraphCxSpMiddle\">Matheus Coutinho \u2013 12<\/li>\n<li class=\"yiv5447802439MsoListParagraphCxSpMiddle\">Fabio David \u2013 12<\/li>\n<li class=\"yiv5447802439MsoListParagraphCxSpMiddle\">Diogo Morais \u2013 10<\/li>\n<li class=\"yiv5447802439MsoListParagraphCxSpMiddle\">Vini Francisco \u2013 10<\/li>\n<li class=\"yiv5447802439MsoListParagraphCxSpLast\">Vinas de Andrade \u2013 0<\/li>\n<\/ol>\n<p class=\"yiv5447802439MsoNormal\"><b>Classifica\u00e7\u00e3o do Paulista M\u00e1ster (acima de 40 anos):<\/b><\/p>\n<ol start=\"1\" type=\"1\">\n<li class=\"yiv5447802439MsoListParagraphCxSpFirst\">Ara Mendon\u00e7a \u2013 70 pontos<\/li>\n<li class=\"yiv5447802439MsoListParagraphCxSpMiddle\">Marcos Fortuna \u2013 70<\/li>\n<li class=\"yiv5447802439MsoListParagraphCxSpMiddle\">Levi Sim\u00f5es \u2013 56<\/li>\n<li class=\"yiv5447802439MsoListParagraphCxSpMiddle\">Laurent Guerinaud \u2013 54<\/li>\n<li class=\"yiv5447802439MsoListParagraphCxSpMiddle\">Sandro Andrade \u2013 50<\/li>\n<li class=\"yiv5447802439MsoListParagraphCxSpMiddle\">Daniel Rienda \u2013 34<\/li>\n<li class=\"yiv5447802439MsoListParagraphCxSpMiddle\">Helder Miloch \u2013 30<\/li>\n<li class=\"yiv5447802439MsoListParagraphCxSpMiddle\">Fabio David \u2013 24<\/li>\n<li class=\"yiv5447802439MsoListParagraphCxSpMiddle\">Diogo Morais \u2013 22<\/li>\n<li class=\"yiv5447802439MsoListParagraphCxSpMiddle\">Vini Francisco \u2013 22<\/li>\n<li class=\"yiv5447802439MsoListParagraphCxSpLast\">Vinas de Andrade \u2013 0<\/li>\n<\/ol>\n<p class=\"yiv5447802439MsoNormal\"><b>Sobre os patrocinadores de Laurent Guerinaud:<\/b><\/p>\n<p class=\"yiv5447802439Cuerpo\"><b>&nbsp;<\/b><\/p>\n<p class=\"yiv5447802439Cuerpo\"><b>Rokim Automotive<\/b>&nbsp;(<a href=\"http:\/\/www.rokim.com.br\/\" target=\"_blank\" rel=\"nofollow noopener noreferrer\" shape=\"rect\">www.rokim.com.br<\/a>)<\/p>\n<p class=\"yiv5447802439Cuerpo\"><i>A Rokim Automotive, fundada em 2012 em S\u00e3o Paulo, importa e comercializa equipamentos automotivos de oficina como, por exemplo, elevadores automotivos. Os produtos da Rokim Automotive se destacam pela tecnologia avan\u00e7ada, por\u00e9m acess\u00edvel, que providencia aos usu\u00e1rios a maior seguran\u00e7a e produtividade e o menor custo operacional. Com a homologa\u00e7\u00e3o de seus produtos por v\u00e1rias montadoras e um p\u00f3s-venda exemplar, a Rokim Automotive se destaca como l\u00edder no mercado das concession\u00e1rias e oficinas de alto padr\u00e3o em todo Brasil. \u201cVimos no Laurent um grande piloto, apaixonado pelo automobilismo, espelhando os valores da Rokim Automotive, como sempre buscando o melhor de si mesmo\u201d, disse o diretor Lionel Rossignol. \u201cAgora, com essa parceria, n\u00f3s vamos escrever juntos um novo cap\u00edtulo da hist\u00f3ria do automobilismo brasileiro!\u201d<\/i><\/p>\n<p class=\"yiv5447802439Cuerpo\"><b>Motul&nbsp;<\/b>(<a href=\"http:\/\/www.motul.com\/\" target=\"_blank\" rel=\"nofollow noopener noreferrer\" shape=\"rect\">www.motul.com<\/a>)<\/p>\n<p class=\"yiv5447802439Cuerpo\"><i>H\u00e1 mais de 165 anos no mercado mundial, a Motul \u00e9 uma multinacional francesa especializada na formula\u00e7\u00e3o, produ\u00e7\u00e3o e distribui\u00e7\u00e3o de lubrificantes e fluidos de alta tecnologia para diferentes segmentos, como carros, motos, ve\u00edculos pesados (heavy duty), ve\u00edculos cl\u00e1ssicos, agr\u00edcolas, n\u00e1uticos e karts. A empresa tamb\u00e9m conta com a divis\u00e3o MotulTech para a oferta de lubrificantes industriais.<\/i><\/p>\n<p class=\"yiv5447802439Cuerpo\"><i>Presente no Brasil desde 1992, a Motul tem as pistas como o seu principal laborat\u00f3rio para desenvolver o produto certo para cada aplica\u00e7\u00e3o, com apoio a grandes equipes em competi\u00e7\u00f5es nacionais e internacionais, como Dakar, 24 Horas de Le Mans, FIA World Endurance Championship, Super GT, Drift, MotoGP, World Superbike, MXGP, IOM TT, IMSA, Rallycross, F1 Boat e Rally dos Sert\u00f5es.<\/i><\/p>\n<p class=\"yiv5447802439Cuerpo\"><i>\u201cA nossa estrat\u00e9gia de investimento no esporte de velocidade permeia diferentes categorias. Temos muito orgulho de apoiar um franc\u00eas \u2018abrasileirado\u2019, como a pr\u00f3pria Motul\u201d, comentou Mariano Perez, CEO da Motul Brasil.<\/i><\/p>\n<p class=\"yiv5447802439Cuerpo\"><i>&nbsp;<\/i><\/p>\n<p class=\"yiv5447802439Cuerpo\"><b>Nobile Assessoria Cont\u00e1bil<\/b>&nbsp;(<a href=\"http:\/\/www.nobilecontabilidade.com.br\/\" target=\"_blank\" rel=\"nofollow noopener noreferrer\" shape=\"rect\">www.nobilecontabilidade.com.br<\/a>)<\/p>\n<p class=\"yiv5447802439Cuerpo\"><i>A Nobile \u00e9 uma empresa de assessoria e consultoria cont\u00e1bil, cujo prop\u00f3sito \u00e9 ajudar o empreendedor a ter mais tempo para focar naquilo que realmente importa: o seu neg\u00f3cio.<\/i><\/p>\n<p class=\"yiv5447802439Cuerpo\"><b>GiPA&nbsp;<\/b>(<a href=\"http:\/\/www.gipa.eu\/\" target=\"_blank\" rel=\"nofollow noopener noreferrer\" shape=\"rect\">www.gipa.eu<\/a>)<b><\/b><\/p>\n<p class=\"yiv5447802439Cuerpo\"><i>Laurent Guerinaud \u00e9 diretor de GiPA do Brasil, instituto de refer\u00eancia em intelig\u00eancia e pesquisas no aftermarket automotivo. A GiPA est\u00e1 presente em 40 pa\u00edses e possui 35 anos de experi\u00eancia, tem escrit\u00f3rio desde o ano 2000 no Brasil, onde se tornou refer\u00eancia em intelig\u00eancia de mercado no aftermarket automotivo. A maioria das montadoras s\u00e3o clientes da GiPA de Brasil, al\u00e9m de fabricantes de pe\u00e7as de reposi\u00e7\u00e3o, pneus, lubrificantes, tintas, seguradoras, bancos, etc.<\/i><\/p>\n<p class=\"yiv5447802439MsoNormal\"><b>Fotos:&nbsp;<\/b><b>Fernando Santos\/Divulga\u00e7\u00e3o FVee&nbsp;<\/b><\/p>\n<p>Por: Fernando Santos<\/p>\n<div class=\"sharedaddy sd-sharing-enabled\">\n<div class=\"robots-nocontent sd-block sd-social sd-social-icon sd-sharing\">\n<h3 class=\"sd-title\">Compartilhe isso:<\/h3>\n<\/div>\n<\/div>\n<p> Cr\u00e9ditos: High Speed Brazil<\/p>\n","protected":false},"excerpt":{"rendered":"<p>Tricampe\u00e3o fatura as duas provas pela 2\u00aa etapa do Campeonato de F\u00f3rmula Vee Brazil e&#8230;<\/p>\n","protected":false},"author":1,"featured_media":62841,"comment_status":"closed","ping_status":"closed","sticky":false,"template":"","format":"standard","meta":{"fifu_image_url":"","fifu_image_alt":"","footnotes":""},"categories":[8428,7488,7492,727,8425],"tags":[11761,687,2585,3301,179,2490,6932,1888,686,6029,6347,943,735,4437,709,1670,160,1817,1666,297,161,1845,8530,585,163,8643,1487,2475,7591,8545,3517,5524,7088,5744,1739,3755,1026,3897,7564,8693,2008,8312,8217,1984,2426,1134,3657,774,775,4905,3282,76,3465,6043,2979,3468,3018,2677,7674,77,6068,3239,280,2655,3416,6546,1488,4268,32,2225,8674,5616,1995,2915,1266,3199,888,1445,20,1558,2505,1012,4960,4024,779,6373,1870,8527,1796,2456,2100,6649,2696,874,8056,6367,1191,2120,12836,7638,3519,42,2101,1499,2369,4237,3294,6948,1589,3036,8426],"class_list":["post-62840","post","type-post","status-publish","format-standard","has-post-thumbnail","hentry","category-automobilismo","category-destaques","category-esportes","category-noticias","category-verde-amarelo","tag-11761","tag-687","tag-2585","tag-24-horas","tag-acontece","tag-alta","tag-ampla","tag-apoio","tag-assessoria","tag-automobilismo","tag-automobilismo-brasileiro","tag-bancos","tag-brasil","tag-brasileiro","tag-caio-castro","tag-campanha","tag-campeonato","tag-carro","tag-carros","tag-categoria","tag-categorias","tag-ceo","tag-classificacao","tag-clientes","tag-competicao","tag-concessionarias","tag-consultoria","tag-conta","tag-copa","tag-creditos","tag-custo","tag-daniel","tag-david","tag-descarte","tag-dia","tag-diretor","tag-distribuicao","tag-e","tag-embreagem","tag-empreendedor","tag-empresa","tag-endurance","tag-equipamentos","tag-equipe","tag-escritorio","tag-esporte","tag-esportes","tag-estrategia","tag-experiencia","tag-f1","tag-fabricantes","tag-facebook","tag-festival","tag-fevereiro","tag-fortuna","tag-fotos","tag-geral","tag-historia","tag-imsa","tag-instagram","tag-interlagos","tag-internacionais","tag-investimento","tag-lider","tag-laboratorio","tag-laurent-guerinaud","tag-lideranca","tag-logo","tag-mercado","tag-montadoras","tag-motos","tag-motul","tag-multinacional","tag-negocio","tag-oferta","tag-padrao","tag-parceria","tag-pecas","tag-pesquisas","tag-pontos","tag-presente","tag-producao","tag-produtividade","tag-produto","tag-produtos","tag-rally","tag-recuperacao","tag-regulamento","tag-resultado","tag-resultados","tag-retomada","tag-rokim-automotive","tag-sao-joao","tag-sao-paulo","tag-santos","tag-segunda-etapa","tag-seguranca","tag-site","tag-superbike","tag-titulo","tag-talento","tag-tecnologia","tag-temporada","tag-tiktok","tag-tintas","tag-usuarios","tag-valores","tag-vamos","tag-veiculos","tag-velocidade","tag-verde-amarelo","wpcat-8428-id","wpcat-7488-id","wpcat-7492-id","wpcat-727-id","wpcat-8425-id"],"_links":{"self":[{"href":"https:\/\/verde-amarelo.net\/verdeamarelo\/wp-json\/wp\/v2\/posts\/62840","targetHints":{"allow":["GET"]}}],"collection":[{"href":"https:\/\/verde-amarelo.net\/verdeamarelo\/wp-json\/wp\/v2\/posts"}],"about":[{"href":"https:\/\/verde-amarelo.net\/verdeamarelo\/wp-json\/wp\/v2\/types\/post"}],"author":[{"embeddable":true,"href":"https:\/\/verde-amarelo.net\/verdeamarelo\/wp-json\/wp\/v2\/users\/1"}],"replies":[{"embeddable":true,"href":"https:\/\/verde-amarelo.net\/verdeamarelo\/wp-json\/wp\/v2\/comments?post=62840"}],"version-history":[{"count":0,"href":"https:\/\/verde-amarelo.net\/verdeamarelo\/wp-json\/wp\/v2\/posts\/62840\/revisions"}],"wp:featuredmedia":[{"embeddable":true,"href":"https:\/\/verde-amarelo.net\/verdeamarelo\/wp-json\/wp\/v2\/media\/62841"}],"wp:attachment":[{"href":"https:\/\/verde-amarelo.net\/verdeamarelo\/wp-json\/wp\/v2\/media?parent=62840"}],"wp:term":[{"taxonomy":"category","embeddable":true,"href":"https:\/\/verde-amarelo.net\/verdeamarelo\/wp-json\/wp\/v2\/categories?post=62840"},{"taxonomy":"post_tag","embeddable":true,"href":"https:\/\/verde-amarelo.net\/verdeamarelo\/wp-json\/wp\/v2\/tags?post=62840"}],"curies":[{"name":"wp","href":"https:\/\/api.w.org\/{rel}","templated":true}]}}