{"id":62846,"date":"2023-04-18T08:39:53","date_gmt":"2023-04-18T11:39:53","guid":{"rendered":"https:\/\/www.highspeedbrazil.com.br\/?p=40129"},"modified":"2024-01-12T19:06:08","modified_gmt":"2024-01-12T22:06:08","slug":"com-duas-vitorias-peppe-tem-final-de-semana-espetacular-na-copa-joy-chevrolet","status":"publish","type":"post","link":"https:\/\/verde-amarelo.net\/verdeamarelo\/2023\/04\/com-duas-vitorias-peppe-tem-final-de-semana-espetacular-na-copa-joy-chevrolet\/","title":{"rendered":"Com duas vit\u00f3rias, Peppe tem final de semana espetacular na Copa Joy Chevrolet"},"content":{"rendered":"<p><em>Categoria realizou a segunda etapa da temporada de 2023 na capital paulista.<\/em><\/p>\n<div readability=\"11\"><a href=\"https:\/\/i2.wp.com\/www.highspeedbrazil.com.br\/wp-content\/uploads\/2023\/04\/421109_1054894_ale_peppe__44_foto_paulo_abreu.jpg?ssl=1\"><img src=\"data:image\/gif;base64,R0lGODlhAQABAIAAAAAAAP\/\/\/ywAAAAAAQABAAACAUwAOw==\" fifu-lazy=\"1\" fifu-data-sizes=\"auto\" fifu-data-srcset=\"https:\/\/i2.wp.com\/verde-amarelo.net\/verdeamarelo\/wp-content\/uploads\/2023\/04\/com-duas-vitorias-peppe-tem-final-de-semana-espetacular-na-copa-joy-chevrolet.webp?ssl=1&w=75&resize=75&ssl=1 75w, https:\/\/i2.wp.com\/verde-amarelo.net\/verdeamarelo\/wp-content\/uploads\/2023\/04\/com-duas-vitorias-peppe-tem-final-de-semana-espetacular-na-copa-joy-chevrolet.webp?ssl=1&w=100&resize=100&ssl=1 100w, https:\/\/i2.wp.com\/verde-amarelo.net\/verdeamarelo\/wp-content\/uploads\/2023\/04\/com-duas-vitorias-peppe-tem-final-de-semana-espetacular-na-copa-joy-chevrolet.webp?ssl=1&w=150&resize=150&ssl=1 150w, https:\/\/i2.wp.com\/verde-amarelo.net\/verdeamarelo\/wp-content\/uploads\/2023\/04\/com-duas-vitorias-peppe-tem-final-de-semana-espetacular-na-copa-joy-chevrolet.webp?ssl=1&w=240&resize=240&ssl=1 240w, https:\/\/i2.wp.com\/verde-amarelo.net\/verdeamarelo\/wp-content\/uploads\/2023\/04\/com-duas-vitorias-peppe-tem-final-de-semana-espetacular-na-copa-joy-chevrolet.webp?ssl=1&w=320&resize=320&ssl=1 320w, https:\/\/i2.wp.com\/verde-amarelo.net\/verdeamarelo\/wp-content\/uploads\/2023\/04\/com-duas-vitorias-peppe-tem-final-de-semana-espetacular-na-copa-joy-chevrolet.webp?ssl=1&w=500&resize=500&ssl=1 500w, https:\/\/i2.wp.com\/verde-amarelo.net\/verdeamarelo\/wp-content\/uploads\/2023\/04\/com-duas-vitorias-peppe-tem-final-de-semana-espetacular-na-copa-joy-chevrolet.webp?ssl=1&w=640&resize=640&ssl=1 640w, https:\/\/i2.wp.com\/verde-amarelo.net\/verdeamarelo\/wp-content\/uploads\/2023\/04\/com-duas-vitorias-peppe-tem-final-de-semana-espetacular-na-copa-joy-chevrolet.webp?ssl=1&w=800&resize=800&ssl=1 800w, https:\/\/i2.wp.com\/verde-amarelo.net\/verdeamarelo\/wp-content\/uploads\/2023\/04\/com-duas-vitorias-peppe-tem-final-de-semana-espetacular-na-copa-joy-chevrolet.webp?ssl=1&w=1024&resize=1024&ssl=1 1024w, https:\/\/i2.wp.com\/verde-amarelo.net\/verdeamarelo\/wp-content\/uploads\/2023\/04\/com-duas-vitorias-peppe-tem-final-de-semana-espetacular-na-copa-joy-chevrolet.webp?ssl=1&w=1280&resize=1280&ssl=1 1280w, https:\/\/i2.wp.com\/verde-amarelo.net\/verdeamarelo\/wp-content\/uploads\/2023\/04\/com-duas-vitorias-peppe-tem-final-de-semana-espetacular-na-copa-joy-chevrolet.webp?ssl=1&w=1600&resize=1600&ssl=1 1600w\" decoding=\"async\" loading=\"lazy\" data-attachment-id=\"40130\" data-permalink=\"https:\/\/www.highspeedbrazil.com.br\/com-duas-vitorias-peppe-tem-final-de-semana-espetacular-na-copa-joy-chevrolet\/421109_1054894_ale_peppe__44_foto_paulo_abreu\/\" data-orig-file=\"https:\/\/i2.wp.com\/www.highspeedbrazil.com.br\/wp-content\/uploads\/2023\/04\/421109_1054894_ale_peppe__44_foto_paulo_abreu.jpg?fit=1608%2C1072&ssl=1\" data-orig-size=\"1608,1072\" data-comments-opened=\"1\" data-image-meta=\"{\"aperture\":\"4.5\",\"credit\":\"\",\"camera\":\"NIKON D3100\",\"caption\":\"\",\"created_timestamp\":\"1678870543\",\"copyright\":\"\",\"focal_length\":\"145\",\"iso\":\"200\",\"shutter_speed\":\"0.0125\",\"title\":\"\",\"orientation\":\"1\"}\" data-image-title=\"421109_1054894_ale_peppe__44_foto_paulo_abreu\" data-image-description data-medium-file=\"https:\/\/i2.wp.com\/www.highspeedbrazil.com.br\/wp-content\/uploads\/2023\/04\/421109_1054894_ale_peppe__44_foto_paulo_abreu.jpg?fit=300%2C200&ssl=1\" data-large-file=\"https:\/\/i2.wp.com\/www.highspeedbrazil.com.br\/wp-content\/uploads\/2023\/04\/421109_1054894_ale_peppe__44_foto_paulo_abreu.jpg?fit=620%2C414&ssl=1\" class=\" wp-image-40130 alignleft\" fifu-data-src=\"https:\/\/i2.wp.com\/verde-amarelo.net\/verdeamarelo\/wp-content\/uploads\/2023\/04\/com-duas-vitorias-peppe-tem-final-de-semana-espetacular-na-copa-joy-chevrolet.webp?ssl=1\" alt width=\"299\" height=\"199\" srcset=\"https:\/\/verde-amarelo.net\/verdeamarelo\/wp-content\/uploads\/2023\/04\/com-duas-vitorias-peppe-tem-final-de-semana-espetacular-na-copa-joy-chevrolet-1.jpg 1608w, https:\/\/verde-amarelo.net\/verdeamarelo\/wp-content\/uploads\/2023\/04\/com-duas-vitorias-peppe-tem-final-de-semana-espetacular-na-copa-joy-chevrolet-2.jpg 300w, https:\/\/verde-amarelo.net\/verdeamarelo\/wp-content\/uploads\/2023\/04\/com-duas-vitorias-peppe-tem-final-de-semana-espetacular-na-copa-joy-chevrolet-3.jpg 768w, https:\/\/verde-amarelo.net\/verdeamarelo\/wp-content\/uploads\/2023\/04\/com-duas-vitorias-peppe-tem-final-de-semana-espetacular-na-copa-joy-chevrolet-4.jpg 1024w, https:\/\/verde-amarelo.net\/verdeamarelo\/wp-content\/uploads\/2023\/04\/com-duas-vitorias-peppe-tem-final-de-semana-espetacular-na-copa-joy-chevrolet-5.jpg 1240w\" sizes=\"auto, (max-width: 299px) 100vw, 299px\" data-recalc-dims=\"1\"><\/a>Um daqueles finais de semana inesquec\u00edveis, podemos definir assim, a trajet\u00f3ria de Ale Peppe (Olhos em Foco, Mega Modelo e Portal e TV High Speed Brazil) na Copa Joy Chevrolet.<\/div>\n<p>Na primeira corrida uma largada intensa sob chuva e ap\u00f3s travar boas disputas com Luiz Cirino, Augusto de Freitas e Eber Gomes, o piloto do carro 44 conseguiu fazer valer todo o seu trabalho e foi para a vit\u00f3ria na primeira disputa com pouco mais de um segundo de vantagem sobre o carro #59 que cruzou a linha de chegada na segunda posi\u00e7\u00e3o.<\/p>&nbsp;&nbsp;\n<p>J\u00e1 na segunda corrida, Peppe largou no quarto lugar em virtude da invers\u00e3o, mas com a pista seca tratou de rapidamente avan\u00e7ar no pelot\u00e3o e passou a lutar pelo top-3 com Augusto de Freitas, Marcelo Neves e Alan Massaini.<\/p>&nbsp;&nbsp;\n<p>Algumas divididas de curvas, toques e uma batalha intensa com Marcelo Neves na segunda metade da corrida fizeram com o piloto paulista tivesse muito trabalho para assumir a primeira coloca\u00e7\u00e3o. Peppe ainda superou as investidas de Neves e cruzou a linha de chegada na primeira coloca\u00e7\u00e3o, conquistando assim uma dupla vit\u00f3ria no final de semana.<\/p>&nbsp;&nbsp;\n<p>\u201cConfesso que n\u00e3o esperava um final de semana como este ainda mais ap\u00f3s a primeira etapa da temporada onde n\u00e3o obtivemos o desempenho desejado. A grande diferen\u00e7a foi a calibragem de pneus que foi certeira neste final de semana e tenho que agradecer muito ao Vandinho da equipe Alpie que calibrou o carro e como eu cheguei atrasado fui direto para pista e deu muito certo. Essa vit\u00f3ria vai pra ele!\u201d<\/p>\n<p>\u201cQuanto as corridas foi tudo bem. Na primeira larguei no terceiro posto, acabei n\u00e3o me classificando bem, mas consegui avan\u00e7ar, fazer ultrapassagens e vencer. Na segunda corrida n\u00e3o tinha grandes expectativas pelo fato de largar em quarto lugar, mas batalhamos muito e para ser campe\u00e3o tamb\u00e9m temos que contar com a sorte e este final de semana foi nosso. Tenho muito que agradecer a equipe Alipe e a toda categoria que faz um trabalho maravilhoso e bora para a pr\u00f3xima etapa\u201d, afirmou Peppe.<\/p>&nbsp;&nbsp;\n<p>Ale Peppe que conta com o apoio da Olhos em Foco, Mega Model e Portal e TV High Speed Brazil, volta as pistas nos dias 19 e 20 de maio com a terceira etapa da categoria<\/p>\n<p>Fotos: Paulo Abreu\/High Speed Brazil<\/p>\n<p>Por: Matheus Furlan MTB73748SP \u2013 Portal e TV High Speed Brazil<\/p>\n<div class=\"sharedaddy sd-sharing-enabled\">\n<div class=\"robots-nocontent sd-block sd-social sd-social-icon sd-sharing\">\n<h3 class=\"sd-title\">Compartilhe isso:<\/h3>\n<\/div>\n<\/div>\n<p> Cr\u00e9ditos: High Speed Brazil<\/p>\n","protected":false},"excerpt":{"rendered":"<p>Categoria realizou a segunda etapa da temporada de 2023 na capital paulista. Um daqueles finais&#8230;<\/p>\n","protected":false},"author":1,"featured_media":62847,"comment_status":"closed","ping_status":"closed","sticky":false,"template":"","format":"standard","meta":{"fifu_image_url":"","fifu_image_alt":"","footnotes":""},"categories":[8428,7488,7492,727,8425],"tags":[7738,1888,3836,6029,1874,6255,2575,2841,1817,297,5912,6267,2475,7591,1471,8545,2958,3897,1984,3657,3468,2864,137,4256,6367,2101,152,2991,8426],"class_list":["post-62846","post","type-post","status-publish","format-standard","has-post-thumbnail","hentry","category-automobilismo","category-destaques","category-esportes","category-noticias","category-verde-amarelo","tag-7738","tag-apoio","tag-assim","tag-automobilismo","tag-bem","tag-campeao","tag-capital","tag-capital-paulista","tag-carro","tag-categoria","tag-chevrolet","tag-chuva","tag-conta","tag-copa","tag-corrida","tag-creditos","tag-disputa","tag-e","tag-equipe","tag-esportes","tag-fotos","tag-modelo","tag-olhos","tag-seca","tag-segunda-etapa","tag-temporada","tag-trabalho","tag-tv","tag-verde-amarelo","wpcat-8428-id","wpcat-7488-id","wpcat-7492-id","wpcat-727-id","wpcat-8425-id"],"_links":{"self":[{"href":"https:\/\/verde-amarelo.net\/verdeamarelo\/wp-json\/wp\/v2\/posts\/62846","targetHints":{"allow":["GET"]}}],"collection":[{"href":"https:\/\/verde-amarelo.net\/verdeamarelo\/wp-json\/wp\/v2\/posts"}],"about":[{"href":"https:\/\/verde-amarelo.net\/verdeamarelo\/wp-json\/wp\/v2\/types\/post"}],"author":[{"embeddable":true,"href":"https:\/\/verde-amarelo.net\/verdeamarelo\/wp-json\/wp\/v2\/users\/1"}],"replies":[{"embeddable":true,"href":"https:\/\/verde-amarelo.net\/verdeamarelo\/wp-json\/wp\/v2\/comments?post=62846"}],"version-history":[{"count":0,"href":"https:\/\/verde-amarelo.net\/verdeamarelo\/wp-json\/wp\/v2\/posts\/62846\/revisions"}],"wp:featuredmedia":[{"embeddable":true,"href":"https:\/\/verde-amarelo.net\/verdeamarelo\/wp-json\/wp\/v2\/media\/62847"}],"wp:attachment":[{"href":"https:\/\/verde-amarelo.net\/verdeamarelo\/wp-json\/wp\/v2\/media?parent=62846"}],"wp:term":[{"taxonomy":"category","embeddable":true,"href":"https:\/\/verde-amarelo.net\/verdeamarelo\/wp-json\/wp\/v2\/categories?post=62846"},{"taxonomy":"post_tag","embeddable":true,"href":"https:\/\/verde-amarelo.net\/verdeamarelo\/wp-json\/wp\/v2\/tags?post=62846"}],"curies":[{"name":"wp","href":"https:\/\/api.w.org\/{rel}","templated":true}]}}