{"id":62911,"date":"2023-04-20T08:49:01","date_gmt":"2023-04-20T11:49:01","guid":{"rendered":"https:\/\/www.highspeedbrazil.com.br\/?p=40165"},"modified":"2024-01-12T19:44:44","modified_gmt":"2024-01-12T22:44:44","slug":"nelson-neto-visa-lutar-por-podios-e-vitorias-na-abertura-da-nova-temporada-da-f4-brasil","status":"publish","type":"post","link":"https:\/\/verde-amarelo.net\/verdeamarelo\/2023\/04\/nelson-neto-visa-lutar-por-podios-e-vitorias-na-abertura-da-nova-temporada-da-f4-brasil\/","title":{"rendered":"Nelson Neto visa lutar por p\u00f3dios e vit\u00f3rias na abertura da nova temporada da F4 Brasil"},"content":{"rendered":"<p>Mais experiente, Nelson Neto busca novamente ser destaque na categoria.<\/p>&nbsp;&nbsp;\n<div dir=\"ltr\" readability=\"8\"><a href=\"https:\/\/i0.wp.com\/www.highspeedbrazil.com.br\/wp-content\/uploads\/2023\/04\/NN.jpeg?ssl=1\"><img src=\"data:image\/gif;base64,R0lGODlhAQABAIAAAAAAAP\/\/\/ywAAAAAAQABAAACAUwAOw==\" fifu-lazy=\"1\" fifu-data-sizes=\"auto\" fifu-data-srcset=\"https:\/\/i3.wp.com\/verde-amarelo.net\/verdeamarelo\/wp-content\/uploads\/2023\/04\/nelson-neto-visa-lutar-por-podios-e-vitorias-na-abertura-da-nova-temporada-da-f4-brasil.webp?ssl=1&w=75&resize=75&ssl=1 75w, https:\/\/i3.wp.com\/verde-amarelo.net\/verdeamarelo\/wp-content\/uploads\/2023\/04\/nelson-neto-visa-lutar-por-podios-e-vitorias-na-abertura-da-nova-temporada-da-f4-brasil.webp?ssl=1&w=100&resize=100&ssl=1 100w, https:\/\/i3.wp.com\/verde-amarelo.net\/verdeamarelo\/wp-content\/uploads\/2023\/04\/nelson-neto-visa-lutar-por-podios-e-vitorias-na-abertura-da-nova-temporada-da-f4-brasil.webp?ssl=1&w=150&resize=150&ssl=1 150w, https:\/\/i3.wp.com\/verde-amarelo.net\/verdeamarelo\/wp-content\/uploads\/2023\/04\/nelson-neto-visa-lutar-por-podios-e-vitorias-na-abertura-da-nova-temporada-da-f4-brasil.webp?ssl=1&w=240&resize=240&ssl=1 240w, https:\/\/i3.wp.com\/verde-amarelo.net\/verdeamarelo\/wp-content\/uploads\/2023\/04\/nelson-neto-visa-lutar-por-podios-e-vitorias-na-abertura-da-nova-temporada-da-f4-brasil.webp?ssl=1&w=320&resize=320&ssl=1 320w, https:\/\/i3.wp.com\/verde-amarelo.net\/verdeamarelo\/wp-content\/uploads\/2023\/04\/nelson-neto-visa-lutar-por-podios-e-vitorias-na-abertura-da-nova-temporada-da-f4-brasil.webp?ssl=1&w=500&resize=500&ssl=1 500w, https:\/\/i3.wp.com\/verde-amarelo.net\/verdeamarelo\/wp-content\/uploads\/2023\/04\/nelson-neto-visa-lutar-por-podios-e-vitorias-na-abertura-da-nova-temporada-da-f4-brasil.webp?ssl=1&w=640&resize=640&ssl=1 640w, https:\/\/i3.wp.com\/verde-amarelo.net\/verdeamarelo\/wp-content\/uploads\/2023\/04\/nelson-neto-visa-lutar-por-podios-e-vitorias-na-abertura-da-nova-temporada-da-f4-brasil.webp?ssl=1&w=800&resize=800&ssl=1 800w, https:\/\/i3.wp.com\/verde-amarelo.net\/verdeamarelo\/wp-content\/uploads\/2023\/04\/nelson-neto-visa-lutar-por-podios-e-vitorias-na-abertura-da-nova-temporada-da-f4-brasil.webp?ssl=1&w=1024&resize=1024&ssl=1 1024w, https:\/\/i3.wp.com\/verde-amarelo.net\/verdeamarelo\/wp-content\/uploads\/2023\/04\/nelson-neto-visa-lutar-por-podios-e-vitorias-na-abertura-da-nova-temporada-da-f4-brasil.webp?ssl=1&w=1280&resize=1280&ssl=1 1280w, https:\/\/i3.wp.com\/verde-amarelo.net\/verdeamarelo\/wp-content\/uploads\/2023\/04\/nelson-neto-visa-lutar-por-podios-e-vitorias-na-abertura-da-nova-temporada-da-f4-brasil.webp?ssl=1&w=1600&resize=1600&ssl=1 1600w\" decoding=\"async\" loading=\"lazy\" data-attachment-id=\"40166\" data-permalink=\"https:\/\/www.highspeedbrazil.com.br\/nelson-neto-visa-lutar-por-podios-e-vitorias-na-abertura-da-nova-temporada-da-f4-brasil\/nn\/\" data-orig-file=\"https:\/\/i0.wp.com\/www.highspeedbrazil.com.br\/wp-content\/uploads\/2023\/04\/NN.jpeg?fit=1024%2C672&ssl=1\" data-orig-size=\"1024,672\" data-comments-opened=\"1\" data-image-meta=\"{\"aperture\":\"0\",\"credit\":\"\",\"camera\":\"\",\"caption\":\"\",\"created_timestamp\":\"0\",\"copyright\":\"\",\"focal_length\":\"0\",\"iso\":\"0\",\"shutter_speed\":\"0\",\"title\":\"\",\"orientation\":\"0\"}\" data-image-title=\"NN\" data-image-description data-medium-file=\"https:\/\/i0.wp.com\/www.highspeedbrazil.com.br\/wp-content\/uploads\/2023\/04\/NN.jpeg?fit=300%2C197&ssl=1\" data-large-file=\"https:\/\/i0.wp.com\/www.highspeedbrazil.com.br\/wp-content\/uploads\/2023\/04\/NN.jpeg?fit=620%2C407&ssl=1\" class=\" wp-image-40166 alignright\" fifu-data-src=\"https:\/\/i3.wp.com\/verde-amarelo.net\/verdeamarelo\/wp-content\/uploads\/2023\/04\/nelson-neto-visa-lutar-por-podios-e-vitorias-na-abertura-da-nova-temporada-da-f4-brasil.webp?ssl=1\" alt width=\"313\" height=\"205\" srcset=\"https:\/\/verde-amarelo.net\/verdeamarelo\/wp-content\/uploads\/2023\/04\/nelson-neto-visa-lutar-por-podios-e-vitorias-na-abertura-da-nova-temporada-da-f4-brasil-1.jpg 1024w, https:\/\/verde-amarelo.net\/verdeamarelo\/wp-content\/uploads\/2023\/04\/nelson-neto-visa-lutar-por-podios-e-vitorias-na-abertura-da-nova-temporada-da-f4-brasil-2.jpg 300w, https:\/\/verde-amarelo.net\/verdeamarelo\/wp-content\/uploads\/2023\/04\/nelson-neto-visa-lutar-por-podios-e-vitorias-na-abertura-da-nova-temporada-da-f4-brasil-3.jpg 768w\" sizes=\"auto, (max-width: 313px) 100vw, 313px\" data-recalc-dims=\"1\"><\/a>Ap\u00f3s uma temporada de grande evolu\u00e7\u00e3o na estreia da F4 Brasil em 2022,<\/div>\n<p>Nelson Neto destaca o grande otimismo para chegar como um dos grandes<\/p>\n<p>postulantes ao t\u00edtulo na temporada atual. Confirmado para fazer parte da<\/p>\n<p>equipe Bassani, o jovem piloto busca o melhor in\u00edcio poss\u00edvel nesta<\/p>\n<p>semana no Aut\u00f3dromo de Interlagos.<\/p>&nbsp;&nbsp;\n<p>O palco n\u00e3o poderia ser melhor para dar o passo inicial em mais uma<\/p>\n<p>temporada da categoria, e ap\u00f3s positivos testes de pr\u00e9 temporada a<\/p>\n<p>expectativa cresce. Com um bom primeiro dia de treinos, Neto revelou que<\/p>\n<p>a equipe realizou muitos testes para coletar a data necess\u00e1ria para<\/p>\n<p>buscar os melhores resultados desde o in\u00edcio do ano. Com a informa\u00e7\u00e3o<\/p>\n<p>obtida, Nelson Neto e sua equipe v\u00e3o buscar encaixar o melhor acerto<\/p>\n<p>para as sess\u00f5es oficiais.<\/p>&nbsp;&nbsp;\n<p>Motivado em voltar ao palco que lhe trouxe suas melhores atua\u00e7\u00f5es na<\/p>\n<p>temporada passada, Nelson Neto busca lutar diretamente por p\u00f3dios e<\/p>\n<p>vit\u00f3rias nas corridas deste final de semana em Interlagos para postular<\/p>\n<p>como um dos fortes candidatos ao t\u00edtulo. Mais experiente, Neto vai<\/p>\n<p>aproveitar o que aprendeu na temporada passada com o carro e formato da<\/p>\n<p>competi\u00e7\u00e3o para se destacar logo no in\u00edcio.<\/p>&nbsp;&nbsp;\n<p>Foto: Luca Bassani<\/p>\n<p>por:&nbsp;KART BR PRESS<\/p>\n<div class=\"sharedaddy sd-sharing-enabled\">\n<div class=\"robots-nocontent sd-block sd-social sd-social-icon sd-sharing\">\n<h3 class=\"sd-title\">Compartilhe isso:<\/h3>\n<\/div>\n<\/div>\n<p> Cr\u00e9ditos: High Speed Brazil<\/p>\n","protected":false},"excerpt":{"rendered":"<p>Mais experiente, Nelson Neto busca novamente ser destaque na categoria.&nbsp;&nbsp; Ap\u00f3s uma temporada de grande&#8230;<\/p>\n","protected":false},"author":1,"featured_media":62912,"comment_status":"closed","ping_status":"closed","sticky":false,"template":"","format":"standard","meta":{"fifu_image_url":"","fifu_image_alt":"","footnotes":""},"categories":[8428,7488,7492,727,8425],"tags":[2585,6183,6029,735,1817,297,163,8545,133,1739,3897,1984,3657,2457,6663,274,6068,3972,6064,4268,6316,3244,2456,7638,2101,8426],"class_list":["post-62911","post","type-post","status-publish","format-standard","has-post-thumbnail","hentry","category-automobilismo","category-destaques","category-esportes","category-noticias","category-verde-amarelo","tag-2585","tag-autodromo-de-interlagos","tag-automobilismo","tag-brasil","tag-carro","tag-categoria","tag-competicao","tag-creditos","tag-destaque","tag-dia","tag-e","tag-equipe","tag-esportes","tag-expectativa","tag-f4-brasil","tag-fortes","tag-interlagos","tag-jovem","tag-kart","tag-logo","tag-nelson-neto","tag-otimismo","tag-resultados","tag-titulo","tag-temporada","tag-verde-amarelo","wpcat-8428-id","wpcat-7488-id","wpcat-7492-id","wpcat-727-id","wpcat-8425-id"],"_links":{"self":[{"href":"https:\/\/verde-amarelo.net\/verdeamarelo\/wp-json\/wp\/v2\/posts\/62911","targetHints":{"allow":["GET"]}}],"collection":[{"href":"https:\/\/verde-amarelo.net\/verdeamarelo\/wp-json\/wp\/v2\/posts"}],"about":[{"href":"https:\/\/verde-amarelo.net\/verdeamarelo\/wp-json\/wp\/v2\/types\/post"}],"author":[{"embeddable":true,"href":"https:\/\/verde-amarelo.net\/verdeamarelo\/wp-json\/wp\/v2\/users\/1"}],"replies":[{"embeddable":true,"href":"https:\/\/verde-amarelo.net\/verdeamarelo\/wp-json\/wp\/v2\/comments?post=62911"}],"version-history":[{"count":0,"href":"https:\/\/verde-amarelo.net\/verdeamarelo\/wp-json\/wp\/v2\/posts\/62911\/revisions"}],"wp:featuredmedia":[{"embeddable":true,"href":"https:\/\/verde-amarelo.net\/verdeamarelo\/wp-json\/wp\/v2\/media\/62912"}],"wp:attachment":[{"href":"https:\/\/verde-amarelo.net\/verdeamarelo\/wp-json\/wp\/v2\/media?parent=62911"}],"wp:term":[{"taxonomy":"category","embeddable":true,"href":"https:\/\/verde-amarelo.net\/verdeamarelo\/wp-json\/wp\/v2\/categories?post=62911"},{"taxonomy":"post_tag","embeddable":true,"href":"https:\/\/verde-amarelo.net\/verdeamarelo\/wp-json\/wp\/v2\/tags?post=62911"}],"curies":[{"name":"wp","href":"https:\/\/api.w.org\/{rel}","templated":true}]}}