{"id":66502,"date":"2023-04-24T11:35:00","date_gmt":"2023-04-24T14:35:00","guid":{"rendered":"https:\/\/prnewswire.com.br\/releases\/ja-solar-e-mais-uma-vez-homenageadaeupd-com-o-premio-top-pv-brand-nas-regioes-da-latam-e-da-africa\/"},"modified":"2024-01-18T16:33:07","modified_gmt":"2024-01-18T19:33:07","slug":"ja-solar-e-mais-uma-vez-homenageadaeupd-com-o-premio-top-pv-brand-nas-regioes-da-latam-e-da-africa","status":"publish","type":"post","link":"https:\/\/verde-amarelo.net\/verdeamarelo\/2023\/04\/ja-solar-e-mais-uma-vez-homenageadaeupd-com-o-premio-top-pv-brand-nas-regioes-da-latam-e-da-africa\/","title":{"rendered":"JA Solar \u00e9 mais uma vez homenageadaEUPD com o pr\u00eamio Top PV Brand nas regi\u00f5es da LATAM e da \u00c1frica"},"content":{"rendered":"<div><img src=\"data:image\/gif;base64,R0lGODlhAQABAIAAAAAAAP\/\/\/ywAAAAAAQABAAACAUwAOw==\" fifu-lazy=\"1\" fifu-data-sizes=\"auto\" fifu-data-srcset=\"https:\/\/i0.wp.com\/verde-amarelo.net\/verdeamarelo\/wp-content\/uploads\/2023\/04\/ja-solar-e-mais-uma-vez-homenageadaeupd-com-o-premio-top-pv-brand-nas-regioes-da-latam-e-da-africa.webp?ssl=1&w=75&resize=75&ssl=1 75w, https:\/\/i0.wp.com\/verde-amarelo.net\/verdeamarelo\/wp-content\/uploads\/2023\/04\/ja-solar-e-mais-uma-vez-homenageadaeupd-com-o-premio-top-pv-brand-nas-regioes-da-latam-e-da-africa.webp?ssl=1&w=100&resize=100&ssl=1 100w, https:\/\/i0.wp.com\/verde-amarelo.net\/verdeamarelo\/wp-content\/uploads\/2023\/04\/ja-solar-e-mais-uma-vez-homenageadaeupd-com-o-premio-top-pv-brand-nas-regioes-da-latam-e-da-africa.webp?ssl=1&w=150&resize=150&ssl=1 150w, https:\/\/i0.wp.com\/verde-amarelo.net\/verdeamarelo\/wp-content\/uploads\/2023\/04\/ja-solar-e-mais-uma-vez-homenageadaeupd-com-o-premio-top-pv-brand-nas-regioes-da-latam-e-da-africa.webp?ssl=1&w=240&resize=240&ssl=1 240w, https:\/\/i0.wp.com\/verde-amarelo.net\/verdeamarelo\/wp-content\/uploads\/2023\/04\/ja-solar-e-mais-uma-vez-homenageadaeupd-com-o-premio-top-pv-brand-nas-regioes-da-latam-e-da-africa.webp?ssl=1&w=320&resize=320&ssl=1 320w, https:\/\/i0.wp.com\/verde-amarelo.net\/verdeamarelo\/wp-content\/uploads\/2023\/04\/ja-solar-e-mais-uma-vez-homenageadaeupd-com-o-premio-top-pv-brand-nas-regioes-da-latam-e-da-africa.webp?ssl=1&w=500&resize=500&ssl=1 500w, https:\/\/i0.wp.com\/verde-amarelo.net\/verdeamarelo\/wp-content\/uploads\/2023\/04\/ja-solar-e-mais-uma-vez-homenageadaeupd-com-o-premio-top-pv-brand-nas-regioes-da-latam-e-da-africa.webp?ssl=1&w=640&resize=640&ssl=1 640w, https:\/\/i0.wp.com\/verde-amarelo.net\/verdeamarelo\/wp-content\/uploads\/2023\/04\/ja-solar-e-mais-uma-vez-homenageadaeupd-com-o-premio-top-pv-brand-nas-regioes-da-latam-e-da-africa.webp?ssl=1&w=800&resize=800&ssl=1 800w, https:\/\/i0.wp.com\/verde-amarelo.net\/verdeamarelo\/wp-content\/uploads\/2023\/04\/ja-solar-e-mais-uma-vez-homenageadaeupd-com-o-premio-top-pv-brand-nas-regioes-da-latam-e-da-africa.webp?ssl=1&w=1024&resize=1024&ssl=1 1024w, https:\/\/i0.wp.com\/verde-amarelo.net\/verdeamarelo\/wp-content\/uploads\/2023\/04\/ja-solar-e-mais-uma-vez-homenageadaeupd-com-o-premio-top-pv-brand-nas-regioes-da-latam-e-da-africa.webp?ssl=1&w=1280&resize=1280&ssl=1 1280w, https:\/\/i0.wp.com\/verde-amarelo.net\/verdeamarelo\/wp-content\/uploads\/2023\/04\/ja-solar-e-mais-uma-vez-homenageadaeupd-com-o-premio-top-pv-brand-nas-regioes-da-latam-e-da-africa.webp?ssl=1&w=1600&resize=1600&ssl=1 1600w\" decoding=\"async\" fifu-data-src=\"https:\/\/i0.wp.com\/verde-amarelo.net\/verdeamarelo\/wp-content\/uploads\/2023\/04\/ja-solar-e-mais-uma-vez-homenageadaeupd-com-o-premio-top-pv-brand-nas-regioes-da-latam-e-da-africa.webp?ssl=1\" class=\"ff-og-image-inserted\"><\/div>\n<p><span class=\"legendSpanClass\">PEQUIM<\/span>, <span class=\"legendSpanClass\">24 de abril de 2023<\/span> - Atualizado -  \u2014 Recentemente, a JA Solar, fabricante l\u00edder mundial de produtos fotovoltaicos (PV), foi premiada como &#8220;Marca PV Top&#8221; na regi\u00e3o LATAM (e suas principais economias Brasil, M\u00e9xico e <span class=\"xn-location\">Chile<\/span>) e na \u00c1frica (incluindo sua principal economia, a Nig\u00e9ria), pelo EUPD Research, um instituto de pesquisa global autorit\u00e1rio, destacando o desempenho de mercado excepcional da JA Solar nesses pa\u00edses e regi\u00f5es.<\/p>&nbsp;&nbsp;\n<p>O EUPD Research, um renomado instituto global de pesquisa independente com ampla experi\u00eancia, realiza pesquisas aprofundadas sobre instaladores fotovoltaicos locais e usu\u00e1rios finais para selecionar empresas que se destacam em v\u00e1rios aspectos, como conscientiza\u00e7\u00e3o, satisfa\u00e7\u00e3o do cliente, escolha do cliente e faixa de distribui\u00e7\u00e3o, concedem-lhes o pr\u00eamio &#8220;Top PV Brand&#8221;. O pr\u00eamio \u00e9 prestigioso, reconhecido na ind\u00fastria global de energia solar fotovoltaica e uma boa refer\u00eancia para os clientes na escolha de produtos de alta qualidade.<\/p>&nbsp;&nbsp;\n<p>Nos \u00faltimos anos, a JA Solar recebeu o pr\u00eamio &#8220;Top PV Brand&#8221; pelo EUPD na Europa, regi\u00e3o MENA, Alemanha, Fran\u00e7a Pol\u00f4nia, It\u00e1lia, Pa\u00edses Baixos, Su\u00ed\u00e7a, Austr\u00e1lia, Vietn\u00e3 e outros pa\u00edses e regi\u00f5es. Este \u00e9 um reconhecimento da qualidade dos produtos e servi\u00e7os da JA Solar em todo o mundo, bem como a contribui\u00e7\u00e3o not\u00e1vel da JA Solar para o desenvolvimento dos mercados de PV nesses pa\u00edses e regi\u00f5es.<\/p>&nbsp;&nbsp;\n<p>Foto &#8211;&nbsp;<a href=\"https:\/\/mma.prnewswire.com\/media\/2060974\/image1.jpg\" rel=\"nofollow noopener noreferrer\" target=\"_blank\">https:\/\/mma.prnewswire.com\/media\/2060974\/image1.jpg<\/a><\/p>\n<p>FONTE JA Solar Technology Co., Ltd.<\/p>&nbsp;&nbsp;\n<p><a href=\"https:\/\/prnewswire.com.br\/releases\/ja-solar-e-mais-uma-vez-homenageadaeupd-com-o-premio-top-pv-brand-nas-regioes-da-latam-e-da-africa\/\">Cr\u00e9ditos a Assessoria!<\/a><\/p>\n","protected":false},"excerpt":{"rendered":"<p>PEQUIM, 24 de abril de 2023 &#8211; Atualizado &#8211; \u2014 Recentemente, a JA Solar, fabricante&#8230;<\/p>\n","protected":false},"author":1,"featured_media":66503,"comment_status":"closed","ping_status":"closed","sticky":false,"template":"","format":"standard","meta":{"fifu_image_url":"","fifu_image_alt":"","footnotes":""},"categories":[7488,727,8425],"tags":[8426],"class_list":["post-66502","post","type-post","status-publish","format-standard","has-post-thumbnail","hentry","category-destaques","category-noticias","category-verde-amarelo","tag-verde-amarelo","wpcat-7488-id","wpcat-727-id","wpcat-8425-id"],"_links":{"self":[{"href":"https:\/\/verde-amarelo.net\/verdeamarelo\/wp-json\/wp\/v2\/posts\/66502","targetHints":{"allow":["GET"]}}],"collection":[{"href":"https:\/\/verde-amarelo.net\/verdeamarelo\/wp-json\/wp\/v2\/posts"}],"about":[{"href":"https:\/\/verde-amarelo.net\/verdeamarelo\/wp-json\/wp\/v2\/types\/post"}],"author":[{"embeddable":true,"href":"https:\/\/verde-amarelo.net\/verdeamarelo\/wp-json\/wp\/v2\/users\/1"}],"replies":[{"embeddable":true,"href":"https:\/\/verde-amarelo.net\/verdeamarelo\/wp-json\/wp\/v2\/comments?post=66502"}],"version-history":[{"count":0,"href":"https:\/\/verde-amarelo.net\/verdeamarelo\/wp-json\/wp\/v2\/posts\/66502\/revisions"}],"wp:featuredmedia":[{"embeddable":true,"href":"https:\/\/verde-amarelo.net\/verdeamarelo\/wp-json\/wp\/v2\/media\/66503"}],"wp:attachment":[{"href":"https:\/\/verde-amarelo.net\/verdeamarelo\/wp-json\/wp\/v2\/media?parent=66502"}],"wp:term":[{"taxonomy":"category","embeddable":true,"href":"https:\/\/verde-amarelo.net\/verdeamarelo\/wp-json\/wp\/v2\/categories?post=66502"},{"taxonomy":"post_tag","embeddable":true,"href":"https:\/\/verde-amarelo.net\/verdeamarelo\/wp-json\/wp\/v2\/tags?post=66502"}],"curies":[{"name":"wp","href":"https:\/\/api.w.org\/{rel}","templated":true}]}}