{"id":66859,"date":"2023-04-25T12:11:26","date_gmt":"2023-04-25T15:11:26","guid":{"rendered":"https:\/\/verde-amarelo.net\/verdeamarelo\/?p=66859"},"modified":"2023-04-27T22:03:18","modified_gmt":"2023-04-28T01:03:18","slug":"semana-da-imunizacao-drogaria-araujo-alerta-para-a-importancia-da-vacinacao-contra-a-gripe","status":"publish","type":"post","link":"https:\/\/verde-amarelo.net\/verdeamarelo\/2023\/04\/semana-da-imunizacao-drogaria-araujo-alerta-para-a-importancia-da-vacinacao-contra-a-gripe\/","title":{"rendered":"Semana da Imuniza\u00e7\u00e3o: Drogaria Araujo alerta para a import\u00e2ncia da vacina\u00e7\u00e3o contra a gripe"},"content":{"rendered":"<div class=\"postie-post\">\n<div>\n<div>\n<p>&nbsp;<\/p>\n<p>Maior rede de drogarias de Minas refor\u00e7a a import\u00e2ncia de todas as vacinas, especialmente a de gripe, tendo em vista a prolifera\u00e7\u00e3o do v\u00edrus Influenza<\/p>\n<div>\n<p>Todos os anos, com a chegada do clima mais frio, cresce consideravelmente o n\u00famero de pessoas com problemas respirat\u00f3rios. Causador da gripe, o v\u00edrus Influenza aumenta o risco de surgimento tamb\u00e9m de inflama\u00e7\u00e3o nos pulm\u00f5es (pneumonia viral prim\u00e1ria), pneumonia bacteriana secund\u00e1ria, entre outras enfermidades, \u00e0 medida em que compromete as defesas org\u00e2nicas locais. Considerando o aumento no registro de casos de gripe e principalmente em fun\u00e7\u00e3o da Semana Mundial da Imuniza\u00e7\u00e3o, celebrada entre 23 e 30 de abril, a Araujo, maior rede de drogarias de Minas, alerta para a import\u00e2ncia das vacinas no controle de diversas doen\u00e7as e refor\u00e7a a necessidade de mais pessoas, e n\u00e3o apenas idosos e grupo de risco, se vacinarem contra a gripe.<\/p>&nbsp;&nbsp;\n<p><a href=\"https:\/\/imagens.pressmanager.net\/download?foto_id=4223291&amp;release_id=487277&amp;contato_id=%%CONTATO_ID%%&amp;did=1014415697&amp;envio_id=1383627&amp;hash=c8e2c025987f4b95b63825a56e17b9bf\"><img decoding=\"async\" src=\"data:image\/gif;base64,R0lGODlhAQABAIAAAAAAAP\/\/\/ywAAAAAAQABAAACAUwAOw==\" fifu-lazy=\"1\" fifu-data-sizes=\"auto\" fifu-data-srcset=\"https:\/\/i2.wp.com\/files.pressmanager.net\/clientes\/9fd6715f840655e580ed9d2eb1a27576\/imagens\/2023\/04\/25\/e40d9b0edfa967c566e4f9feb93773ca_small.jpg?ssl=1&w=75&resize=75&ssl=1 75w, https:\/\/i2.wp.com\/files.pressmanager.net\/clientes\/9fd6715f840655e580ed9d2eb1a27576\/imagens\/2023\/04\/25\/e40d9b0edfa967c566e4f9feb93773ca_small.jpg?ssl=1&w=100&resize=100&ssl=1 100w, https:\/\/i2.wp.com\/files.pressmanager.net\/clientes\/9fd6715f840655e580ed9d2eb1a27576\/imagens\/2023\/04\/25\/e40d9b0edfa967c566e4f9feb93773ca_small.jpg?ssl=1&w=150&resize=150&ssl=1 150w, https:\/\/i2.wp.com\/files.pressmanager.net\/clientes\/9fd6715f840655e580ed9d2eb1a27576\/imagens\/2023\/04\/25\/e40d9b0edfa967c566e4f9feb93773ca_small.jpg?ssl=1&w=240&resize=240&ssl=1 240w, https:\/\/i2.wp.com\/files.pressmanager.net\/clientes\/9fd6715f840655e580ed9d2eb1a27576\/imagens\/2023\/04\/25\/e40d9b0edfa967c566e4f9feb93773ca_small.jpg?ssl=1&w=320&resize=320&ssl=1 320w, https:\/\/i2.wp.com\/files.pressmanager.net\/clientes\/9fd6715f840655e580ed9d2eb1a27576\/imagens\/2023\/04\/25\/e40d9b0edfa967c566e4f9feb93773ca_small.jpg?ssl=1&w=500&resize=500&ssl=1 500w, https:\/\/i2.wp.com\/files.pressmanager.net\/clientes\/9fd6715f840655e580ed9d2eb1a27576\/imagens\/2023\/04\/25\/e40d9b0edfa967c566e4f9feb93773ca_small.jpg?ssl=1&w=640&resize=640&ssl=1 640w, https:\/\/i2.wp.com\/files.pressmanager.net\/clientes\/9fd6715f840655e580ed9d2eb1a27576\/imagens\/2023\/04\/25\/e40d9b0edfa967c566e4f9feb93773ca_small.jpg?ssl=1&w=800&resize=800&ssl=1 800w, https:\/\/i2.wp.com\/files.pressmanager.net\/clientes\/9fd6715f840655e580ed9d2eb1a27576\/imagens\/2023\/04\/25\/e40d9b0edfa967c566e4f9feb93773ca_small.jpg?ssl=1&w=1024&resize=1024&ssl=1 1024w, https:\/\/i2.wp.com\/files.pressmanager.net\/clientes\/9fd6715f840655e580ed9d2eb1a27576\/imagens\/2023\/04\/25\/e40d9b0edfa967c566e4f9feb93773ca_small.jpg?ssl=1&w=1280&resize=1280&ssl=1 1280w, https:\/\/i2.wp.com\/files.pressmanager.net\/clientes\/9fd6715f840655e580ed9d2eb1a27576\/imagens\/2023\/04\/25\/e40d9b0edfa967c566e4f9feb93773ca_small.jpg?ssl=1&w=1600&resize=1600&ssl=1 1600w\" fifu-data-src=\"https:\/\/i2.wp.com\/files.pressmanager.net\/clientes\/9fd6715f840655e580ed9d2eb1a27576\/imagens\/2023\/04\/25\/e40d9b0edfa967c566e4f9feb93773ca_small.jpg?ssl=1\" border=\"0\" vspace=\"2\" \/><\/a><\/p>\n<p>N\u00e3o bastassem as complica\u00e7\u00f5es mais comuns da gripe, como sinusite, otite, desidrata\u00e7\u00e3o e piora de doen\u00e7as cr\u00f4nicas &#8211; insufici\u00eancia card\u00edaca, asma ou diabetes, o v\u00edrus influenza tamb\u00e9m pode evoluir para uma infec\u00e7\u00e3o aguda do sistema respirat\u00f3rio, que em 2022, em Minas Gerais, foi respons\u00e1vel pela morte de 132 pessoas e, este ano, j\u00e1 levou duas pessoas a \u00f3bito, segundo dados da Secretaria Estadual de Sa\u00fade (SES-MG), divulgados em 31 de mar\u00e7o. Em uma tentativa de manter mais pessoas imunizadas, a SES-MG decidiu antecipar a 25\u00aa Campanha de Vacina\u00e7\u00e3o contra a Influenza, que teve in\u00edcio na primeira semana deste m\u00eas.<\/p>&nbsp;&nbsp;\n<p>Na Araujo, a procura pela vacina de gripe tem aumentado, embora ainda esteja longe do ideal. Houve um aumento de 30% nas vacinas aplicadas entre os dias 1\u00ba e 23 de abril de 2023, em compara\u00e7\u00e3o ao mesmo per\u00edodo do ano passado. A Gerente T\u00e9cnica Farmac\u00eautica da Drogaria Araujo, Isabel Dias refor\u00e7a a import\u00e2ncia de toda a popula\u00e7\u00e3o buscar a imuniza\u00e7\u00e3o.\u00a0 &#8220;As vacinas dispon\u00edveis hoje continuar\u00e3o sendo a melhor resposta contra a infec\u00e7\u00e3o. A sazonalidade da gripe est\u00e1 mudando, o que faz com que a vacina se torne ainda mais importante, j\u00e1 que \u00e9, comprovadamente, a forma de prote\u00e7\u00e3o mais eficaz. Quanto mais pessoas imunizadas, mais f\u00e1cil ser\u00e1 controlar a prolifera\u00e7\u00e3o do v\u00edrus&#8221;, destaca.<\/p>&nbsp;&nbsp;\n<p>Para prote\u00e7\u00e3o contra a influenza, a Drogaria Araujo oferece a Vacina Humana Gripe Quadrivalente, destinada para adultos e crian\u00e7as, a partir de 6 meses. A imuniza\u00e7\u00e3o garante prote\u00e7\u00e3o de at\u00e9 70% dos casos e previne contra agravantes da doen\u00e7a. Ela \u00e9 eficaz no combate as cepas do v\u00edrus influenza dos tipos A e B e cepas intimamente relacionadas, al\u00e9m dos subtipos A, que s\u00e3o H1N1 e H3N2, e os subtipos B.<\/p>&nbsp;&nbsp;\n<p>A vacina custa R$ 90,00 e, para se vacinar, basta conferir o hor\u00e1rio de atendimento e o endere\u00e7o da loja mais pr\u00f3xima em <a href=\"https:\/\/www.araujo.com.br\/vacinas\">www.araujo.com.br\/vacinas<\/a> ou adquirir a vacina pelo site, app ou Drogatel. A Araujo tamb\u00e9m conta com a op\u00e7\u00e3o da vacina em casa para quem reside em Belo Horizonte, proporcionando mais conforto e facilidade para todos os clientes, especialmente aqueles com mobilidade reduzida.<\/p>&nbsp;&nbsp;\n<p>Programa Sa\u00fade em Dia- A Araujo disponibiliza uma s\u00e9rie de programas de sa\u00fade que ajudam nos cuidados e controle de doen\u00e7as cr\u00f4nicas e respirat\u00f3rias. Ao aderir ao programa &#8220;Doen\u00e7as respirat\u00f3rias&#8221; \u2013 servi\u00e7o de apoio destinado a pessoas portadoras de asma, bronquite, entre outras enfermidades- o cliente \u00e9 devidamente orientado sobre o uso dos medicamentos inalat\u00f3rios, como as bombinhas, bem como todos os cuidados necess\u00e1rios para melhorar a qualidade de vida.<\/p>&nbsp;&nbsp;\n<\/div>\n<\/div>\n<p>&nbsp;<\/p>\n<p>&nbsp;<\/p>\n<table border=\"0\">\n<tbody>\n<tr>\n<td><\/td>\n<\/tr>\n<\/tbody>\n<\/table>\n<p>&nbsp;<\/p>\n<p>&nbsp;<\/p>\n<table border=\"0\">\n<tbody>\n<tr>\n<td valign=\"top\"><\/td>\n<td><\/td>\n<td valign=\"top\"><\/td>\n<\/tr>\n<\/tbody>\n<\/table>\n<p><img decoding=\"async\" src=\"data:image\/gif;base64,R0lGODlhAQABAIAAAAAAAP\/\/\/ywAAAAAAQABAAACAUwAOw==\" fifu-lazy=\"1\" fifu-data-sizes=\"auto\" fifu-data-srcset=\"https:\/\/i0.wp.com\/click.pressmanager.net\/log_leitura_email?envio_id=1383627&did=1014415697&imglog=1&hash=c8e2c025987f4b95b63825a56e17b9bf&ssl=1&w=75&resize=75&ssl=1 75w, https:\/\/i0.wp.com\/click.pressmanager.net\/log_leitura_email?envio_id=1383627&did=1014415697&imglog=1&hash=c8e2c025987f4b95b63825a56e17b9bf&ssl=1&w=100&resize=100&ssl=1 100w, https:\/\/i0.wp.com\/click.pressmanager.net\/log_leitura_email?envio_id=1383627&did=1014415697&imglog=1&hash=c8e2c025987f4b95b63825a56e17b9bf&ssl=1&w=150&resize=150&ssl=1 150w, https:\/\/i0.wp.com\/click.pressmanager.net\/log_leitura_email?envio_id=1383627&did=1014415697&imglog=1&hash=c8e2c025987f4b95b63825a56e17b9bf&ssl=1&w=240&resize=240&ssl=1 240w, https:\/\/i0.wp.com\/click.pressmanager.net\/log_leitura_email?envio_id=1383627&did=1014415697&imglog=1&hash=c8e2c025987f4b95b63825a56e17b9bf&ssl=1&w=320&resize=320&ssl=1 320w, https:\/\/i0.wp.com\/click.pressmanager.net\/log_leitura_email?envio_id=1383627&did=1014415697&imglog=1&hash=c8e2c025987f4b95b63825a56e17b9bf&ssl=1&w=500&resize=500&ssl=1 500w, https:\/\/i0.wp.com\/click.pressmanager.net\/log_leitura_email?envio_id=1383627&did=1014415697&imglog=1&hash=c8e2c025987f4b95b63825a56e17b9bf&ssl=1&w=640&resize=640&ssl=1 640w, https:\/\/i0.wp.com\/click.pressmanager.net\/log_leitura_email?envio_id=1383627&did=1014415697&imglog=1&hash=c8e2c025987f4b95b63825a56e17b9bf&ssl=1&w=800&resize=800&ssl=1 800w, https:\/\/i0.wp.com\/click.pressmanager.net\/log_leitura_email?envio_id=1383627&did=1014415697&imglog=1&hash=c8e2c025987f4b95b63825a56e17b9bf&ssl=1&w=1024&resize=1024&ssl=1 1024w, https:\/\/i0.wp.com\/click.pressmanager.net\/log_leitura_email?envio_id=1383627&did=1014415697&imglog=1&hash=c8e2c025987f4b95b63825a56e17b9bf&ssl=1&w=1280&resize=1280&ssl=1 1280w, https:\/\/i0.wp.com\/click.pressmanager.net\/log_leitura_email?envio_id=1383627&did=1014415697&imglog=1&hash=c8e2c025987f4b95b63825a56e17b9bf&ssl=1&w=1600&resize=1600&ssl=1 1600w\" fifu-data-src=\"https:\/\/i0.wp.com\/click.pressmanager.net\/log_leitura_email?envio_id=1383627&did=1014415697&imglog=1&hash=c8e2c025987f4b95b63825a56e17b9bf&ssl=1\" alt=\"\" \/><\/p>\n<div><\/div>\n<\/div>\n<p>&nbsp;<\/p>\n<\/div>\n","protected":false},"excerpt":{"rendered":"<p>&nbsp; Maior rede de drogarias de Minas refor\u00e7a a import\u00e2ncia de todas as vacinas, especialmente&#8230;<\/p>\n","protected":false},"author":1,"featured_media":0,"comment_status":"closed","ping_status":"closed","sticky":false,"template":"","format":"standard","meta":{"fifu_image_url":"","fifu_image_alt":"","footnotes":""},"categories":[727,8698],"tags":[],"class_list":["post-66859","post","type-post","status-publish","format-standard","hentry","category-noticias","category-saude","wpcat-727-id","wpcat-8698-id"],"_links":{"self":[{"href":"https:\/\/verde-amarelo.net\/verdeamarelo\/wp-json\/wp\/v2\/posts\/66859","targetHints":{"allow":["GET"]}}],"collection":[{"href":"https:\/\/verde-amarelo.net\/verdeamarelo\/wp-json\/wp\/v2\/posts"}],"about":[{"href":"https:\/\/verde-amarelo.net\/verdeamarelo\/wp-json\/wp\/v2\/types\/post"}],"author":[{"embeddable":true,"href":"https:\/\/verde-amarelo.net\/verdeamarelo\/wp-json\/wp\/v2\/users\/1"}],"replies":[{"embeddable":true,"href":"https:\/\/verde-amarelo.net\/verdeamarelo\/wp-json\/wp\/v2\/comments?post=66859"}],"version-history":[{"count":0,"href":"https:\/\/verde-amarelo.net\/verdeamarelo\/wp-json\/wp\/v2\/posts\/66859\/revisions"}],"wp:attachment":[{"href":"https:\/\/verde-amarelo.net\/verdeamarelo\/wp-json\/wp\/v2\/media?parent=66859"}],"wp:term":[{"taxonomy":"category","embeddable":true,"href":"https:\/\/verde-amarelo.net\/verdeamarelo\/wp-json\/wp\/v2\/categories?post=66859"},{"taxonomy":"post_tag","embeddable":true,"href":"https:\/\/verde-amarelo.net\/verdeamarelo\/wp-json\/wp\/v2\/tags?post=66859"}],"curies":[{"name":"wp","href":"https:\/\/api.w.org\/{rel}","templated":true}]}}