{"id":66861,"date":"2023-04-25T12:07:50","date_gmt":"2023-04-25T15:07:50","guid":{"rendered":"https:\/\/verde-amarelo.net\/verdeamarelo\/?p=66861"},"modified":"2023-04-25T22:10:11","modified_gmt":"2023-04-26T01:10:11","slug":"alex-seid-chega-a-interlagos-em-busca-da-primeira-vitoria-na-temporada-2023-da-nascar-brasil-sprint-race","status":"publish","type":"post","link":"https:\/\/verde-amarelo.net\/verdeamarelo\/2023\/04\/alex-seid-chega-a-interlagos-em-busca-da-primeira-vitoria-na-temporada-2023-da-nascar-brasil-sprint-race\/","title":{"rendered":"Alex Seid chega a Interlagos em busca da primeira vit\u00f3ria na temporada 2023 da NASCAR Brasil Sprint Race"},"content":{"rendered":"<p>&nbsp;<\/p>\n<p style=\"font-size: 12pt; text-align: center;\"><i>Piloto teve jornada de recupera\u00e7\u00e3o em Goi\u00e2nia e ocupa o top10 na classifica\u00e7\u00e3o do campeonato<\/i><\/p>\n<p>&nbsp;<\/p>\n<p>Neste fim de semana Alex Seid disputa a segunda etapa da NASCAR Brasil Sprint Race, em Interlagos. O piloto do carro #88 chega a Interlagos em busca do primeiro triunfo da temporada ap\u00f3s jornada de recupera\u00e7\u00e3o em Goi\u00e2nia.<\/p>&nbsp;&nbsp;\n<p><a href=\"https:\/\/imagens.pressmanager.net\/download?foto_id=4223239&amp;release_id=487475&amp;contato_id=%%CONTATO_ID%%&amp;did=1014407135&amp;envio_id=1383532&amp;hash=8bccfc1d5dea27feee32922518e356d2\"><img decoding=\"async\" src=\"data:image\/gif;base64,R0lGODlhAQABAIAAAAAAAP\/\/\/ywAAAAAAQABAAACAUwAOw==\" fifu-lazy=\"1\" fifu-data-sizes=\"auto\" fifu-data-srcset=\"https:\/\/i1.wp.com\/files.pressmanager.net\/clientes\/b231cbcb75a52a5f2646d97eb25dc12f\/imagens\/2023\/04\/25\/c29a3fc72be358ec138ff8410ac55792_small.jpg?ssl=1&w=75&resize=75&ssl=1 75w, https:\/\/i1.wp.com\/files.pressmanager.net\/clientes\/b231cbcb75a52a5f2646d97eb25dc12f\/imagens\/2023\/04\/25\/c29a3fc72be358ec138ff8410ac55792_small.jpg?ssl=1&w=100&resize=100&ssl=1 100w, https:\/\/i1.wp.com\/files.pressmanager.net\/clientes\/b231cbcb75a52a5f2646d97eb25dc12f\/imagens\/2023\/04\/25\/c29a3fc72be358ec138ff8410ac55792_small.jpg?ssl=1&w=150&resize=150&ssl=1 150w, https:\/\/i1.wp.com\/files.pressmanager.net\/clientes\/b231cbcb75a52a5f2646d97eb25dc12f\/imagens\/2023\/04\/25\/c29a3fc72be358ec138ff8410ac55792_small.jpg?ssl=1&w=240&resize=240&ssl=1 240w, https:\/\/i1.wp.com\/files.pressmanager.net\/clientes\/b231cbcb75a52a5f2646d97eb25dc12f\/imagens\/2023\/04\/25\/c29a3fc72be358ec138ff8410ac55792_small.jpg?ssl=1&w=320&resize=320&ssl=1 320w, https:\/\/i1.wp.com\/files.pressmanager.net\/clientes\/b231cbcb75a52a5f2646d97eb25dc12f\/imagens\/2023\/04\/25\/c29a3fc72be358ec138ff8410ac55792_small.jpg?ssl=1&w=500&resize=500&ssl=1 500w, https:\/\/i1.wp.com\/files.pressmanager.net\/clientes\/b231cbcb75a52a5f2646d97eb25dc12f\/imagens\/2023\/04\/25\/c29a3fc72be358ec138ff8410ac55792_small.jpg?ssl=1&w=640&resize=640&ssl=1 640w, https:\/\/i1.wp.com\/files.pressmanager.net\/clientes\/b231cbcb75a52a5f2646d97eb25dc12f\/imagens\/2023\/04\/25\/c29a3fc72be358ec138ff8410ac55792_small.jpg?ssl=1&w=800&resize=800&ssl=1 800w, https:\/\/i1.wp.com\/files.pressmanager.net\/clientes\/b231cbcb75a52a5f2646d97eb25dc12f\/imagens\/2023\/04\/25\/c29a3fc72be358ec138ff8410ac55792_small.jpg?ssl=1&w=1024&resize=1024&ssl=1 1024w, https:\/\/i1.wp.com\/files.pressmanager.net\/clientes\/b231cbcb75a52a5f2646d97eb25dc12f\/imagens\/2023\/04\/25\/c29a3fc72be358ec138ff8410ac55792_small.jpg?ssl=1&w=1280&resize=1280&ssl=1 1280w, https:\/\/i1.wp.com\/files.pressmanager.net\/clientes\/b231cbcb75a52a5f2646d97eb25dc12f\/imagens\/2023\/04\/25\/c29a3fc72be358ec138ff8410ac55792_small.jpg?ssl=1&w=1600&resize=1600&ssl=1 1600w\" fifu-data-src=\"https:\/\/i1.wp.com\/files.pressmanager.net\/clientes\/b231cbcb75a52a5f2646d97eb25dc12f\/imagens\/2023\/04\/25\/c29a3fc72be358ec138ff8410ac55792_small.jpg?ssl=1\" border=\"0\" vspace=\"2\" \/><\/a><\/p>\n<p>Na etapa inaugural, disputada em mar\u00e7o, Seid que faz dupla com Beto Monteiro conquistou um \u00f3timo quinto lugar na corrida 1 da classe PRO, partindo do 17\u00ba lugar do grid ap\u00f3s enfrentar problemas na qualificat\u00f3ria. Monteiro que largou em 11\u00ba na segunda prova foi o quarto na classe.<\/p>&nbsp;&nbsp;\n<p>Interlagos \u00e9 uma pista que traz \u00f3timas lembran\u00e7as para Alex Seid, o piloto acumula sete vit\u00f3rias na capital paulista, duas delas correndo pela NASCAR Brasil Sprint Race.<\/p>&nbsp;&nbsp;\n<p>Os demais triunfos do campe\u00e3o da classe ProAm de 2020 foram pela F\u00f3rmula Inter e pela F\u00f3rmula Delta. Por isso a expectativa \u00e9 de um bom resultado neste fim de semana.<\/p>&nbsp;&nbsp;\n<p>A dupla do carro #88 ocupa o 10\u00ba lugar na classifica\u00e7\u00e3o geral do campeonato e a segunda etapa do ano pode al\u00e7ar a Seid e Monteiro para as primeiras posi\u00e7\u00f5es da tabela e para a disputa do t\u00edtulo da temporada.<\/p>&nbsp;&nbsp;\n<p>A etapa de Interlagos da NASCAR Brasil Sprint Race prev\u00ea classifica\u00e7\u00e3o no s\u00e1bado e duas corridas no domingo. A primeira prova ter\u00e1 transmiss\u00e3o ao vivo pelo canal do Youtube da categoria, High Speed Brasil e Motorsport.com.<\/p>&nbsp;&nbsp;\n<p>A segunda corrida ter\u00e1 transmiss\u00e3o pelos mesmos canais e pelo Bandsports.<\/p>&nbsp;&nbsp;\n<p>&nbsp;<\/p>\n<p><strong>O que ele disse:<\/strong><\/p>\n<p><strong>\u00a0<\/strong><\/p>\n<p>&#8220;Interlagos \u00e9 sempre uma das principais etapas de qualquer categoria nacional e aqui na NASCAR n\u00e3o \u00e9 diferente. \u00c9 uma pista que eu gosto muito e onde eu corro em casa. J\u00e1 tive 7 vit\u00f3rias aqui em 3 categorias diferentes, sendo 2 delas pela Nascar, ent\u00e3o a expectativa \u00e9 sempre alta quando corremos aqui e juntando com toda a experi\u00eancia que o Beto Monteiro traz, acredito que temos chances de \u00f3timos resultados neste final de semana&#8221;.<\/p>&nbsp;&nbsp;\n<p><strong>Alex Seid<\/strong><\/p>\n<p><strong>\u00a0<\/strong><\/p>\n<p><strong>Programa\u00e7\u00e3o da etapa:<\/strong><\/p>\n<p><strong>S\u00e1bado, 29 de abril<\/strong><\/p>\n<p>16h35 \u2013 Classifica\u00e7\u00e3o<\/p>\n<p>&nbsp;<\/p>\n<p><strong>Domingo, 30 de abril<\/strong><\/p>\n<p>08h30 \u2013 Corrida 1<\/p>\n<p>11h30 \u2013 Corrida 2<\/p>\n<p>&nbsp;<\/p>\n<p><strong>CONTATO:<\/strong><\/p>\n<p>Guto Mauad<\/p>\n<p>gutomauad@ferraripromo.com<\/p>\n<p>(15) 99109.0751<\/p>\n<p>&nbsp;<\/p>\n<p>&nbsp;<\/p>\n","protected":false},"excerpt":{"rendered":"<p>&nbsp; Piloto teve jornada de recupera\u00e7\u00e3o em Goi\u00e2nia e ocupa o top10 na classifica\u00e7\u00e3o do&#8230;<\/p>\n","protected":false},"author":1,"featured_media":0,"comment_status":"closed","ping_status":"closed","sticky":false,"template":"","format":"standard","meta":{"fifu_image_url":"","fifu_image_alt":"","footnotes":""},"categories":[727],"tags":[],"class_list":["post-66861","post","type-post","status-publish","format-standard","hentry","category-noticias","wpcat-727-id"],"_links":{"self":[{"href":"https:\/\/verde-amarelo.net\/verdeamarelo\/wp-json\/wp\/v2\/posts\/66861","targetHints":{"allow":["GET"]}}],"collection":[{"href":"https:\/\/verde-amarelo.net\/verdeamarelo\/wp-json\/wp\/v2\/posts"}],"about":[{"href":"https:\/\/verde-amarelo.net\/verdeamarelo\/wp-json\/wp\/v2\/types\/post"}],"author":[{"embeddable":true,"href":"https:\/\/verde-amarelo.net\/verdeamarelo\/wp-json\/wp\/v2\/users\/1"}],"replies":[{"embeddable":true,"href":"https:\/\/verde-amarelo.net\/verdeamarelo\/wp-json\/wp\/v2\/comments?post=66861"}],"version-history":[{"count":0,"href":"https:\/\/verde-amarelo.net\/verdeamarelo\/wp-json\/wp\/v2\/posts\/66861\/revisions"}],"wp:attachment":[{"href":"https:\/\/verde-amarelo.net\/verdeamarelo\/wp-json\/wp\/v2\/media?parent=66861"}],"wp:term":[{"taxonomy":"category","embeddable":true,"href":"https:\/\/verde-amarelo.net\/verdeamarelo\/wp-json\/wp\/v2\/categories?post=66861"},{"taxonomy":"post_tag","embeddable":true,"href":"https:\/\/verde-amarelo.net\/verdeamarelo\/wp-json\/wp\/v2\/tags?post=66861"}],"curies":[{"name":"wp","href":"https:\/\/api.w.org\/{rel}","templated":true}]}}