{"id":66880,"date":"2023-04-25T12:57:23","date_gmt":"2023-04-25T15:57:23","guid":{"rendered":"https:\/\/verde-amarelo.net\/verdeamarelo\/?p=66880"},"modified":"2023-04-25T21:59:48","modified_gmt":"2023-04-26T00:59:48","slug":"brasil-acolhe-mais-de-94-mil-pessoas-indigenas-refugiadas-e-migrantes","status":"publish","type":"post","link":"https:\/\/verde-amarelo.net\/verdeamarelo\/2023\/04\/brasil-acolhe-mais-de-94-mil-pessoas-indigenas-refugiadas-e-migrantes\/","title":{"rendered":"Brasil acolhe mais de 9,4 mil pessoas ind\u00edgenas refugiadas e migrantes"},"content":{"rendered":"<div class=\"postie-post\">\n<p>&nbsp;<\/p>\n<div style=\"font-family: Arial; font-size: 10pt;\">\n<p><img decoding=\"async\" src=\"data:image\/gif;base64,R0lGODlhAQABAIAAAAAAAP\/\/\/ywAAAAAAQABAAACAUwAOw==\" fifu-lazy=\"1\" fifu-data-sizes=\"auto\" fifu-data-srcset=\"https:\/\/i2.wp.com\/files.pressmanager.net\/clientes\/049ce7fd2a8715adc15deb1f60d157af\/imagens\/2020\/12\/18\/193678bf8fe0cc9ee743efe1245da9da.png?ssl=1&w=75&resize=75&ssl=1 75w, https:\/\/i2.wp.com\/files.pressmanager.net\/clientes\/049ce7fd2a8715adc15deb1f60d157af\/imagens\/2020\/12\/18\/193678bf8fe0cc9ee743efe1245da9da.png?ssl=1&w=100&resize=100&ssl=1 100w, https:\/\/i2.wp.com\/files.pressmanager.net\/clientes\/049ce7fd2a8715adc15deb1f60d157af\/imagens\/2020\/12\/18\/193678bf8fe0cc9ee743efe1245da9da.png?ssl=1&w=150&resize=150&ssl=1 150w, https:\/\/i2.wp.com\/files.pressmanager.net\/clientes\/049ce7fd2a8715adc15deb1f60d157af\/imagens\/2020\/12\/18\/193678bf8fe0cc9ee743efe1245da9da.png?ssl=1&w=240&resize=240&ssl=1 240w, https:\/\/i2.wp.com\/files.pressmanager.net\/clientes\/049ce7fd2a8715adc15deb1f60d157af\/imagens\/2020\/12\/18\/193678bf8fe0cc9ee743efe1245da9da.png?ssl=1&w=320&resize=320&ssl=1 320w, https:\/\/i2.wp.com\/files.pressmanager.net\/clientes\/049ce7fd2a8715adc15deb1f60d157af\/imagens\/2020\/12\/18\/193678bf8fe0cc9ee743efe1245da9da.png?ssl=1&w=500&resize=500&ssl=1 500w, https:\/\/i2.wp.com\/files.pressmanager.net\/clientes\/049ce7fd2a8715adc15deb1f60d157af\/imagens\/2020\/12\/18\/193678bf8fe0cc9ee743efe1245da9da.png?ssl=1&w=640&resize=640&ssl=1 640w, https:\/\/i2.wp.com\/files.pressmanager.net\/clientes\/049ce7fd2a8715adc15deb1f60d157af\/imagens\/2020\/12\/18\/193678bf8fe0cc9ee743efe1245da9da.png?ssl=1&w=800&resize=800&ssl=1 800w, https:\/\/i2.wp.com\/files.pressmanager.net\/clientes\/049ce7fd2a8715adc15deb1f60d157af\/imagens\/2020\/12\/18\/193678bf8fe0cc9ee743efe1245da9da.png?ssl=1&w=1024&resize=1024&ssl=1 1024w, https:\/\/i2.wp.com\/files.pressmanager.net\/clientes\/049ce7fd2a8715adc15deb1f60d157af\/imagens\/2020\/12\/18\/193678bf8fe0cc9ee743efe1245da9da.png?ssl=1&w=1280&resize=1280&ssl=1 1280w, https:\/\/i2.wp.com\/files.pressmanager.net\/clientes\/049ce7fd2a8715adc15deb1f60d157af\/imagens\/2020\/12\/18\/193678bf8fe0cc9ee743efe1245da9da.png?ssl=1&w=1600&resize=1600&ssl=1 1600w\" fifu-data-src=\"https:\/\/i2.wp.com\/files.pressmanager.net\/clientes\/049ce7fd2a8715adc15deb1f60d157af\/imagens\/2020\/12\/18\/193678bf8fe0cc9ee743efe1245da9da.png?ssl=1\" alt=\"ACNUR - Ag\u00eancia da ONU para Refugiados\" \/><\/p>\n<div style=\"text-align: left;\">\n<p style=\"font-size: 14pt; font-weight: bold; text-align: center;\">\n<p style=\"font-size: 12pt; text-align: center;\"><i>Cinco etnias oriundas da Venezuela somam o contingente de pessoas ind\u00edgenas no Brasil, cujos dados e informa\u00e7\u00f5es de perfil podem ser conferidos no Painel de Perfil Populacional Ind\u00edgena do ACNUR<\/i><\/p>\n<div style=\"text-align: justify; font-size: 11pt;\">\n<p>\u00a0Dados coletados pela Ag\u00eancia da ONU para Refugiados (ACNUR), Comit\u00ea Nacional para os Refugiados (Conare) e Minist\u00e9rio do Desenvolvimento e Assist\u00eancia Social, Fam\u00edlia e Combate \u00e0 Fome indicam que a popula\u00e7\u00e3o ind\u00edgena refugiada e migrante no Brasil \u00e9 formada por 9.474 pessoas de 3.402 grupos familiares.<\/p>&nbsp;&nbsp;\n<p>Em termos num\u00e9ricos, a etnia mais expressiva \u00e9 a Warao (67%), seguida dos P\u00e9mon (28%), E&#8217;\u00f1ep\u00e1 (2%), Kari\u00f1a (2%) e Way\u00fau (1%), todas oriundas da Venezuela.<\/p>&nbsp;&nbsp;\n<p><img decoding=\"async\" src=\"data:image\/gif;base64,R0lGODlhAQABAIAAAAAAAP\/\/\/ywAAAAAAQABAAACAUwAOw==\" fifu-lazy=\"1\" fifu-data-sizes=\"auto\" fifu-data-srcset=\"https:\/\/i1.wp.com\/files.pressmanager.net\/clientes\/049ce7fd2a8715adc15deb1f60d157af\/imagens\/2023\/04\/25\/7a89766ace75afe3937b31078da68e6c_medium.jpg?ssl=1&w=75&resize=75&ssl=1 75w, https:\/\/i1.wp.com\/files.pressmanager.net\/clientes\/049ce7fd2a8715adc15deb1f60d157af\/imagens\/2023\/04\/25\/7a89766ace75afe3937b31078da68e6c_medium.jpg?ssl=1&w=100&resize=100&ssl=1 100w, https:\/\/i1.wp.com\/files.pressmanager.net\/clientes\/049ce7fd2a8715adc15deb1f60d157af\/imagens\/2023\/04\/25\/7a89766ace75afe3937b31078da68e6c_medium.jpg?ssl=1&w=150&resize=150&ssl=1 150w, https:\/\/i1.wp.com\/files.pressmanager.net\/clientes\/049ce7fd2a8715adc15deb1f60d157af\/imagens\/2023\/04\/25\/7a89766ace75afe3937b31078da68e6c_medium.jpg?ssl=1&w=240&resize=240&ssl=1 240w, https:\/\/i1.wp.com\/files.pressmanager.net\/clientes\/049ce7fd2a8715adc15deb1f60d157af\/imagens\/2023\/04\/25\/7a89766ace75afe3937b31078da68e6c_medium.jpg?ssl=1&w=320&resize=320&ssl=1 320w, https:\/\/i1.wp.com\/files.pressmanager.net\/clientes\/049ce7fd2a8715adc15deb1f60d157af\/imagens\/2023\/04\/25\/7a89766ace75afe3937b31078da68e6c_medium.jpg?ssl=1&w=500&resize=500&ssl=1 500w, https:\/\/i1.wp.com\/files.pressmanager.net\/clientes\/049ce7fd2a8715adc15deb1f60d157af\/imagens\/2023\/04\/25\/7a89766ace75afe3937b31078da68e6c_medium.jpg?ssl=1&w=640&resize=640&ssl=1 640w, https:\/\/i1.wp.com\/files.pressmanager.net\/clientes\/049ce7fd2a8715adc15deb1f60d157af\/imagens\/2023\/04\/25\/7a89766ace75afe3937b31078da68e6c_medium.jpg?ssl=1&w=800&resize=800&ssl=1 800w, https:\/\/i1.wp.com\/files.pressmanager.net\/clientes\/049ce7fd2a8715adc15deb1f60d157af\/imagens\/2023\/04\/25\/7a89766ace75afe3937b31078da68e6c_medium.jpg?ssl=1&w=1024&resize=1024&ssl=1 1024w, https:\/\/i1.wp.com\/files.pressmanager.net\/clientes\/049ce7fd2a8715adc15deb1f60d157af\/imagens\/2023\/04\/25\/7a89766ace75afe3937b31078da68e6c_medium.jpg?ssl=1&w=1280&resize=1280&ssl=1 1280w, https:\/\/i1.wp.com\/files.pressmanager.net\/clientes\/049ce7fd2a8715adc15deb1f60d157af\/imagens\/2023\/04\/25\/7a89766ace75afe3937b31078da68e6c_medium.jpg?ssl=1&w=1600&resize=1600&ssl=1 1600w\" fifu-data-src=\"https:\/\/i1.wp.com\/files.pressmanager.net\/clientes\/049ce7fd2a8715adc15deb1f60d157af\/imagens\/2023\/04\/25\/7a89766ace75afe3937b31078da68e6c_medium.jpg?ssl=1\" alt=\"\" width=\"300\" height=\"200\" align=\"left\" hspace=\"10\" vspace=\"10\" \/>Gard\u00eania \u00e9 uma dessas pessoas. Da etnia Warao, ela teve que deixar o povoado em que vivia em 2019, deslocamento ocasionado pela invas\u00e3o externa a seus territ\u00f3rios e outras dificuldades adicionais para o sustento de suas vidas. Desde ent\u00e3o, passou com a fam\u00edlia por Boa Vista (RR) e Manaus (AM), tendo se estabelecido na comunidade <em>Warao Janoko<\/em>, ou &#8220;Casa dos Warao&#8221; em portugu\u00eas, localizada em Bel\u00e9m (PA).<\/p>&nbsp;&nbsp;\n<p>Quando chegou ao Brasil, Gard\u00eania n\u00e3o acreditava que poderia acessar direitos como sa\u00fade, educa\u00e7\u00e3o, trabalho e moradia, por ter nascido em outro pa\u00eds. O pensamento mudou depois de capacita\u00e7\u00f5es oferecidas pelo ACNUR e parceiros em Bel\u00e9m. &#8220;Hoje, sinto-me uma mulher que pode requerer seus direitos, questionar e dar conselhos a outras pessoas&#8221;, relata. Gard\u00eania integra o <a href=\"https:\/\/www.acnur.org\/portugues\/2022\/12\/29\/protecao-de-base-comunitaria-incentiva-autonomia-de-indigenas-warao-no-para\/\" target=\"_blank\" rel=\"noopener\">Conselho Warao Ojiduna<\/a>, organiza\u00e7\u00e3o criada pelos ind\u00edgenas refugiados e migrantes no Par\u00e1 com o objetivo de uni-los e represent\u00e1-los na busca por participa\u00e7\u00e3o e direitos. Estima-se que 1.300 pessoas ind\u00edgenas da etnia Warao, oriundos da Venezuela, vivam atualmente no Estado, majoritariamente nos munic\u00edpios de Bel\u00e9m e Ananindeua.<\/p>&nbsp;&nbsp;\n<p>O sonho de Gard\u00eania \u00e9 proporcionar espa\u00e7os culturais, de sa\u00fade e educa\u00e7\u00e3o para seus irm\u00e3os Warao no Brasil. &#8220;Admiro muito a luta dos ind\u00edgenas brasileiros, e como lideran\u00e7a espero que muitas outras pessoas tenham essa mesma atitude e for\u00e7a para dialogar e levantar sua voz, falando pelos direitos de todos, crian\u00e7as, adolescentes, idosos&#8221;, diz.<\/p>&nbsp;&nbsp;\n<p><strong>Painel de Perfil Populacional<\/strong><\/p>\n<p>De acordo com os dados do <a href=\"https:\/\/app.powerbi.com\/view?r=eyJrIjoiMjlmNzdiODctYjMwZC00NjkzLWI0YzctY2VmZDdjYzJmMDQxIiwidCI6ImU1YzM3OTgxLTY2NjQtNDEzNC04YTBjLTY1NDNkMmFmODBiZSIsImMiOjh9\" target=\"_blank\" rel=\"noopener\">Painel de Perfil Populacional Ind\u00edgena do ACNUR<\/a>, cerca de 37% (4.220) da popula\u00e7\u00e3o ind\u00edgena refugiada e migrante no Brasil tem necessidades espec\u00edficas de prote\u00e7\u00e3o, e 47% (4.465) s\u00e3o crian\u00e7as e adolescentes entre 0 e 17 anos. Da popula\u00e7\u00e3o total de ind\u00edgenas venezuelanos, 3.814 est\u00e3o inclu\u00eddos no Cad\u00danico do governo federal, que permite identificar e dar visibilidade \u00e0s fam\u00edlias em situa\u00e7\u00e3o de vulnerabilidade social. H\u00e1 fam\u00edlias em todas as regi\u00f5es do pa\u00eds, sendo que a maioria reside no Norte e Nordeste.<\/p>&nbsp;&nbsp;\n<p>No Brasil, o ACNUR atua na prote\u00e7\u00e3o da popula\u00e7\u00e3o ind\u00edgena refugiada e migrante e tem oferecido uma resposta adaptada \u00e0s particularidades \u00e9tnicas e culturais desta popula\u00e7\u00e3o. &#8220;A partir da experi\u00eancia das opera\u00e7\u00f5es de campo, interlocu\u00e7\u00e3o com a popula\u00e7\u00e3o ind\u00edgena, universidades, gestores p\u00fablicos e organiza\u00e7\u00f5es parceiras, o ACNUR trabalha para garantir que essa popula\u00e7\u00e3o tenha acesso a seus direitos no Brasil, tendo em conta sua identidade, cultura e autodetermina\u00e7\u00e3o&#8221;, explica o Oficial Associado de Prote\u00e7\u00e3o do ACNUR Pablo Mattos.<\/p>&nbsp;&nbsp;\n<p>Entre os servi\u00e7os ofertados pelo ACNUR \u00e0 popula\u00e7\u00e3o ind\u00edgena refugiada e migrante est\u00e3o abrigos adaptados \u00e0s necessidades culturais, como cozinhas comunit\u00e1rias, espa\u00e7os para promo\u00e7\u00e3o cultural, entrega de kits de higiene e de limpeza, mobiliza\u00e7\u00e3o com autoridades locais para capacitar equipes de atendimento, apoio no acesso \u00e0 documenta\u00e7\u00e3o, no desenvolvimento de artesanato a n\u00edvel nacional, al\u00e9m de produ\u00e7\u00e3o de materiais multil\u00edngues com enfoque intercultural no atendimento das comunidades.<\/p>&nbsp;&nbsp;\n<p>Nesta semana, o ACNUR apoia a participa\u00e7\u00e3o de 10 ind\u00edgenas refugiados e migrantes, das etnias Warao, P\u00e9mon-Taurepang e E&#8217;\u00f1ep\u00e1, no Acampamento Terra Livre (ATL), em Bras\u00edlia, um dos eventos mais importantes do movimento ind\u00edgena brasileiro.<\/p>&nbsp;&nbsp;\n<p>As diferentes etnias ind\u00edgenas refugiadas no Brasil est\u00e3o descritas em uma <a href=\"https:\/\/www.acnur.org\/portugues\/etnias-indigenas\/\" target=\"_blank\" rel=\"noopener\">p\u00e1gina especial<\/a> do ACNUR Brasil. Complementarmente, uma s\u00e9rie de <a href=\"https:\/\/www.youtube.com\/playlist?list=PLj7uhvBH1_qvXg6SiLPsToe6oP9vep9q0\" target=\"_blank\" rel=\"noopener\">cinco epis\u00f3dios apresenta a cultura imaterial Warao,<\/a>\u00a0refor\u00e7ando os diferentes saberes e conhecimentos que as popula\u00e7\u00f5es ind\u00edgenas agregam para diversificar ainda mais a sociedade brasileira.<\/p>&nbsp;&nbsp;\n<p>A aten\u00e7\u00e3o do ACNUR aos povos ind\u00edgenas refugiados e migrantes dialoga com os Objetivos de Desenvolvimento Sustent\u00e1vel das Na\u00e7\u00f5es Unidas, em especial sob os recortes da erradica\u00e7\u00e3o da pobreza em todas as formas e em todos os lugares (ODS #1); da garantia de acesso \u00e0 educa\u00e7\u00e3o inclusiva, de qualidade e equitativa, promovendo oportunidades de aprendizagem ao longo da vida para todas as pessoas (ODS #4); e da redu\u00e7\u00e3o das desigualdades (ODS #10).<\/p>&nbsp;&nbsp;\n<\/div>\n<\/div>\n<p>&nbsp;<\/p>\n<\/div>\n<p>&nbsp;<\/p>\n<\/div>\n","protected":false},"excerpt":{"rendered":"<p>&nbsp; Cinco etnias oriundas da Venezuela somam o contingente de pessoas ind\u00edgenas no Brasil, cujos&#8230;<\/p>\n","protected":false},"author":1,"featured_media":0,"comment_status":"closed","ping_status":"closed","sticky":false,"template":"","format":"standard","meta":{"fifu_image_url":"","fifu_image_alt":"","footnotes":""},"categories":[727,8697],"tags":[],"class_list":["post-66880","post","type-post","status-publish","format-standard","hentry","category-noticias","category-sociedade","wpcat-727-id","wpcat-8697-id"],"_links":{"self":[{"href":"https:\/\/verde-amarelo.net\/verdeamarelo\/wp-json\/wp\/v2\/posts\/66880","targetHints":{"allow":["GET"]}}],"collection":[{"href":"https:\/\/verde-amarelo.net\/verdeamarelo\/wp-json\/wp\/v2\/posts"}],"about":[{"href":"https:\/\/verde-amarelo.net\/verdeamarelo\/wp-json\/wp\/v2\/types\/post"}],"author":[{"embeddable":true,"href":"https:\/\/verde-amarelo.net\/verdeamarelo\/wp-json\/wp\/v2\/users\/1"}],"replies":[{"embeddable":true,"href":"https:\/\/verde-amarelo.net\/verdeamarelo\/wp-json\/wp\/v2\/comments?post=66880"}],"version-history":[{"count":0,"href":"https:\/\/verde-amarelo.net\/verdeamarelo\/wp-json\/wp\/v2\/posts\/66880\/revisions"}],"wp:attachment":[{"href":"https:\/\/verde-amarelo.net\/verdeamarelo\/wp-json\/wp\/v2\/media?parent=66880"}],"wp:term":[{"taxonomy":"category","embeddable":true,"href":"https:\/\/verde-amarelo.net\/verdeamarelo\/wp-json\/wp\/v2\/categories?post=66880"},{"taxonomy":"post_tag","embeddable":true,"href":"https:\/\/verde-amarelo.net\/verdeamarelo\/wp-json\/wp\/v2\/tags?post=66880"}],"curies":[{"name":"wp","href":"https:\/\/api.w.org\/{rel}","templated":true}]}}