{"id":66881,"date":"2023-04-25T13:01:28","date_gmt":"2023-04-25T16:01:28","guid":{"rendered":"https:\/\/verde-amarelo.net\/verdeamarelo\/?p=66881"},"modified":"2023-04-25T21:58:53","modified_gmt":"2023-04-26T00:58:53","slug":"home-office-vai-acabar-pesquisa-fonte","status":"publish","type":"post","link":"https:\/\/verde-amarelo.net\/verdeamarelo\/2023\/04\/home-office-vai-acabar-pesquisa-fonte\/","title":{"rendered":"Home office vai acabar?"},"content":{"rendered":"<div class=\"postie-post\">\n<div style=\"font-family: Arial; font-size: 10pt;\">\n<div style=\"text-align: left;\">\n<p style=\"font-size: 14pt; font-weight: bold; text-align: center;\">Como utilizar os recursos dispon\u00edveis para transformar adversidades em oportunidades?<\/p>\n<p style=\"font-size: 12pt; text-align: center;\"><i>No livro &#8220;(Auto)lideran\u00e7a Antifr\u00e1gil&#8221;, gestor de projetos Victor de Almeida Moreira orienta leitor a ser um profissional criativo, \u00e0 prova de procrastina\u00e7\u00e3o e falta de responsabilidade<\/i><\/p>\n<div style=\"text-align: justify; font-size: 11pt;\">\n<p style=\"text-align: justify;\"><img decoding=\"async\" src=\"data:image\/gif;base64,R0lGODlhAQABAIAAAAAAAP\/\/\/ywAAAAAAQABAAACAUwAOw==\" fifu-lazy=\"1\" fifu-data-sizes=\"auto\" fifu-data-srcset=\"https:\/\/i3.wp.com\/files.pressmanager.net\/clientes\/64a8e8d576d3505a7823819ae1fa6eb7\/imagens\/2023\/04\/18\/ba6f92fed2db6d70fd4379b9195992bf_medium.jpg?ssl=1&w=75&resize=75&ssl=1 75w, https:\/\/i3.wp.com\/files.pressmanager.net\/clientes\/64a8e8d576d3505a7823819ae1fa6eb7\/imagens\/2023\/04\/18\/ba6f92fed2db6d70fd4379b9195992bf_medium.jpg?ssl=1&w=100&resize=100&ssl=1 100w, https:\/\/i3.wp.com\/files.pressmanager.net\/clientes\/64a8e8d576d3505a7823819ae1fa6eb7\/imagens\/2023\/04\/18\/ba6f92fed2db6d70fd4379b9195992bf_medium.jpg?ssl=1&w=150&resize=150&ssl=1 150w, https:\/\/i3.wp.com\/files.pressmanager.net\/clientes\/64a8e8d576d3505a7823819ae1fa6eb7\/imagens\/2023\/04\/18\/ba6f92fed2db6d70fd4379b9195992bf_medium.jpg?ssl=1&w=240&resize=240&ssl=1 240w, https:\/\/i3.wp.com\/files.pressmanager.net\/clientes\/64a8e8d576d3505a7823819ae1fa6eb7\/imagens\/2023\/04\/18\/ba6f92fed2db6d70fd4379b9195992bf_medium.jpg?ssl=1&w=320&resize=320&ssl=1 320w, https:\/\/i3.wp.com\/files.pressmanager.net\/clientes\/64a8e8d576d3505a7823819ae1fa6eb7\/imagens\/2023\/04\/18\/ba6f92fed2db6d70fd4379b9195992bf_medium.jpg?ssl=1&w=500&resize=500&ssl=1 500w, https:\/\/i3.wp.com\/files.pressmanager.net\/clientes\/64a8e8d576d3505a7823819ae1fa6eb7\/imagens\/2023\/04\/18\/ba6f92fed2db6d70fd4379b9195992bf_medium.jpg?ssl=1&w=640&resize=640&ssl=1 640w, https:\/\/i3.wp.com\/files.pressmanager.net\/clientes\/64a8e8d576d3505a7823819ae1fa6eb7\/imagens\/2023\/04\/18\/ba6f92fed2db6d70fd4379b9195992bf_medium.jpg?ssl=1&w=800&resize=800&ssl=1 800w, https:\/\/i3.wp.com\/files.pressmanager.net\/clientes\/64a8e8d576d3505a7823819ae1fa6eb7\/imagens\/2023\/04\/18\/ba6f92fed2db6d70fd4379b9195992bf_medium.jpg?ssl=1&w=1024&resize=1024&ssl=1 1024w, https:\/\/i3.wp.com\/files.pressmanager.net\/clientes\/64a8e8d576d3505a7823819ae1fa6eb7\/imagens\/2023\/04\/18\/ba6f92fed2db6d70fd4379b9195992bf_medium.jpg?ssl=1&w=1280&resize=1280&ssl=1 1280w, https:\/\/i3.wp.com\/files.pressmanager.net\/clientes\/64a8e8d576d3505a7823819ae1fa6eb7\/imagens\/2023\/04\/18\/ba6f92fed2db6d70fd4379b9195992bf_medium.jpg?ssl=1&w=1600&resize=1600&ssl=1 1600w\" fifu-data-src=\"https:\/\/i3.wp.com\/files.pressmanager.net\/clientes\/64a8e8d576d3505a7823819ae1fa6eb7\/imagens\/2023\/04\/18\/ba6f92fed2db6d70fd4379b9195992bf_medium.jpg?ssl=1\" alt=\"\" width=\"133\" height=\"200\" align=\"left\" hspace=\"10\" vspace=\"10\" \/>Mesmo quando se sabe onde quer chegar e os resultados que deseja alcan\u00e7ar, pode ser dif\u00edcil estruturar uma jornada real para atingir os pr\u00f3prios objetivos. Foi pensando nisso que o gestor de projetos <strong>Victor de Almeida Moreira<\/strong> desenvolveu um conceito <strong><em>(Auto)lideran\u00e7a Antifr\u00e1gil<\/em><\/strong>, que intitula seu primeiro livro.<\/p>&nbsp;&nbsp;\n<p style=\"text-align: justify;\">Publicada pela Editora Gente, a obra \u00e9 ancorada na metodologia dos 5 A&#8217;s &#8211; autoconsci\u00eancia, autorreflex\u00e3o, autorresponsabilidade, autoigni\u00e7\u00e3o e autorregula\u00e7\u00e3o. Moreira dedica um cap\u00edtulo a cada defini\u00e7\u00e3o que, juntas, criam um roteiro execut\u00e1vel para tirar do mundo das ideias qualquer objetivo, seja ele pessoal ou profissional.<\/p>&nbsp;&nbsp;\n<p style=\"text-align: right;\"><em>O grande fil\u00f3sofo chin\u00eas Conf\u00facio, comparando a vida humana a uma embarca\u00e7\u00e3o em alto-mar,<br \/>\nensinou que, embora n\u00e3o possamos alterar a dire\u00e7\u00e3o dos ventos, temos total controle do posicionamento das velas.<br \/>\nEssa foi uma das li\u00e7\u00f5es mais presentes em minha vida, quando aprendi que \u00e9 poss\u00edvel ser criativo ao reposicionar as velas do pr\u00f3prio barco [&#8230;].<br \/>\nEssa \u00e9 justamente a ideia da antifragilidade.<br \/>\n<\/em><strong>(Auto)lideran\u00e7a Antifr\u00e1gil, pg. 68 \u2013 69)<\/strong><\/p>\n<p style=\"text-align: justify;\">Obst\u00e1culos como o vento em alto-mar sempre v\u00e3o existir e, assim como os navegantes descobriram maneiras de enfrentar tal adversidade, cada pessoa, ao conhecer a si mesma, poder\u00e1 gerar solu\u00e7\u00f5es cab\u00edveis de acordo com a situa\u00e7\u00e3o. Segundo o autor, um dos segredos para alcan\u00e7ar o sucesso \u00e9 const\u00e2ncia. &#8220;Fazer pouco, mas fazer sempre, pode gerar grandes resultados a longo prazo&#8221;, enfatiza.<\/p>&nbsp;&nbsp;\n<p style=\"text-align: justify;\">Formado em Engenharia de Produ\u00e7\u00e3o, <strong>Victor de Almeida Moreira<\/strong> atua como gestor de projetos na MRN, onde lidera o departamento de aquisi\u00e7\u00e3o e estrat\u00e9gias. Ao longa da carreira, construiu uma s\u00f3lida experi\u00eancia na lideran\u00e7a de equipes multidisciplinares e gerenciamento de projetos em empresas como Vale, Deloitte e Anglo American.<\/p>&nbsp;&nbsp;\n<p style=\"text-align: justify;\"><strong><img decoding=\"async\" src=\"data:image\/gif;base64,R0lGODlhAQABAIAAAAAAAP\/\/\/ywAAAAAAQABAAACAUwAOw==\" fifu-lazy=\"1\" fifu-data-sizes=\"auto\" fifu-data-srcset=\"https:\/\/i2.wp.com\/files.pressmanager.net\/clientes\/64a8e8d576d3505a7823819ae1fa6eb7\/imagens\/2023\/03\/21\/b806b665a940b176fc991494ac550cb4_medium.jpg?ssl=1&w=75&resize=75&ssl=1 75w, https:\/\/i2.wp.com\/files.pressmanager.net\/clientes\/64a8e8d576d3505a7823819ae1fa6eb7\/imagens\/2023\/03\/21\/b806b665a940b176fc991494ac550cb4_medium.jpg?ssl=1&w=100&resize=100&ssl=1 100w, https:\/\/i2.wp.com\/files.pressmanager.net\/clientes\/64a8e8d576d3505a7823819ae1fa6eb7\/imagens\/2023\/03\/21\/b806b665a940b176fc991494ac550cb4_medium.jpg?ssl=1&w=150&resize=150&ssl=1 150w, https:\/\/i2.wp.com\/files.pressmanager.net\/clientes\/64a8e8d576d3505a7823819ae1fa6eb7\/imagens\/2023\/03\/21\/b806b665a940b176fc991494ac550cb4_medium.jpg?ssl=1&w=240&resize=240&ssl=1 240w, https:\/\/i2.wp.com\/files.pressmanager.net\/clientes\/64a8e8d576d3505a7823819ae1fa6eb7\/imagens\/2023\/03\/21\/b806b665a940b176fc991494ac550cb4_medium.jpg?ssl=1&w=320&resize=320&ssl=1 320w, https:\/\/i2.wp.com\/files.pressmanager.net\/clientes\/64a8e8d576d3505a7823819ae1fa6eb7\/imagens\/2023\/03\/21\/b806b665a940b176fc991494ac550cb4_medium.jpg?ssl=1&w=500&resize=500&ssl=1 500w, https:\/\/i2.wp.com\/files.pressmanager.net\/clientes\/64a8e8d576d3505a7823819ae1fa6eb7\/imagens\/2023\/03\/21\/b806b665a940b176fc991494ac550cb4_medium.jpg?ssl=1&w=640&resize=640&ssl=1 640w, https:\/\/i2.wp.com\/files.pressmanager.net\/clientes\/64a8e8d576d3505a7823819ae1fa6eb7\/imagens\/2023\/03\/21\/b806b665a940b176fc991494ac550cb4_medium.jpg?ssl=1&w=800&resize=800&ssl=1 800w, https:\/\/i2.wp.com\/files.pressmanager.net\/clientes\/64a8e8d576d3505a7823819ae1fa6eb7\/imagens\/2023\/03\/21\/b806b665a940b176fc991494ac550cb4_medium.jpg?ssl=1&w=1024&resize=1024&ssl=1 1024w, https:\/\/i2.wp.com\/files.pressmanager.net\/clientes\/64a8e8d576d3505a7823819ae1fa6eb7\/imagens\/2023\/03\/21\/b806b665a940b176fc991494ac550cb4_medium.jpg?ssl=1&w=1280&resize=1280&ssl=1 1280w, https:\/\/i2.wp.com\/files.pressmanager.net\/clientes\/64a8e8d576d3505a7823819ae1fa6eb7\/imagens\/2023\/03\/21\/b806b665a940b176fc991494ac550cb4_medium.jpg?ssl=1&w=1600&resize=1600&ssl=1 1600w\" fifu-data-src=\"https:\/\/i2.wp.com\/files.pressmanager.net\/clientes\/64a8e8d576d3505a7823819ae1fa6eb7\/imagens\/2023\/03\/21\/b806b665a940b176fc991494ac550cb4_medium.jpg?ssl=1\" alt=\"\" width=\"84\" height=\"123\" align=\"left\" hspace=\"10\" vspace=\"10\" \/>FICHA T\u00c9CNICA:<\/strong><br \/>\n<strong>T\u00edtulo:\u00a0<\/strong>(Auto)lideran\u00e7a Antifr\u00e1gil<br \/>\n<strong>Autor: <\/strong>Victor de Almeida Moreira<br \/>\n<strong>P\u00e1ginas:<\/strong>\u00a0192<br \/>\n<strong>ISBN:<\/strong>\u00a0978-65-88523-49-0<strong><br \/>\n<\/strong><strong>Formato:<\/strong>\u00a016 x 23 cm<br \/>\n<strong>Pre\u00e7o:\u00a0<\/strong>R$ 59,90<br \/>\n<strong>Link de venda:<\/strong> <a href=\"https:\/\/www.amazon.com.br\/Auto-lideran%C3%A7a-antifr%C3%A1gil-inesperado-obst%C3%A1culo\/dp\/6588523491\/ref=asc_df_6588523491\/?tag=googleshopp00-20&amp;linkCode=df0&amp;hvadid=379725089268&amp;hvpos=&amp;hvnetw=g&amp;hvrand=8715112037334364676&amp;hvpone=&amp;hvptwo=&amp;hvqmt=&amp;hvdev=c&amp;hvdvcmdl=&amp;hvlocint=&amp;hvlocphy=1031754&amp;hvtargid=pla-1677737822297&amp;psc=1\">Amazon<\/a><\/p>\n<p style=\"text-align: justify;\"><strong>Sobre o autor: <\/strong>Victor de Almeida Moreira \u00e9 engenheiro de produ\u00e7\u00e3o, com MBA em Engenharia de Custos e certifica\u00e7\u00f5es de Project Management Professional\u00ae (PMP) e Certified Cost Professional\u00ae (CCP). Hoje lidera o departamento de aquisi\u00e7\u00f5es estrat\u00e9gicas da MRN. Ao longo da carreira, construiu experi\u00eancia na lideran\u00e7a de equipes multidisciplinares, mentorias profissionais e desenvolvimento de pessoas e passou por grandes companhias como Vale, Deloitte e Anglo American.<\/p>&nbsp;&nbsp;\n<p style=\"text-align: justify;\"><strong>Redes sociais:<\/strong> <a href=\"https:\/\/www.instagram.com\/victoralmeidamoreira\/\">Instagram<\/a> | <a href=\"https:\/\/www.linkedin.com\/in\/victordealmeidamoreira\/\">LinkedIn<\/a> | <a href=\"https:\/\/autoliderancaantifragil.com.br\/\">Site<\/a><\/p>\n<\/div>\n<\/div>\n<p>&nbsp;<\/p>\n<p style=\"font-size: 12pt; font-weight: bold;\">\n<table style=\"background-color: white;\" border=\"0\">\n<tbody>\n<tr>\n<td style=\"font-family: Arial; font-size: 10pt; text-align: center;\"><a href=\"https:\/\/imagens.pressmanager.net\/download?foto_id=4223223&amp;release_id=487472&amp;contato_id=%%CONTATO_ID%%&amp;did=1014477939&amp;envio_id=1383534&amp;hash=bcee067b797750d299d9cd4060e09556\"><img decoding=\"async\" src=\"data:image\/gif;base64,R0lGODlhAQABAIAAAAAAAP\/\/\/ywAAAAAAQABAAACAUwAOw==\" fifu-lazy=\"1\" fifu-data-sizes=\"auto\" fifu-data-srcset=\"https:\/\/i3.wp.com\/files.pressmanager.net\/clientes\/64a8e8d576d3505a7823819ae1fa6eb7\/imagens\/2023\/04\/25\/2b35bd5e54d22ade154151c27fce9917_small.jpg?ssl=1&w=75&resize=75&ssl=1 75w, https:\/\/i3.wp.com\/files.pressmanager.net\/clientes\/64a8e8d576d3505a7823819ae1fa6eb7\/imagens\/2023\/04\/25\/2b35bd5e54d22ade154151c27fce9917_small.jpg?ssl=1&w=100&resize=100&ssl=1 100w, https:\/\/i3.wp.com\/files.pressmanager.net\/clientes\/64a8e8d576d3505a7823819ae1fa6eb7\/imagens\/2023\/04\/25\/2b35bd5e54d22ade154151c27fce9917_small.jpg?ssl=1&w=150&resize=150&ssl=1 150w, https:\/\/i3.wp.com\/files.pressmanager.net\/clientes\/64a8e8d576d3505a7823819ae1fa6eb7\/imagens\/2023\/04\/25\/2b35bd5e54d22ade154151c27fce9917_small.jpg?ssl=1&w=240&resize=240&ssl=1 240w, https:\/\/i3.wp.com\/files.pressmanager.net\/clientes\/64a8e8d576d3505a7823819ae1fa6eb7\/imagens\/2023\/04\/25\/2b35bd5e54d22ade154151c27fce9917_small.jpg?ssl=1&w=320&resize=320&ssl=1 320w, https:\/\/i3.wp.com\/files.pressmanager.net\/clientes\/64a8e8d576d3505a7823819ae1fa6eb7\/imagens\/2023\/04\/25\/2b35bd5e54d22ade154151c27fce9917_small.jpg?ssl=1&w=500&resize=500&ssl=1 500w, https:\/\/i3.wp.com\/files.pressmanager.net\/clientes\/64a8e8d576d3505a7823819ae1fa6eb7\/imagens\/2023\/04\/25\/2b35bd5e54d22ade154151c27fce9917_small.jpg?ssl=1&w=640&resize=640&ssl=1 640w, https:\/\/i3.wp.com\/files.pressmanager.net\/clientes\/64a8e8d576d3505a7823819ae1fa6eb7\/imagens\/2023\/04\/25\/2b35bd5e54d22ade154151c27fce9917_small.jpg?ssl=1&w=800&resize=800&ssl=1 800w, https:\/\/i3.wp.com\/files.pressmanager.net\/clientes\/64a8e8d576d3505a7823819ae1fa6eb7\/imagens\/2023\/04\/25\/2b35bd5e54d22ade154151c27fce9917_small.jpg?ssl=1&w=1024&resize=1024&ssl=1 1024w, https:\/\/i3.wp.com\/files.pressmanager.net\/clientes\/64a8e8d576d3505a7823819ae1fa6eb7\/imagens\/2023\/04\/25\/2b35bd5e54d22ade154151c27fce9917_small.jpg?ssl=1&w=1280&resize=1280&ssl=1 1280w, https:\/\/i3.wp.com\/files.pressmanager.net\/clientes\/64a8e8d576d3505a7823819ae1fa6eb7\/imagens\/2023\/04\/25\/2b35bd5e54d22ade154151c27fce9917_small.jpg?ssl=1&w=1600&resize=1600&ssl=1 1600w\" fifu-data-src=\"https:\/\/i3.wp.com\/files.pressmanager.net\/clientes\/64a8e8d576d3505a7823819ae1fa6eb7\/imagens\/2023\/04\/25\/2b35bd5e54d22ade154151c27fce9917_small.jpg?ssl=1\" border=\"0\" vspace=\"2\" \/><\/a><br \/>\n<i>Divulga\u00e7\u00e3o\/Victor de Almeida Moreira<\/i><\/td>\n<\/tr>\n<tr>\n<td style=\"font-family: Arial; font-size: 10pt; text-align: center;\"><a href=\"https:\/\/imagens.pressmanager.net\/download?foto_id=4223224&amp;release_id=487472&amp;contato_id=%%CONTATO_ID%%&amp;did=1014477939&amp;envio_id=1383534&amp;hash=bcee067b797750d299d9cd4060e09556\"><img decoding=\"async\" src=\"data:image\/gif;base64,R0lGODlhAQABAIAAAAAAAP\/\/\/ywAAAAAAQABAAACAUwAOw==\" fifu-lazy=\"1\" fifu-data-sizes=\"auto\" fifu-data-srcset=\"https:\/\/i1.wp.com\/files.pressmanager.net\/clientes\/64a8e8d576d3505a7823819ae1fa6eb7\/imagens\/2023\/04\/25\/95172e02a137722ef4928ee88466b2cd_small.jpg?ssl=1&w=75&resize=75&ssl=1 75w, https:\/\/i1.wp.com\/files.pressmanager.net\/clientes\/64a8e8d576d3505a7823819ae1fa6eb7\/imagens\/2023\/04\/25\/95172e02a137722ef4928ee88466b2cd_small.jpg?ssl=1&w=100&resize=100&ssl=1 100w, https:\/\/i1.wp.com\/files.pressmanager.net\/clientes\/64a8e8d576d3505a7823819ae1fa6eb7\/imagens\/2023\/04\/25\/95172e02a137722ef4928ee88466b2cd_small.jpg?ssl=1&w=150&resize=150&ssl=1 150w, https:\/\/i1.wp.com\/files.pressmanager.net\/clientes\/64a8e8d576d3505a7823819ae1fa6eb7\/imagens\/2023\/04\/25\/95172e02a137722ef4928ee88466b2cd_small.jpg?ssl=1&w=240&resize=240&ssl=1 240w, https:\/\/i1.wp.com\/files.pressmanager.net\/clientes\/64a8e8d576d3505a7823819ae1fa6eb7\/imagens\/2023\/04\/25\/95172e02a137722ef4928ee88466b2cd_small.jpg?ssl=1&w=320&resize=320&ssl=1 320w, https:\/\/i1.wp.com\/files.pressmanager.net\/clientes\/64a8e8d576d3505a7823819ae1fa6eb7\/imagens\/2023\/04\/25\/95172e02a137722ef4928ee88466b2cd_small.jpg?ssl=1&w=500&resize=500&ssl=1 500w, https:\/\/i1.wp.com\/files.pressmanager.net\/clientes\/64a8e8d576d3505a7823819ae1fa6eb7\/imagens\/2023\/04\/25\/95172e02a137722ef4928ee88466b2cd_small.jpg?ssl=1&w=640&resize=640&ssl=1 640w, https:\/\/i1.wp.com\/files.pressmanager.net\/clientes\/64a8e8d576d3505a7823819ae1fa6eb7\/imagens\/2023\/04\/25\/95172e02a137722ef4928ee88466b2cd_small.jpg?ssl=1&w=800&resize=800&ssl=1 800w, https:\/\/i1.wp.com\/files.pressmanager.net\/clientes\/64a8e8d576d3505a7823819ae1fa6eb7\/imagens\/2023\/04\/25\/95172e02a137722ef4928ee88466b2cd_small.jpg?ssl=1&w=1024&resize=1024&ssl=1 1024w, https:\/\/i1.wp.com\/files.pressmanager.net\/clientes\/64a8e8d576d3505a7823819ae1fa6eb7\/imagens\/2023\/04\/25\/95172e02a137722ef4928ee88466b2cd_small.jpg?ssl=1&w=1280&resize=1280&ssl=1 1280w, https:\/\/i1.wp.com\/files.pressmanager.net\/clientes\/64a8e8d576d3505a7823819ae1fa6eb7\/imagens\/2023\/04\/25\/95172e02a137722ef4928ee88466b2cd_small.jpg?ssl=1&w=1600&resize=1600&ssl=1 1600w\" fifu-data-src=\"https:\/\/i1.wp.com\/files.pressmanager.net\/clientes\/64a8e8d576d3505a7823819ae1fa6eb7\/imagens\/2023\/04\/25\/95172e02a137722ef4928ee88466b2cd_small.jpg?ssl=1\" border=\"0\" vspace=\"2\" \/><\/a><br \/>\n<i>Divulga\u00e7\u00e3o\/Victor de Almeida Moreira<\/i><\/td>\n<\/tr>\n<tr>\n<td style=\"font-family: Arial; font-size: 10pt; text-align: center;\"><\/td>\n<\/tr>\n<\/tbody>\n<\/table>\n<p>&nbsp;<\/p>\n<p style=\"font-size: 9pt; border-top: 1px solid #D0D0DD; text-align: center;\">\n<p>&nbsp;<\/p>\n<\/div>\n<\/div>\n","protected":false},"excerpt":{"rendered":"<p>Como utilizar os recursos dispon\u00edveis para transformar adversidades em oportunidades? No livro &#8220;(Auto)lideran\u00e7a Antifr\u00e1gil&#8221;, gestor&#8230;<\/p>\n","protected":false},"author":1,"featured_media":0,"comment_status":"closed","ping_status":"closed","sticky":false,"template":"","format":"standard","meta":{"fifu_image_url":"","fifu_image_alt":"","footnotes":""},"categories":[727],"tags":[],"class_list":["post-66881","post","type-post","status-publish","format-standard","hentry","category-noticias","wpcat-727-id"],"_links":{"self":[{"href":"https:\/\/verde-amarelo.net\/verdeamarelo\/wp-json\/wp\/v2\/posts\/66881","targetHints":{"allow":["GET"]}}],"collection":[{"href":"https:\/\/verde-amarelo.net\/verdeamarelo\/wp-json\/wp\/v2\/posts"}],"about":[{"href":"https:\/\/verde-amarelo.net\/verdeamarelo\/wp-json\/wp\/v2\/types\/post"}],"author":[{"embeddable":true,"href":"https:\/\/verde-amarelo.net\/verdeamarelo\/wp-json\/wp\/v2\/users\/1"}],"replies":[{"embeddable":true,"href":"https:\/\/verde-amarelo.net\/verdeamarelo\/wp-json\/wp\/v2\/comments?post=66881"}],"version-history":[{"count":0,"href":"https:\/\/verde-amarelo.net\/verdeamarelo\/wp-json\/wp\/v2\/posts\/66881\/revisions"}],"wp:attachment":[{"href":"https:\/\/verde-amarelo.net\/verdeamarelo\/wp-json\/wp\/v2\/media?parent=66881"}],"wp:term":[{"taxonomy":"category","embeddable":true,"href":"https:\/\/verde-amarelo.net\/verdeamarelo\/wp-json\/wp\/v2\/categories?post=66881"},{"taxonomy":"post_tag","embeddable":true,"href":"https:\/\/verde-amarelo.net\/verdeamarelo\/wp-json\/wp\/v2\/tags?post=66881"}],"curies":[{"name":"wp","href":"https:\/\/api.w.org\/{rel}","templated":true}]}}