{"id":66882,"date":"2023-04-25T13:05:38","date_gmt":"2023-04-25T16:05:38","guid":{"rendered":"https:\/\/verde-amarelo.net\/verdeamarelo\/?p=66882"},"modified":"2023-04-25T21:57:53","modified_gmt":"2023-04-26T00:57:53","slug":"em-casa-abbate-aumenta-confianca-por-podio","status":"publish","type":"post","link":"https:\/\/verde-amarelo.net\/verdeamarelo\/2023\/04\/em-casa-abbate-aumenta-confianca-por-podio\/","title":{"rendered":"em casa, Abbate aumenta confian\u00e7a por p\u00f3dio"},"content":{"rendered":"<p>A segunda etapa da Copa Truck ser\u00e1 disputada no pr\u00f3ximo fim de semana no Aut\u00f3dromo de Interlagos, em S\u00e3o Paulo. O templo \u00e9 considerado a pista mais conhecida da maioria dos pilotos, por isso mesmo acaba trazendo uma sensa\u00e7\u00e3o de \u201ccorrer em casa\u201d. O paulista Raphael Abbate chega confiante para ter resultados ainda melhores.<\/p>&nbsp;&nbsp;\n<p><a class=\"\" style=\"word-wrap: break-word; -ms-text-size-adjust: 100%; -webkit-text-size-adjust: 100%;\" title=\"\" href=\"https:\/\/radiogol.us3.list-manage.com\/track\/click?u=6f6bdd4782d9b51d80f9ec975&amp;id=00f6c3e6d4&amp;e=72af6e9c91\" target=\"_blank\" rel=\"noopener\"><img decoding=\"async\" src=\"data:image\/gif;base64,R0lGODlhAQABAIAAAAAAAP\/\/\/ywAAAAAAQABAAACAUwAOw==\" fifu-lazy=\"1\" fifu-data-sizes=\"auto\" fifu-data-srcset=\"https:\/\/i2.wp.com\/mcusercontent.com\/6f6bdd4782d9b51d80f9ec975\/images\/63418d11-7402-a64e-2324-89c50bf752ce.jpg?ssl=1&w=75&resize=75&ssl=1 75w, https:\/\/i2.wp.com\/mcusercontent.com\/6f6bdd4782d9b51d80f9ec975\/images\/63418d11-7402-a64e-2324-89c50bf752ce.jpg?ssl=1&w=100&resize=100&ssl=1 100w, https:\/\/i2.wp.com\/mcusercontent.com\/6f6bdd4782d9b51d80f9ec975\/images\/63418d11-7402-a64e-2324-89c50bf752ce.jpg?ssl=1&w=150&resize=150&ssl=1 150w, https:\/\/i2.wp.com\/mcusercontent.com\/6f6bdd4782d9b51d80f9ec975\/images\/63418d11-7402-a64e-2324-89c50bf752ce.jpg?ssl=1&w=240&resize=240&ssl=1 240w, https:\/\/i2.wp.com\/mcusercontent.com\/6f6bdd4782d9b51d80f9ec975\/images\/63418d11-7402-a64e-2324-89c50bf752ce.jpg?ssl=1&w=320&resize=320&ssl=1 320w, https:\/\/i2.wp.com\/mcusercontent.com\/6f6bdd4782d9b51d80f9ec975\/images\/63418d11-7402-a64e-2324-89c50bf752ce.jpg?ssl=1&w=500&resize=500&ssl=1 500w, https:\/\/i2.wp.com\/mcusercontent.com\/6f6bdd4782d9b51d80f9ec975\/images\/63418d11-7402-a64e-2324-89c50bf752ce.jpg?ssl=1&w=640&resize=640&ssl=1 640w, https:\/\/i2.wp.com\/mcusercontent.com\/6f6bdd4782d9b51d80f9ec975\/images\/63418d11-7402-a64e-2324-89c50bf752ce.jpg?ssl=1&w=800&resize=800&ssl=1 800w, https:\/\/i2.wp.com\/mcusercontent.com\/6f6bdd4782d9b51d80f9ec975\/images\/63418d11-7402-a64e-2324-89c50bf752ce.jpg?ssl=1&w=1024&resize=1024&ssl=1 1024w, https:\/\/i2.wp.com\/mcusercontent.com\/6f6bdd4782d9b51d80f9ec975\/images\/63418d11-7402-a64e-2324-89c50bf752ce.jpg?ssl=1&w=1280&resize=1280&ssl=1 1280w, https:\/\/i2.wp.com\/mcusercontent.com\/6f6bdd4782d9b51d80f9ec975\/images\/63418d11-7402-a64e-2324-89c50bf752ce.jpg?ssl=1&w=1600&resize=1600&ssl=1 1600w\" class=\"mcnImage\" style=\"max-width: 2333px; border: 0; outline: none; text-decoration: none; -ms-interpolation-mode: bicubic; vertical-align: bottom;\" fifu-data-src=\"https:\/\/i2.wp.com\/mcusercontent.com\/6f6bdd4782d9b51d80f9ec975\/images\/63418d11-7402-a64e-2324-89c50bf752ce.jpg?ssl=1\" alt=\"\" width=\"167\" \/><\/a><\/p>\n<p>Em Goi\u00e2nia, Abbate teve um p\u00f3dio de quinto lugar na corrida 2 como melhor resultado. Agora, ele espera conquistar mais.<\/p>&nbsp;&nbsp;\n<p>\u201c\u00c9 uma pra\u00e7a muito especial e eu que sou paulista me sinto em casa, com uma torcida muito forte de familiares, amigos e patrocinadores. Estou muito confiante para ir bem no quali e buscar um p\u00f3dio\u201d, relatou o piloto que tem em seu caminh\u00e3o as marcas da Wega Motors, ZM, Power Clean, Power View, Raumak Metal.<\/p>&nbsp;&nbsp;\n<p>Apesar de estar em casa, a corrida em Interlagos traz algumas novidades para Raphael Abbate.<br \/>\n\u201cSer\u00e1 minha primeira vez correndo aqui com a ASG Motorsport e o caminh\u00e3o Mercedes-Benz. Andamos na pr\u00e9-temporada e sentimos um pouco do caminh\u00e3o e das caracter\u00edsticas que ele tem. Agora \u00e9 acelerar forte\u201d, revelou o atual s\u00e9timo colocado na classifica\u00e7\u00e3o da categoria PRO.<\/p>&nbsp;&nbsp;\n<p>As atividades de pista da Copa Truck come\u00e7am na sexta-feira, com a realiza\u00e7\u00e3o de treinos livres, \u00e1s 12h35 e 15h20. No s\u00e1bado, a \u00faltima sess\u00e3o livre ser\u00e1 as 11h55, com o treino classificat\u00f3rio marcado para 14h15. As duas corridas da segunda etapa acontecem no domingo, a partir das 13horas, com transmiss\u00e3o pela Band, Sportv e canais digitais da categoria.<\/p>&nbsp;&nbsp;\n<p><strong>Sobre a ASG<\/strong><br \/>\nA ASG Mercedes-Benz \u00e9 a equipe oficial da montadora na Copa Truck. Com apenas um ano de hist\u00f3ria, a ASG Motorsport refor\u00e7a o compromisso da Copa Truck e se compromete em levar para as pistas e para a organiza\u00e7\u00e3o das corridas os conceitos ESG \u2013 ambiental, social e governan\u00e7a.<br \/>\nNosso time tamb\u00e9m coordena o projeto \u201cEmpresas que Movem o Brasil\u201d, movimento em prol da sustentabilidade do neg\u00f3cio de transporte de cargas, que conecta o mercado da log\u00edstica em busca de solu\u00e7\u00f5es para o transportador, visando a sustentabilidade do seu neg\u00f3cio.<br \/>\nA temporada 2023 conta com o apoio da Tekma Engenharia, Real Radiadores, Embreagex, Radiadores Visconde e Fix Implementos. Os M\u00eddia Partners s\u00e3o O Mec\u00e2nico e Portal Transporta Brasil.<\/p>&nbsp;&nbsp;\n<p><strong>Classifica\u00e7\u00e3o<br \/>\nCategoria PRO<br \/>\n1\u00ba &#8211; Jaidson Zini, 33 pontos<\/strong><br \/>\n2\u00ba &#8211; Beto Monteiro, 32 pontos<br \/>\n3\u00ba &#8211; Felipe Giaffone, 27 pontos<br \/>\n4\u00ba &#8211; Andr\u00e9 Marques, 27 pontos<br \/>\n5\u00ba &#8211; D\u00e9bora Rodrigues, 26 pontos<br \/>\n<strong>6\u00ba \u2013 Roberval Andrade, 22 pontos<br \/>\n7\u00ba &#8211; Raphael Abbate, 22 pontos<\/strong><br \/>\n8\u00ba &#8211; Victor Franzoni, 20 pontos<br \/>\n9\u00ba &#8211; Luiz Lopes, 20 pontos<br \/>\n10\u00ba &#8211; Danilo Alamini, 16 pontos<\/p>\n<p><strong>Categoria SUPER TRUCK<\/strong><br \/>\n1\u00ba &#8211; F\u00e1bio Foga\u00e7a, 36 pontos<br \/>\n2\u00ba &#8211; Evandro Camargo, 33 pontos<br \/>\n3\u00ba &#8211; J\u00f4 Dias, 32 pontos<br \/>\n<strong>4\u00ba &#8211; Bia Figueiredo, 30 pontos<\/strong><br \/>\n5\u00ba &#8211; Ricardo Alvarez, 23 pontos<br \/>\n6\u00ba &#8211; Rodrigo Taborda, 22 pontos<br \/>\n7\u00ba &#8211; Kleber Eletric, 21 pontos<br \/>\n8\u00ba &#8211; Thiago Rizzo, 20 pontos<br \/>\n9\u00ba &#8211; Pedro Paulo, 11 pontos<\/p>\n<p><!-- [if mso]><\/td>\n\n\n<![endif]--> <!-- [if mso]><\/tr>\n\n\n<\/table>\n\n\n<![endif]--><\/p>\n<p><!-- \/\/ END BODY --><\/p>\n<p><!-- BEGIN FOOTER \/\/ --><\/p>\n<table id=\"templateFooter\" style=\"border-collapse: collapse; mso-table-lspace: 0pt; mso-table-rspace: 0pt; -ms-text-size-adjust: 100%; -webkit-text-size-adjust: 100%; min-width: 100%; background-color: #ffffff; border-top: 0; border-bottom: 0;\" border=\"0\" width=\"600\" cellspacing=\"0\" cellpadding=\"0\">\n<tbody>\n<tr>\n<td class=\"footerContainer\" style=\"padding-bottom: 9px; mso-table-lspace: 0pt; mso-table-rspace: 0pt; -ms-text-size-adjust: 100%; -webkit-text-size-adjust: 100%;\" valign=\"top\">\n<table class=\"mcnTextBlock\" style=\"min-width: 100%; border-collapse: collapse; mso-table-lspace: 0pt; mso-table-rspace: 0pt; -ms-text-size-adjust: 100%; -webkit-text-size-adjust: 100%;\" border=\"0\" width=\"100%\" cellspacing=\"0\" cellpadding=\"0\">\n<tbody class=\"mcnTextBlockOuter\">\n<tr>\n<td class=\"mcnTextBlockInner\" style=\"padding-top: 9px; mso-table-lspace: 0pt; mso-table-rspace: 0pt; -ms-text-size-adjust: 100%; -webkit-text-size-adjust: 100%;\" valign=\"top\"><!-- [if mso]>\n\n\n<table align=\"left\" border=\"0\" cellspacing=\"0\" cellpadding=\"0\" width=\"100%\" style=\"width:100%;\">\n\n\n<tr>  \t\t\t\t<![endif]--> <!-- [if mso]>\n\n\n<td valign=\"top\" width=\"600\" style=\"width:600px;\">  \t\t\t\t<![endif]--><\/p>\n<table class=\"mcnTextContentContainer\" style=\"max-width: 100%; min-width: 100%; border-collapse: collapse; mso-table-lspace: 0pt; mso-table-rspace: 0pt; -ms-text-size-adjust: 100%; -webkit-text-size-adjust: 100%;\" border=\"0\" width=\"100%\" cellspacing=\"0\" cellpadding=\"0\" align=\"left\">\n<tbody>\n<tr>\n<td class=\"mcnTextContent\" style=\"mso-table-lspace: 0pt; mso-table-rspace: 0pt; -ms-text-size-adjust: 100%; -webkit-text-size-adjust: 100%; color: #606060; font-family: Helvetica; font-size: 11px; line-height: 125%; text-align: justify; padding: 0 18px 9px 18px;\" valign=\"top\">\n<div><\/div>\n<div style=\"text-align: center;\"><\/div>\n<div><\/div>\n<div style=\"text-align: center;\"><strong><span style=\"font-size: 14px;\">JR Assessoria de Imprensa<br \/>\nOsires Junior<br \/>\n(45)999-44-8281<br \/>\njrassessoria@radiogol.com.br<\/span><\/strong><\/div>\n<\/td>\n<\/tr>\n<\/tbody>\n<\/table>\n<\/td>\n<\/tr>\n<\/tbody>\n<\/table>\n<\/td>\n<\/tr>\n<\/tbody>\n<\/table>\n<p>&nbsp;<\/p>\n<p><!-- [if mso]><\/td>\n\n\n<![endif]--> <!-- [if mso]><\/tr>\n\n\n<\/table>\n\n\n<![endif]--><\/p>\n<p><!-- \/\/ END FOOTER --><\/p>\n<p><!-- \/\/ END TEMPLATE --><\/p>\n<p>&nbsp;<\/p>\n<p>&nbsp;<\/p>\n<p>&nbsp;<\/p>\n<p><img decoding=\"async\" src=\"data:image\/gif;base64,R0lGODlhAQABAIAAAAAAAP\/\/\/ywAAAAAAQABAAACAUwAOw==\" fifu-lazy=\"1\" fifu-data-sizes=\"auto\" fifu-data-srcset=\"https:\/\/i3.wp.com\/radiogol.us3.list-manage.com\/track\/open.php?u=6f6bdd4782d9b51d80f9ec975&id=ad60c33ebd&e=72af6e9c91&ssl=1&w=75&resize=75&ssl=1 75w, https:\/\/i3.wp.com\/radiogol.us3.list-manage.com\/track\/open.php?u=6f6bdd4782d9b51d80f9ec975&id=ad60c33ebd&e=72af6e9c91&ssl=1&w=100&resize=100&ssl=1 100w, https:\/\/i3.wp.com\/radiogol.us3.list-manage.com\/track\/open.php?u=6f6bdd4782d9b51d80f9ec975&id=ad60c33ebd&e=72af6e9c91&ssl=1&w=150&resize=150&ssl=1 150w, https:\/\/i3.wp.com\/radiogol.us3.list-manage.com\/track\/open.php?u=6f6bdd4782d9b51d80f9ec975&id=ad60c33ebd&e=72af6e9c91&ssl=1&w=240&resize=240&ssl=1 240w, https:\/\/i3.wp.com\/radiogol.us3.list-manage.com\/track\/open.php?u=6f6bdd4782d9b51d80f9ec975&id=ad60c33ebd&e=72af6e9c91&ssl=1&w=320&resize=320&ssl=1 320w, https:\/\/i3.wp.com\/radiogol.us3.list-manage.com\/track\/open.php?u=6f6bdd4782d9b51d80f9ec975&id=ad60c33ebd&e=72af6e9c91&ssl=1&w=500&resize=500&ssl=1 500w, https:\/\/i3.wp.com\/radiogol.us3.list-manage.com\/track\/open.php?u=6f6bdd4782d9b51d80f9ec975&id=ad60c33ebd&e=72af6e9c91&ssl=1&w=640&resize=640&ssl=1 640w, https:\/\/i3.wp.com\/radiogol.us3.list-manage.com\/track\/open.php?u=6f6bdd4782d9b51d80f9ec975&id=ad60c33ebd&e=72af6e9c91&ssl=1&w=800&resize=800&ssl=1 800w, https:\/\/i3.wp.com\/radiogol.us3.list-manage.com\/track\/open.php?u=6f6bdd4782d9b51d80f9ec975&id=ad60c33ebd&e=72af6e9c91&ssl=1&w=1024&resize=1024&ssl=1 1024w, https:\/\/i3.wp.com\/radiogol.us3.list-manage.com\/track\/open.php?u=6f6bdd4782d9b51d80f9ec975&id=ad60c33ebd&e=72af6e9c91&ssl=1&w=1280&resize=1280&ssl=1 1280w, https:\/\/i3.wp.com\/radiogol.us3.list-manage.com\/track\/open.php?u=6f6bdd4782d9b51d80f9ec975&id=ad60c33ebd&e=72af6e9c91&ssl=1&w=1600&resize=1600&ssl=1 1600w\" fifu-data-src=\"https:\/\/i3.wp.com\/radiogol.us3.list-manage.com\/track\/open.php?u=6f6bdd4782d9b51d80f9ec975&id=ad60c33ebd&e=72af6e9c91&ssl=1\" alt=\"\" width=\"1\" height=\"1\" \/><\/p>\n","protected":false},"excerpt":{"rendered":"<p>A segunda etapa da Copa Truck ser\u00e1 disputada no pr\u00f3ximo fim de semana no Aut\u00f3dromo&#8230;<\/p>\n","protected":false},"author":1,"featured_media":0,"comment_status":"closed","ping_status":"closed","sticky":false,"template":"","format":"standard","meta":{"fifu_image_url":"","fifu_image_alt":"","footnotes":""},"categories":[8428,7492,29,727],"tags":[],"class_list":["post-66882","post","type-post","status-publish","format-standard","hentry","category-automobilismo","category-esportes","category-eventos","category-noticias","wpcat-8428-id","wpcat-7492-id","wpcat-29-id","wpcat-727-id"],"_links":{"self":[{"href":"https:\/\/verde-amarelo.net\/verdeamarelo\/wp-json\/wp\/v2\/posts\/66882","targetHints":{"allow":["GET"]}}],"collection":[{"href":"https:\/\/verde-amarelo.net\/verdeamarelo\/wp-json\/wp\/v2\/posts"}],"about":[{"href":"https:\/\/verde-amarelo.net\/verdeamarelo\/wp-json\/wp\/v2\/types\/post"}],"author":[{"embeddable":true,"href":"https:\/\/verde-amarelo.net\/verdeamarelo\/wp-json\/wp\/v2\/users\/1"}],"replies":[{"embeddable":true,"href":"https:\/\/verde-amarelo.net\/verdeamarelo\/wp-json\/wp\/v2\/comments?post=66882"}],"version-history":[{"count":0,"href":"https:\/\/verde-amarelo.net\/verdeamarelo\/wp-json\/wp\/v2\/posts\/66882\/revisions"}],"wp:attachment":[{"href":"https:\/\/verde-amarelo.net\/verdeamarelo\/wp-json\/wp\/v2\/media?parent=66882"}],"wp:term":[{"taxonomy":"category","embeddable":true,"href":"https:\/\/verde-amarelo.net\/verdeamarelo\/wp-json\/wp\/v2\/categories?post=66882"},{"taxonomy":"post_tag","embeddable":true,"href":"https:\/\/verde-amarelo.net\/verdeamarelo\/wp-json\/wp\/v2\/tags?post=66882"}],"curies":[{"name":"wp","href":"https:\/\/api.w.org\/{rel}","templated":true}]}}