{"id":66883,"date":"2023-04-25T13:06:37","date_gmt":"2023-04-25T16:06:37","guid":{"rendered":"https:\/\/verde-amarelo.net\/verdeamarelo\/?p=66883"},"modified":"2023-04-25T21:55:22","modified_gmt":"2023-04-26T00:55:22","slug":"25-de-abril-dia-do-profissional-da-contabilidade","status":"publish","type":"post","link":"https:\/\/verde-amarelo.net\/verdeamarelo\/2023\/04\/25-de-abril-dia-do-profissional-da-contabilidade\/","title":{"rendered":"25 de Abril dia do Profissional da Contabilidade"},"content":{"rendered":"<div class=\"postie-post\">\n<p>&nbsp;<\/p>\n<div>\n<p><img decoding=\"async\" src=\"data:image\/gif;base64,R0lGODlhAQABAIAAAAAAAP\/\/\/ywAAAAAAQABAAACAUwAOw==\" fifu-lazy=\"1\" fifu-data-sizes=\"auto\" fifu-data-srcset=\"https:\/\/i2.wp.com\/files.pressmanager.net\/clientes\/f73743d93e76813b15a82a2598c81f13\/imagens\/2023\/03\/20\/6460aa95fe7e2c74e8bad0639f7373b3.png?ssl=1&w=75&resize=75&ssl=1 75w, https:\/\/i2.wp.com\/files.pressmanager.net\/clientes\/f73743d93e76813b15a82a2598c81f13\/imagens\/2023\/03\/20\/6460aa95fe7e2c74e8bad0639f7373b3.png?ssl=1&w=100&resize=100&ssl=1 100w, https:\/\/i2.wp.com\/files.pressmanager.net\/clientes\/f73743d93e76813b15a82a2598c81f13\/imagens\/2023\/03\/20\/6460aa95fe7e2c74e8bad0639f7373b3.png?ssl=1&w=150&resize=150&ssl=1 150w, https:\/\/i2.wp.com\/files.pressmanager.net\/clientes\/f73743d93e76813b15a82a2598c81f13\/imagens\/2023\/03\/20\/6460aa95fe7e2c74e8bad0639f7373b3.png?ssl=1&w=240&resize=240&ssl=1 240w, https:\/\/i2.wp.com\/files.pressmanager.net\/clientes\/f73743d93e76813b15a82a2598c81f13\/imagens\/2023\/03\/20\/6460aa95fe7e2c74e8bad0639f7373b3.png?ssl=1&w=320&resize=320&ssl=1 320w, https:\/\/i2.wp.com\/files.pressmanager.net\/clientes\/f73743d93e76813b15a82a2598c81f13\/imagens\/2023\/03\/20\/6460aa95fe7e2c74e8bad0639f7373b3.png?ssl=1&w=500&resize=500&ssl=1 500w, https:\/\/i2.wp.com\/files.pressmanager.net\/clientes\/f73743d93e76813b15a82a2598c81f13\/imagens\/2023\/03\/20\/6460aa95fe7e2c74e8bad0639f7373b3.png?ssl=1&w=640&resize=640&ssl=1 640w, https:\/\/i2.wp.com\/files.pressmanager.net\/clientes\/f73743d93e76813b15a82a2598c81f13\/imagens\/2023\/03\/20\/6460aa95fe7e2c74e8bad0639f7373b3.png?ssl=1&w=800&resize=800&ssl=1 800w, https:\/\/i2.wp.com\/files.pressmanager.net\/clientes\/f73743d93e76813b15a82a2598c81f13\/imagens\/2023\/03\/20\/6460aa95fe7e2c74e8bad0639f7373b3.png?ssl=1&w=1024&resize=1024&ssl=1 1024w, https:\/\/i2.wp.com\/files.pressmanager.net\/clientes\/f73743d93e76813b15a82a2598c81f13\/imagens\/2023\/03\/20\/6460aa95fe7e2c74e8bad0639f7373b3.png?ssl=1&w=1280&resize=1280&ssl=1 1280w, https:\/\/i2.wp.com\/files.pressmanager.net\/clientes\/f73743d93e76813b15a82a2598c81f13\/imagens\/2023\/03\/20\/6460aa95fe7e2c74e8bad0639f7373b3.png?ssl=1&w=1600&resize=1600&ssl=1 1600w\" fifu-data-src=\"https:\/\/i2.wp.com\/files.pressmanager.net\/clientes\/f73743d93e76813b15a82a2598c81f13\/imagens\/2023\/03\/20\/6460aa95fe7e2c74e8bad0639f7373b3.png?ssl=1\" alt=\"FENACON\" \/><\/p>\n<div>\n<p>Por: Sidenilso Filgueira dos Santos &#8211; Diretor de Comunica\u00e7\u00e3o FENACON.<\/p>&nbsp;&nbsp;\n<div>\n<p>Quem nunca enfiou a m\u00e3o no bolso e contou quanto de dinheiro tinha antes de sair de casa, ou que ainda mant\u00e9m o h\u00e1bito de olhar no fim do dia quanto tem na conta do banco? H\u00e1 quem n\u00e3o saia de casa antes de uma conferir quanto vai gastar com um lanche, e h\u00e1 quem tenha planejado cada centavo que vai precisar no decorrer do dia, semana ou m\u00eas.<\/p>&nbsp;&nbsp;\n<p>Esse comportamento de quem sempre sabe o que tem &#8220;dispon\u00edvel&#8221;, se pode ou n\u00e3o comprar algum &#8220;bem&#8221; ou fazer algum &#8220;investimento&#8221;, s\u00e3o situa\u00e7\u00f5es cotidianas e objeto de estudo de uma ci\u00eancia social chamada contabilidade.<\/p>&nbsp;&nbsp;\n<p>Desde quando n\u00e3o existiam n\u00fameros, quando pastores no campo usavam um montinho de pedra para controlar a quantidade do seu rebanho, j\u00e1 se tinha algum tipo de controle sobre patrim\u00f4nio. Com o passar dos anos, veio a inven\u00e7\u00e3o da escrita e ado\u00e7\u00e3o dos n\u00fameros e a forma de contagem e registro do patrim\u00f4nio tamb\u00e9m evoluiu.<\/p>&nbsp;&nbsp;\n<p>A Contabilidade \u00e9, portanto, uma ci\u00eancia que se dedica ao estudo do patrim\u00f4nio. E no mundo moderno e tecnol\u00f3gico que vivemos, mais do que nunca o trabalho de registrar, medir avaliar, demonstrar, gerenciar, tudo que se refere a esse patrim\u00f4nio \u00e9 indispens\u00e1vel para auxiliar nas melhores decis\u00f5es.<br \/>\nA ci\u00eancia como conhecimento n\u00e3o paira no ar, ela repousa sempre em alguma pessoa, e a pessoa onde repousa o conhecimento para apresentar tudo o que a contabilidade pode fornecer \u00e9 o profissional da contabilidade.<\/p>&nbsp;&nbsp;\n<p>No Brasil, o dia desse profissional nasceu em 1926, quando Senador Jo\u00e3o Lyra Tavares, defensor do ensino cont\u00e1bil e da regula\u00e7\u00e3o dos profissionais de contabilidade, como forma de agradecimento \u00e0s homenagens que recebia dos profissionais, afirmou em seu discurso: &#8220;Trabalhemos, pois, t\u00e3o convencidos de nosso triunfo, que desde j\u00e1 consideramos 25 de abril, o dia dos Contabilistas Brasileiros&#8221;<\/p>\n<p>Desde ent\u00e3o se comemora a data. Celebremos a pessoa por tr\u00e1s da ci\u00eancia, que al\u00e9m de seus conhecimentos dedica sua \u00edndole, \u00e9tica, valores, honestidade e compet\u00eancia a uma das mais importantes ci\u00eancias da atualidade, a contabilidade, ci\u00eancia que nunca morre, enquanto houver patrim\u00f4nio e rela\u00e7\u00f5es comerciais existir\u00e1 a contabilidade, e por tr\u00e1s dela, um profissional para registrar e demonstrar tudo. Parab\u00e9ns a todos os cientistas da contabilidade.<\/p>&nbsp;&nbsp;\n<p>Por: Sidenilso Filgueira dos Santos &#8211;\u00a0Diretor de Comunica\u00e7\u00e3o FENACON<\/p>\n<\/div>\n<\/div>\n<p>&nbsp;<\/p>\n<p><center><img decoding=\"async\" src=\"data:image\/gif;base64,R0lGODlhAQABAIAAAAAAAP\/\/\/ywAAAAAAQABAAACAUwAOw==\" fifu-lazy=\"1\" fifu-data-sizes=\"auto\" fifu-data-srcset=\"https:\/\/i3.wp.com\/files.pressmanager.net\/clientes\/f73743d93e76813b15a82a2598c81f13\/imagens\/2023\/04\/24\/d18d0445b4afb7ffda3347cebd26b780_small.jpg?ssl=1&w=75&resize=75&ssl=1 75w, https:\/\/i3.wp.com\/files.pressmanager.net\/clientes\/f73743d93e76813b15a82a2598c81f13\/imagens\/2023\/04\/24\/d18d0445b4afb7ffda3347cebd26b780_small.jpg?ssl=1&w=100&resize=100&ssl=1 100w, https:\/\/i3.wp.com\/files.pressmanager.net\/clientes\/f73743d93e76813b15a82a2598c81f13\/imagens\/2023\/04\/24\/d18d0445b4afb7ffda3347cebd26b780_small.jpg?ssl=1&w=150&resize=150&ssl=1 150w, https:\/\/i3.wp.com\/files.pressmanager.net\/clientes\/f73743d93e76813b15a82a2598c81f13\/imagens\/2023\/04\/24\/d18d0445b4afb7ffda3347cebd26b780_small.jpg?ssl=1&w=240&resize=240&ssl=1 240w, https:\/\/i3.wp.com\/files.pressmanager.net\/clientes\/f73743d93e76813b15a82a2598c81f13\/imagens\/2023\/04\/24\/d18d0445b4afb7ffda3347cebd26b780_small.jpg?ssl=1&w=320&resize=320&ssl=1 320w, https:\/\/i3.wp.com\/files.pressmanager.net\/clientes\/f73743d93e76813b15a82a2598c81f13\/imagens\/2023\/04\/24\/d18d0445b4afb7ffda3347cebd26b780_small.jpg?ssl=1&w=500&resize=500&ssl=1 500w, https:\/\/i3.wp.com\/files.pressmanager.net\/clientes\/f73743d93e76813b15a82a2598c81f13\/imagens\/2023\/04\/24\/d18d0445b4afb7ffda3347cebd26b780_small.jpg?ssl=1&w=640&resize=640&ssl=1 640w, https:\/\/i3.wp.com\/files.pressmanager.net\/clientes\/f73743d93e76813b15a82a2598c81f13\/imagens\/2023\/04\/24\/d18d0445b4afb7ffda3347cebd26b780_small.jpg?ssl=1&w=800&resize=800&ssl=1 800w, https:\/\/i3.wp.com\/files.pressmanager.net\/clientes\/f73743d93e76813b15a82a2598c81f13\/imagens\/2023\/04\/24\/d18d0445b4afb7ffda3347cebd26b780_small.jpg?ssl=1&w=1024&resize=1024&ssl=1 1024w, https:\/\/i3.wp.com\/files.pressmanager.net\/clientes\/f73743d93e76813b15a82a2598c81f13\/imagens\/2023\/04\/24\/d18d0445b4afb7ffda3347cebd26b780_small.jpg?ssl=1&w=1280&resize=1280&ssl=1 1280w, https:\/\/i3.wp.com\/files.pressmanager.net\/clientes\/f73743d93e76813b15a82a2598c81f13\/imagens\/2023\/04\/24\/d18d0445b4afb7ffda3347cebd26b780_small.jpg?ssl=1&w=1600&resize=1600&ssl=1 1600w\" fifu-data-src=\"https:\/\/i3.wp.com\/files.pressmanager.net\/clientes\/f73743d93e76813b15a82a2598c81f13\/imagens\/2023\/04\/24\/d18d0445b4afb7ffda3347cebd26b780_small.jpg?ssl=1\" alt=\"Sidenilso Filgueira dos Santos - Diretor de Comunica\u00e7\u00e3o FENACON\" border=\"0\" hspace=\"10\" vspace=\"10\" \/><\/p>\n<p><\/center>&#8212;&#8212;&#8212;&#8212;&#8212;&#8212;&#8212;&#8212;&#8212;&#8212;-<br \/>\nCassia Monteiro<br \/>\nassessoria@cenarioscomunicacao.com.br<br \/>\n(85) 9962-5874<\/p>\n<p><img decoding=\"async\" src=\"data:image\/gif;base64,R0lGODlhAQABAIAAAAAAAP\/\/\/ywAAAAAAQABAAACAUwAOw==\" fifu-lazy=\"1\" fifu-data-sizes=\"auto\" fifu-data-srcset=\"https:\/\/i2.wp.com\/click.pressmanager.net\/log_leitura_email?envio_id=1383704&did=1014491730&imglog=1&hash=885af9516cf3f8afacef6a05f5d741a2&ssl=1&w=75&resize=75&ssl=1 75w, https:\/\/i2.wp.com\/click.pressmanager.net\/log_leitura_email?envio_id=1383704&did=1014491730&imglog=1&hash=885af9516cf3f8afacef6a05f5d741a2&ssl=1&w=100&resize=100&ssl=1 100w, https:\/\/i2.wp.com\/click.pressmanager.net\/log_leitura_email?envio_id=1383704&did=1014491730&imglog=1&hash=885af9516cf3f8afacef6a05f5d741a2&ssl=1&w=150&resize=150&ssl=1 150w, https:\/\/i2.wp.com\/click.pressmanager.net\/log_leitura_email?envio_id=1383704&did=1014491730&imglog=1&hash=885af9516cf3f8afacef6a05f5d741a2&ssl=1&w=240&resize=240&ssl=1 240w, https:\/\/i2.wp.com\/click.pressmanager.net\/log_leitura_email?envio_id=1383704&did=1014491730&imglog=1&hash=885af9516cf3f8afacef6a05f5d741a2&ssl=1&w=320&resize=320&ssl=1 320w, https:\/\/i2.wp.com\/click.pressmanager.net\/log_leitura_email?envio_id=1383704&did=1014491730&imglog=1&hash=885af9516cf3f8afacef6a05f5d741a2&ssl=1&w=500&resize=500&ssl=1 500w, https:\/\/i2.wp.com\/click.pressmanager.net\/log_leitura_email?envio_id=1383704&did=1014491730&imglog=1&hash=885af9516cf3f8afacef6a05f5d741a2&ssl=1&w=640&resize=640&ssl=1 640w, https:\/\/i2.wp.com\/click.pressmanager.net\/log_leitura_email?envio_id=1383704&did=1014491730&imglog=1&hash=885af9516cf3f8afacef6a05f5d741a2&ssl=1&w=800&resize=800&ssl=1 800w, https:\/\/i2.wp.com\/click.pressmanager.net\/log_leitura_email?envio_id=1383704&did=1014491730&imglog=1&hash=885af9516cf3f8afacef6a05f5d741a2&ssl=1&w=1024&resize=1024&ssl=1 1024w, https:\/\/i2.wp.com\/click.pressmanager.net\/log_leitura_email?envio_id=1383704&did=1014491730&imglog=1&hash=885af9516cf3f8afacef6a05f5d741a2&ssl=1&w=1280&resize=1280&ssl=1 1280w, https:\/\/i2.wp.com\/click.pressmanager.net\/log_leitura_email?envio_id=1383704&did=1014491730&imglog=1&hash=885af9516cf3f8afacef6a05f5d741a2&ssl=1&w=1600&resize=1600&ssl=1 1600w\" fifu-data-src=\"https:\/\/i2.wp.com\/click.pressmanager.net\/log_leitura_email?envio_id=1383704&did=1014491730&imglog=1&hash=885af9516cf3f8afacef6a05f5d741a2&ssl=1\" alt=\"\" \/><\/p>\n<div>\n<table border=\"0\" width=\"100%\" cellspacing=\"0\" cellpadding=\"0\">\n<tbody>\n<tr>\n<td align=\"center\" valign=\"top\">Destacado em:  Economia, Administra\u00e7\u00e3o e Gest\u00e3o.<\/p>&nbsp;&nbsp;\n<p>  <a href=\"https:\/\/unsubscribe.pressmanager.net\/unsubscribe?did=1014491730&amp;dhash=885af9516cf3f8afacef6a05f5d741a2&amp;opcao=alterar_cadastro\" target=\"_blank\" rel=\"noopener\">altere aqui seu cadastro<\/a>   <a href=\"https:\/\/unsubscribe.pressmanager.net\/unsubscribe?did=1014491730&amp;dhash=885af9516cf3f8afacef6a05f5d741a2&amp;opcao=relatar_erro_editorias\" target=\"_blank\" rel=\"noopener\">reporte aqui.<\/a><\/p>\n<p>  <a href=\"https:\/\/unsubscribe.pressmanager.net\/unsubscribe?did=1014491730&amp;dhash=885af9516cf3f8afacef6a05f5d741a2&amp;opcao=descadastrar\" target=\"_blank\" rel=\"noopener\"> <\/a>.<\/td>\n<\/tr>\n<\/tbody>\n<\/table>\n<\/div>\n<\/div>\n<p>&nbsp;<\/p>\n<p>&nbsp;<\/p>\n<\/div>\n","protected":false},"excerpt":{"rendered":"<p>&nbsp; Por: Sidenilso Filgueira dos Santos &#8211; Diretor de Comunica\u00e7\u00e3o FENACON.&nbsp;&nbsp; Quem nunca enfiou a&#8230;<\/p>\n","protected":false},"author":1,"featured_media":0,"comment_status":"closed","ping_status":"closed","sticky":false,"template":"","format":"standard","meta":{"fifu_image_url":"","fifu_image_alt":"","footnotes":""},"categories":[727],"tags":[],"class_list":["post-66883","post","type-post","status-publish","format-standard","hentry","category-noticias","wpcat-727-id"],"_links":{"self":[{"href":"https:\/\/verde-amarelo.net\/verdeamarelo\/wp-json\/wp\/v2\/posts\/66883","targetHints":{"allow":["GET"]}}],"collection":[{"href":"https:\/\/verde-amarelo.net\/verdeamarelo\/wp-json\/wp\/v2\/posts"}],"about":[{"href":"https:\/\/verde-amarelo.net\/verdeamarelo\/wp-json\/wp\/v2\/types\/post"}],"author":[{"embeddable":true,"href":"https:\/\/verde-amarelo.net\/verdeamarelo\/wp-json\/wp\/v2\/users\/1"}],"replies":[{"embeddable":true,"href":"https:\/\/verde-amarelo.net\/verdeamarelo\/wp-json\/wp\/v2\/comments?post=66883"}],"version-history":[{"count":0,"href":"https:\/\/verde-amarelo.net\/verdeamarelo\/wp-json\/wp\/v2\/posts\/66883\/revisions"}],"wp:attachment":[{"href":"https:\/\/verde-amarelo.net\/verdeamarelo\/wp-json\/wp\/v2\/media?parent=66883"}],"wp:term":[{"taxonomy":"category","embeddable":true,"href":"https:\/\/verde-amarelo.net\/verdeamarelo\/wp-json\/wp\/v2\/categories?post=66883"},{"taxonomy":"post_tag","embeddable":true,"href":"https:\/\/verde-amarelo.net\/verdeamarelo\/wp-json\/wp\/v2\/tags?post=66883"}],"curies":[{"name":"wp","href":"https:\/\/api.w.org\/{rel}","templated":true}]}}