{"id":66886,"date":"2023-04-25T13:21:44","date_gmt":"2023-04-25T16:21:44","guid":{"rendered":"https:\/\/verde-amarelo.net\/verdeamarelo\/?p=66886"},"modified":"2023-04-25T21:54:05","modified_gmt":"2023-04-26T00:54:05","slug":"baldan-apresenta-novo-posicionamento-de-marca-e-disponibiliza-lancamentos-durante-a-28a-agrishow","status":"publish","type":"post","link":"https:\/\/verde-amarelo.net\/verdeamarelo\/2023\/04\/baldan-apresenta-novo-posicionamento-de-marca-e-disponibiliza-lancamentos-durante-a-28a-agrishow\/","title":{"rendered":"Baldan apresenta novo posicionamento de marca e disponibiliza lan\u00e7amentos durante a 28\u00aa Agrishow"},"content":{"rendered":"<div class=\"postie-post\">\n<div>\n<p>&nbsp;<\/p>\n<table border=\"0\" width=\"100%\">\n<tbody>\n<tr>\n<td align=\"left\" width=\"50%\"><\/td>\n<td align=\"right\" width=\"50%\"><img decoding=\"async\" src=\"data:image\/gif;base64,R0lGODlhAQABAIAAAAAAAP\/\/\/ywAAAAAAQABAAACAUwAOw==\" fifu-lazy=\"1\" fifu-data-sizes=\"auto\" fifu-data-srcset=\"https:\/\/i0.wp.com\/files.pressmanager.net\/clientes\/94b8f58b7ab9b05a5740b577a320c57b\/imagens\/2022\/04\/08\/2ff6c235b08a96ea9affa2b6e1bfb0a9.png?ssl=1&w=75&resize=75&ssl=1 75w, https:\/\/i0.wp.com\/files.pressmanager.net\/clientes\/94b8f58b7ab9b05a5740b577a320c57b\/imagens\/2022\/04\/08\/2ff6c235b08a96ea9affa2b6e1bfb0a9.png?ssl=1&w=100&resize=100&ssl=1 100w, https:\/\/i0.wp.com\/files.pressmanager.net\/clientes\/94b8f58b7ab9b05a5740b577a320c57b\/imagens\/2022\/04\/08\/2ff6c235b08a96ea9affa2b6e1bfb0a9.png?ssl=1&w=150&resize=150&ssl=1 150w, https:\/\/i0.wp.com\/files.pressmanager.net\/clientes\/94b8f58b7ab9b05a5740b577a320c57b\/imagens\/2022\/04\/08\/2ff6c235b08a96ea9affa2b6e1bfb0a9.png?ssl=1&w=240&resize=240&ssl=1 240w, https:\/\/i0.wp.com\/files.pressmanager.net\/clientes\/94b8f58b7ab9b05a5740b577a320c57b\/imagens\/2022\/04\/08\/2ff6c235b08a96ea9affa2b6e1bfb0a9.png?ssl=1&w=320&resize=320&ssl=1 320w, https:\/\/i0.wp.com\/files.pressmanager.net\/clientes\/94b8f58b7ab9b05a5740b577a320c57b\/imagens\/2022\/04\/08\/2ff6c235b08a96ea9affa2b6e1bfb0a9.png?ssl=1&w=500&resize=500&ssl=1 500w, https:\/\/i0.wp.com\/files.pressmanager.net\/clientes\/94b8f58b7ab9b05a5740b577a320c57b\/imagens\/2022\/04\/08\/2ff6c235b08a96ea9affa2b6e1bfb0a9.png?ssl=1&w=640&resize=640&ssl=1 640w, https:\/\/i0.wp.com\/files.pressmanager.net\/clientes\/94b8f58b7ab9b05a5740b577a320c57b\/imagens\/2022\/04\/08\/2ff6c235b08a96ea9affa2b6e1bfb0a9.png?ssl=1&w=800&resize=800&ssl=1 800w, https:\/\/i0.wp.com\/files.pressmanager.net\/clientes\/94b8f58b7ab9b05a5740b577a320c57b\/imagens\/2022\/04\/08\/2ff6c235b08a96ea9affa2b6e1bfb0a9.png?ssl=1&w=1024&resize=1024&ssl=1 1024w, https:\/\/i0.wp.com\/files.pressmanager.net\/clientes\/94b8f58b7ab9b05a5740b577a320c57b\/imagens\/2022\/04\/08\/2ff6c235b08a96ea9affa2b6e1bfb0a9.png?ssl=1&w=1280&resize=1280&ssl=1 1280w, https:\/\/i0.wp.com\/files.pressmanager.net\/clientes\/94b8f58b7ab9b05a5740b577a320c57b\/imagens\/2022\/04\/08\/2ff6c235b08a96ea9affa2b6e1bfb0a9.png?ssl=1&w=1600&resize=1600&ssl=1 1600w\" fifu-data-src=\"https:\/\/i0.wp.com\/files.pressmanager.net\/clientes\/94b8f58b7ab9b05a5740b577a320c57b\/imagens\/2022\/04\/08\/2ff6c235b08a96ea9affa2b6e1bfb0a9.png?ssl=1\" alt=\"Baldan Implementos Agr\u00edcolas \" \/><\/td>\n<\/tr>\n<\/tbody>\n<\/table>\n<div>\n<p>&nbsp;<\/p>\n<div><\/div>\n<p>&nbsp;<\/p>\n<div>Empresa, que completou 95 anos em 2023, revitaliza design dos produtos, inicia constru\u00e7\u00e3o de nova planta industrial e investe em gera\u00e7\u00e3o de valor para o produtor rural<\/div>\n<p>&nbsp;<\/p>\n<div>\n<div>A Baldan Implementos Agr\u00edcolas, sediada em Mat\u00e3o (SP), anuncia para 2023 um novo posicionamento de marca, modernizando o design de todos os produtos do portf\u00f3lio, al\u00e9m de reestruturar o organograma da empresa criando novas diretorias como Centricidade do Cliente e Transforma\u00e7\u00e3o Digital, Supply Chain (que abrange toda a cadeia de fornecimento e expedi\u00e7\u00e3o) e Gente, Gest\u00e3o e Sustentabilidade.<\/div>\n<div>A constru\u00e7\u00e3o de uma nova planta industrial tamb\u00e9m \u00e9 um dos destaques da empresa para este ano. Com investimento de R$ 150 milh\u00f5es, a nova unidade ser\u00e1 destinada para a fabrica\u00e7\u00e3o da linha de pulverizadores Avola, lan\u00e7ado comercialmente em 2023, bem como para intensificar as inova\u00e7\u00f5es de produtos para o plantio direto. &#8220;Nosso grande desafio \u00e9 transformar a cultura da empresa, preservando seus valores, e mantendo nosso crescimento sustent\u00e1vel dentro do setor&#8221;, explica Celso Ant\u00f4nio Ruiz , CEO da Baldan.<\/div>\n<div>O foco da Baldan abrange ainda outras a\u00e7\u00f5es que resultam em ganhos e gera\u00e7\u00e3o de valor para os produtores rurais. A certifica\u00e7\u00e3o ISO 14001 obtida recentemente, por exemplo, demonstra a responsabilidade socioambiental empregada pela empresa na fabrica\u00e7\u00e3o de seus produtos. Para os clientes significa a certeza em estarem adquirindo um excelente produto, que conta com o emprego das melhores pr\u00e1ticas ambientais vigentes, demonstrando assim a preocupa\u00e7\u00e3o da Baldan para com a conserva\u00e7\u00e3o do meio ambiente.<\/div>\n<div>Na \u00e1rea de inova\u00e7\u00e3o, o destaque \u00e9 a parceria com uma startup para a telemetria integrada nos pulverizadores Avola e nas plantadoras Agiflex, o que permitir\u00e1 gerenciar mais de 30 indicadores dos equipamentos em campo, garantindo ainda mais produtividade e efici\u00eancia \u00e0s opera\u00e7\u00f5es.<\/div>\n<div>No quesito pe\u00e7as, os investimentos da Baldan est\u00e3o direcionados \u00e0 pronta entrega, estrutura de armazenagem, centros de distribui\u00e7\u00e3o e parcerias com fornecedores, seguindo a estrat\u00e9gia de estar cada vez mais pr\u00f3ximo dos clientes e revendas da forma mais eficaz poss\u00edvel.<\/div>\n<div><\/div>\n<div>Portf\u00f3lio e lan\u00e7amentos &#8211; O carro-chefe de vendas da empresa \u00e9 a linha de grades e niveladoras para o preparo de solo. Mas a Baldan lan\u00e7ou na Agrishow 2022 o prot\u00f3tipo de uma nova plantadora e duas novas linhas de pulverizadores e graneleiros, que ser\u00e3o comercializadas na Agrishow 2023:<\/div>\n<div><\/div>\n<div>Plantadora AGIFLEX \u2013 equipamento para plantio de gr\u00e3os com sistema pneum\u00e1tico de 17, 19 e 21 linhas, transmiss\u00e3o a cabo, caixas de adubo, sementes e dosadores V7 da Precision Planting.<\/div>\n<div><\/div>\n<div>CONDURE \u2013 carreta graneleira com capacidade de carga de 16 m\u1d9f. Todos os produtos da categoria t\u00eam vers\u00f5es estendidas com diferentes capacidades.<\/div>\n<div><\/div>\n<div>Pulverizador AVOLA &#8211; um autopropelido dispon\u00edvel nas vers\u00f5es de 2000 e 2500 litros de capacidade, barras de 27 m, motor de 190 cv e com o maior poder de rampa da categoria.<\/div>\n<div><\/div>\n<div>Pulverizadores LIRI &#8211; pulverizadores de acoplamento, de 800 e 1000 litros de capacidade, sistema de quadro de barras pantogr\u00e1fico com 18 m e reservat\u00f3rio de \u00e1gua para a limpeza de embalagens.<\/div>\n<div><\/div>\n<div>O setor sucroenerg\u00e9tico, segmento com forte presen\u00e7a na regi\u00e3o de Ribeir\u00e3o Preto, tamb\u00e9m \u00e9 contemplado pela Baldan e durante a Agrishow 2023 os equipamentos destaques ser\u00e3o:<\/div>\n<div><\/div>\n<div>GSPCR-E: grade aradora superpesada com controle remoto usada para reforma de canaviais e outros tratos culturais.<\/div>\n<div><\/div>\n<div>FAST CLEAN: produto desenvolvido em parceria com a Raizen para aplica\u00e7\u00e3o localizada de herbicidas.<\/div>\n<div><\/div>\n<div>SCB-CR: subsolador com controle remoto.<\/div>\n<div><\/div>\n<div>DEMETRA: semeadora de precis\u00e3o desenvolvida para plantio direto sobre a palhada da cana-de-a\u00e7\u00facar.<\/div>\n<div><\/div>\n<div>Al\u00e9m disso, todos os equipamentos do portf\u00f3lio Baldan puxados por tratores at\u00e9 180 cv s\u00e3o eleg\u00edveis ao Pronaf &#8211; Mais Alimentos. S\u00e3o mais de 150 produtos com in\u00fameras deriva\u00e7\u00f5es e aptos a atender as necessidades do agricultor familiar.<\/div>\n<div><\/div>\n<div>Sobre a Baldan Implementos Agr\u00edcolas &#8211; Fundada inicialmente como &#8220;Narciso Baldan &amp; Irm\u00e3os&#8221; h\u00e1 95 anos (janeiro de 1928) por uma fam\u00edlia de imigrantes italianos, em Mat\u00e3o (SP), a Baldan Implementos Agr\u00edcolas S\/A fabricou o primeiro disco para arados e grades nacional e hoje se posiciona no mercado com uma marca consolidada que investe em tecnologia e inova\u00e7\u00e3o. O pioneirismo do passado, que quebrou a depend\u00eancia dos produtos importados e contribuiu para o desenvolvimento da agricultura do Pa\u00eds, continua presente nos valores da Baldan que segue contribuindo para a inova\u00e7\u00e3o e crescimento do setor, incentivando a pr\u00e1tica de novos m\u00e9todos e t\u00e9cnicas de produ\u00e7\u00e3o. Instalada em um moderno parque industrial de 256 mil m\u00b2, totalmente revitalizado e moderno, a Baldan desenvolve produtos com avan\u00e7ados conceitos de engenharia que se destinam a todas as fases do produtor rural, e iniciou a constru\u00e7\u00e3o de uma segunda planta em 2023, com mais de 126 mil m\u00b2. Atualmente a empresa tem uma linha ampla e diversificada com mais de 200 produtos, em 2 mil vers\u00f5es voltadas para todo tipo de cultura e solo.<\/div>\n<div><\/div>\n<\/div>\n<\/div>\n<p>&nbsp;<\/p>\n<table border=\"0\">\n<tbody>\n<tr>\n<td><a href=\"https:\/\/imagens.pressmanager.net\/download?foto_id=4223595&amp;release_id=487299&amp;contato_id=%%CONTATO_ID%%&amp;did=1014511868&amp;envio_id=1383724&amp;hash=f37bdc2f1953fdc20a27618f2298de42\"><img decoding=\"async\" src=\"data:image\/gif;base64,R0lGODlhAQABAIAAAAAAAP\/\/\/ywAAAAAAQABAAACAUwAOw==\" fifu-lazy=\"1\" fifu-data-sizes=\"auto\" fifu-data-srcset=\"https:\/\/i1.wp.com\/files.pressmanager.net\/clientes\/94b8f58b7ab9b05a5740b577a320c57b\/imagens\/2023\/04\/25\/ee99fca08756cd61d9617d9458686f74_small.jpg?ssl=1&w=75&resize=75&ssl=1 75w, https:\/\/i1.wp.com\/files.pressmanager.net\/clientes\/94b8f58b7ab9b05a5740b577a320c57b\/imagens\/2023\/04\/25\/ee99fca08756cd61d9617d9458686f74_small.jpg?ssl=1&w=100&resize=100&ssl=1 100w, https:\/\/i1.wp.com\/files.pressmanager.net\/clientes\/94b8f58b7ab9b05a5740b577a320c57b\/imagens\/2023\/04\/25\/ee99fca08756cd61d9617d9458686f74_small.jpg?ssl=1&w=150&resize=150&ssl=1 150w, https:\/\/i1.wp.com\/files.pressmanager.net\/clientes\/94b8f58b7ab9b05a5740b577a320c57b\/imagens\/2023\/04\/25\/ee99fca08756cd61d9617d9458686f74_small.jpg?ssl=1&w=240&resize=240&ssl=1 240w, https:\/\/i1.wp.com\/files.pressmanager.net\/clientes\/94b8f58b7ab9b05a5740b577a320c57b\/imagens\/2023\/04\/25\/ee99fca08756cd61d9617d9458686f74_small.jpg?ssl=1&w=320&resize=320&ssl=1 320w, https:\/\/i1.wp.com\/files.pressmanager.net\/clientes\/94b8f58b7ab9b05a5740b577a320c57b\/imagens\/2023\/04\/25\/ee99fca08756cd61d9617d9458686f74_small.jpg?ssl=1&w=500&resize=500&ssl=1 500w, https:\/\/i1.wp.com\/files.pressmanager.net\/clientes\/94b8f58b7ab9b05a5740b577a320c57b\/imagens\/2023\/04\/25\/ee99fca08756cd61d9617d9458686f74_small.jpg?ssl=1&w=640&resize=640&ssl=1 640w, https:\/\/i1.wp.com\/files.pressmanager.net\/clientes\/94b8f58b7ab9b05a5740b577a320c57b\/imagens\/2023\/04\/25\/ee99fca08756cd61d9617d9458686f74_small.jpg?ssl=1&w=800&resize=800&ssl=1 800w, https:\/\/i1.wp.com\/files.pressmanager.net\/clientes\/94b8f58b7ab9b05a5740b577a320c57b\/imagens\/2023\/04\/25\/ee99fca08756cd61d9617d9458686f74_small.jpg?ssl=1&w=1024&resize=1024&ssl=1 1024w, https:\/\/i1.wp.com\/files.pressmanager.net\/clientes\/94b8f58b7ab9b05a5740b577a320c57b\/imagens\/2023\/04\/25\/ee99fca08756cd61d9617d9458686f74_small.jpg?ssl=1&w=1280&resize=1280&ssl=1 1280w, https:\/\/i1.wp.com\/files.pressmanager.net\/clientes\/94b8f58b7ab9b05a5740b577a320c57b\/imagens\/2023\/04\/25\/ee99fca08756cd61d9617d9458686f74_small.jpg?ssl=1&w=1600&resize=1600&ssl=1 1600w\" fifu-data-src=\"https:\/\/i1.wp.com\/files.pressmanager.net\/clientes\/94b8f58b7ab9b05a5740b577a320c57b\/imagens\/2023\/04\/25\/ee99fca08756cd61d9617d9458686f74_small.jpg?ssl=1\" border=\"0\" vspace=\"2\" \/><\/a><br \/>\nPulverizador Avola, da Baldan Implementos Agr\u00edcolas, possui o maior poder de rampa da categoria<br \/>\n<a href=\"https:\/\/imagens.pressmanager.net\/download?foto_id=4223595&amp;release_id=487299&amp;contato_id=%%CONTATO_ID%%&amp;did=1014511868&amp;envio_id=1383724&amp;hash=f37bdc2f1953fdc20a27618f2298de42\"<\/a><\/td>\n<\/tr>\n<\/tbody>\n<\/table>\n<div>\n<div><\/div>\n<\/div>\n<\/div>\n<p><img decoding=\"async\" src=\"data:image\/gif;base64,R0lGODlhAQABAIAAAAAAAP\/\/\/ywAAAAAAQABAAACAUwAOw==\" fifu-lazy=\"1\" fifu-data-sizes=\"auto\" fifu-data-srcset=\"https:\/\/i3.wp.com\/click.pressmanager.net\/log_leitura_email?envio_id=1383724&did=1014511868&imglog=1&hash=f37bdc2f1953fdc20a27618f2298de42&ssl=1&w=75&resize=75&ssl=1 75w, https:\/\/i3.wp.com\/click.pressmanager.net\/log_leitura_email?envio_id=1383724&did=1014511868&imglog=1&hash=f37bdc2f1953fdc20a27618f2298de42&ssl=1&w=100&resize=100&ssl=1 100w, https:\/\/i3.wp.com\/click.pressmanager.net\/log_leitura_email?envio_id=1383724&did=1014511868&imglog=1&hash=f37bdc2f1953fdc20a27618f2298de42&ssl=1&w=150&resize=150&ssl=1 150w, https:\/\/i3.wp.com\/click.pressmanager.net\/log_leitura_email?envio_id=1383724&did=1014511868&imglog=1&hash=f37bdc2f1953fdc20a27618f2298de42&ssl=1&w=240&resize=240&ssl=1 240w, https:\/\/i3.wp.com\/click.pressmanager.net\/log_leitura_email?envio_id=1383724&did=1014511868&imglog=1&hash=f37bdc2f1953fdc20a27618f2298de42&ssl=1&w=320&resize=320&ssl=1 320w, https:\/\/i3.wp.com\/click.pressmanager.net\/log_leitura_email?envio_id=1383724&did=1014511868&imglog=1&hash=f37bdc2f1953fdc20a27618f2298de42&ssl=1&w=500&resize=500&ssl=1 500w, https:\/\/i3.wp.com\/click.pressmanager.net\/log_leitura_email?envio_id=1383724&did=1014511868&imglog=1&hash=f37bdc2f1953fdc20a27618f2298de42&ssl=1&w=640&resize=640&ssl=1 640w, https:\/\/i3.wp.com\/click.pressmanager.net\/log_leitura_email?envio_id=1383724&did=1014511868&imglog=1&hash=f37bdc2f1953fdc20a27618f2298de42&ssl=1&w=800&resize=800&ssl=1 800w, https:\/\/i3.wp.com\/click.pressmanager.net\/log_leitura_email?envio_id=1383724&did=1014511868&imglog=1&hash=f37bdc2f1953fdc20a27618f2298de42&ssl=1&w=1024&resize=1024&ssl=1 1024w, https:\/\/i3.wp.com\/click.pressmanager.net\/log_leitura_email?envio_id=1383724&did=1014511868&imglog=1&hash=f37bdc2f1953fdc20a27618f2298de42&ssl=1&w=1280&resize=1280&ssl=1 1280w, https:\/\/i3.wp.com\/click.pressmanager.net\/log_leitura_email?envio_id=1383724&did=1014511868&imglog=1&hash=f37bdc2f1953fdc20a27618f2298de42&ssl=1&w=1600&resize=1600&ssl=1 1600w\" fifu-data-src=\"https:\/\/i3.wp.com\/click.pressmanager.net\/log_leitura_email?envio_id=1383724&did=1014511868&imglog=1&hash=f37bdc2f1953fdc20a27618f2298de42&ssl=1\" alt=\"\" \/><\/p>\n<div><\/div>\n<p>&nbsp;<\/p>\n<\/div>\n","protected":false},"excerpt":{"rendered":"<p>&nbsp; &nbsp; &nbsp; Empresa, que completou 95 anos em 2023, revitaliza design dos produtos, inicia&#8230;<\/p>\n","protected":false},"author":1,"featured_media":0,"comment_status":"closed","ping_status":"closed","sticky":false,"template":"","format":"standard","meta":{"fifu_image_url":"","fifu_image_alt":"","footnotes":""},"categories":[727],"tags":[],"class_list":["post-66886","post","type-post","status-publish","format-standard","hentry","category-noticias","wpcat-727-id"],"_links":{"self":[{"href":"https:\/\/verde-amarelo.net\/verdeamarelo\/wp-json\/wp\/v2\/posts\/66886","targetHints":{"allow":["GET"]}}],"collection":[{"href":"https:\/\/verde-amarelo.net\/verdeamarelo\/wp-json\/wp\/v2\/posts"}],"about":[{"href":"https:\/\/verde-amarelo.net\/verdeamarelo\/wp-json\/wp\/v2\/types\/post"}],"author":[{"embeddable":true,"href":"https:\/\/verde-amarelo.net\/verdeamarelo\/wp-json\/wp\/v2\/users\/1"}],"replies":[{"embeddable":true,"href":"https:\/\/verde-amarelo.net\/verdeamarelo\/wp-json\/wp\/v2\/comments?post=66886"}],"version-history":[{"count":0,"href":"https:\/\/verde-amarelo.net\/verdeamarelo\/wp-json\/wp\/v2\/posts\/66886\/revisions"}],"wp:attachment":[{"href":"https:\/\/verde-amarelo.net\/verdeamarelo\/wp-json\/wp\/v2\/media?parent=66886"}],"wp:term":[{"taxonomy":"category","embeddable":true,"href":"https:\/\/verde-amarelo.net\/verdeamarelo\/wp-json\/wp\/v2\/categories?post=66886"},{"taxonomy":"post_tag","embeddable":true,"href":"https:\/\/verde-amarelo.net\/verdeamarelo\/wp-json\/wp\/v2\/tags?post=66886"}],"curies":[{"name":"wp","href":"https:\/\/api.w.org\/{rel}","templated":true}]}}