{"id":66893,"date":"2023-04-25T13:30:00","date_gmt":"2023-04-25T16:30:00","guid":{"rendered":"https:\/\/verde-amarelo.net\/verdeamarelo\/?p=66893"},"modified":"2024-01-18T17:06:02","modified_gmt":"2024-01-18T20:06:02","slug":"nucleo-de-cultura-promove-acao-para-celebrar-dia-das-maes","status":"publish","type":"post","link":"https:\/\/verde-amarelo.net\/verdeamarelo\/2023\/04\/nucleo-de-cultura-promove-acao-para-celebrar-dia-das-maes\/","title":{"rendered":"N\u00facleo de Cultura promove a\u00e7\u00e3o para celebrar Dia das M\u00e3es"},"content":{"rendered":"<div class=\"postie-post\">\n<div dir=\"ltr\">\n<p dir=\"ltr\" style=\"line-height: 1.38; margin-top: 0pt; margin-bottom: 0pt;\">\n<p dir=\"ltr\" style=\"line-height: 1.38; margin-top: 0pt; margin-bottom: 0pt;\"><span style=\"font-size: 12pt; font-family: Arial; color: #000000; font-style: italic; font-variant-numeric: normal; font-variant-east-asian: normal; font-variant-alternates: normal; vertical-align: baseline; white-space: pre-wrap;\">Oficina fotogr\u00e1fica gratuita para m\u00e3es e filhos acontecer\u00e1 no gramado do Centro Cultural Univates<\/span><\/p>\n<p>&nbsp;<\/p>\n<p dir=\"ltr\" style=\"line-height: 1.38; margin-top: 0pt; margin-bottom: 0pt;\"><span style=\"font-size: 12pt; font-family: Arial; color: #000000; font-variant-numeric: normal; font-variant-east-asian: normal; font-variant-alternates: normal; vertical-align: baseline; white-space: pre-wrap;\">O Dia das M\u00e3es, comemorado neste ano no dia 14 de maio, homenageia a figura materna e a maternidade. Para celebrar a data, o N\u00facleo de Cultura da <\/span><a style=\"text-decoration-line: none;\" href=\"http:\/\/www.univates.br\" target=\"_blank\" rel=\"noopener\"><span style=\"font-size: 12pt; font-family: Arial; font-variant-numeric: normal; font-variant-east-asian: normal; font-variant-alternates: normal; text-decoration-line: underline; vertical-align: baseline; white-space: pre-wrap;\">Universidade do Vale do Taquari &#8211; Univates <\/span><\/a><span style=\"font-size: 12pt; font-family: Arial; color: #000000; font-variant-numeric: normal; font-variant-east-asian: normal; font-variant-alternates: normal; vertical-align: baseline; white-space: pre-wrap;\">promover\u00e1 a oficina fotogr\u00e1fica \u201cM\u00e3es Atrav\u00e9s das Lentes\u201d, na qual filhos poder\u00e3o fotografar suas m\u00e3es ou figuras maternas para mostrar como as veem por meio das lentes fotogr\u00e1ficas. A atividade \u00e9 voltada para m\u00e3es, figuras maternas e filhos. Os interessados podem se inscrever neste <\/span><a style=\"text-decoration-line: none;\" href=\"https:\/\/www.univates.br\/sistemas\/inscricoes\/processo-7057\" target=\"_blank\" rel=\"noopener\"><span style=\"font-size: 12pt; font-family: Arial; font-style: italic; font-variant-numeric: normal; font-variant-east-asian: normal; font-variant-alternates: normal; text-decoration-line: underline; vertical-align: baseline; white-space: pre-wrap;\">link<\/span><\/a><span style=\"font-size: 12pt; font-family: Arial; color: #000000; font-variant-numeric: normal; font-variant-east-asian: normal; font-variant-alternates: normal; vertical-align: baseline; white-space: pre-wrap;\">.\u00a0<\/span><\/p>\n<p><span id=\"m_3391089481489693879gmail-docs-internal-guid-070108a6-7fff-95c5-532c-7724fccded76\"><\/span><\/p>\n<p dir=\"ltr\" style=\"line-height: 1.38; margin-top: 0pt; margin-bottom: 0pt;\"><span style=\"font-size: 12pt; font-family: Arial; color: #000000; font-variant-numeric: normal; font-variant-east-asian: normal; font-variant-alternates: normal; vertical-align: baseline; white-space: pre-wrap;\">Em a\u00e7\u00e3o conjunta com o Laborat\u00f3rio Est\u00fadio Fotogr\u00e1fico, a oficina ser\u00e1 realizada no dia 6 de maio, das 17h30min \u00e0s 18h30min, no gramado do Centro Cultural Univates, sendo ministrada pelo professor Mois\u00e9s Ruschel, do curso T\u00e9cnico em Processos Fotogr\u00e1ficos. No outono, o hor\u00e1rio em que a oficina ser\u00e1 realizada compreende o momento imediatamente anterior ao cair da noite, no qual os tons do p\u00f4r do sol e do crep\u00fasculo favorecem composi\u00e7\u00f5es fotogr\u00e1ficas com cores suaves. Em caso de chuva, o evento ser\u00e1 transferido para outra data.\u00a0<\/span><span style=\"color: #000000; font-family: Arial; font-size: 12pt; white-space: pre-wrap;\">\u00a0<\/span><\/p>\n<p>&nbsp;<\/p>\n<p dir=\"ltr\" style=\"line-height: 1.38; margin-top: 0pt; margin-bottom: 0pt;\"><span style=\"font-size: 12pt; font-family: Arial; color: #000000; font-variant-numeric: normal; font-variant-east-asian: normal; font-variant-alternates: normal; vertical-align: baseline; white-space: pre-wrap;\">C\u00e2meras semiprofissionais ser\u00e3o disponibilizadas aos inscritos que demonstrarem interesse no momento da inscri\u00e7\u00e3o. O interessado tamb\u00e9m pode escolher trazer seu pr\u00f3prio equipamento fotogr\u00e1fico, caso tenha. A a\u00e7\u00e3o tem por objetivo realizar um momento de aproxima\u00e7\u00e3o entre m\u00e3es e filhos, no qual possam expressar com a fotografia a forma como enxergam a figura materna.\u00a0<\/span><\/p>\n<p>&nbsp;<\/p>\n<p dir=\"ltr\" style=\"line-height: 1.38; margin-top: 0pt; margin-bottom: 0pt;\"><span style=\"font-size: 12pt; font-family: Arial; color: #000000; font-variant-numeric: normal; font-variant-east-asian: normal; font-variant-alternates: normal; vertical-align: baseline; white-space: pre-wrap;\">Posteriormente, para eternizar o momento, o N\u00facleo de Cultura da Univates ir\u00e1 imprimir uma foto por dupla e organizar uma exposi\u00e7\u00e3o fotogr\u00e1fica, que acontecer\u00e1 no dia 21 de maio, no evento Gramado Cultural.<\/span><\/p>\n<p>&nbsp;<\/p>\n<p dir=\"ltr\" style=\"line-height: 1.38; margin-top: 0pt; margin-bottom: 0pt;\"><span style=\"font-size: 12pt; font-family: Arial; color: #333333; font-weight: bold; font-style: italic; font-variant-numeric: normal; font-variant-east-asian: normal; font-variant-alternates: normal; vertical-align: baseline; white-space: pre-wrap;\">Fique por dentro de tudo o que acontece na Univates. Clique nos <\/span><span style=\"font-size: 12pt; font-family: Arial; color: #333333; font-weight: bold; font-variant-numeric: normal; font-variant-east-asian: normal; font-variant-alternates: normal; vertical-align: baseline; white-space: pre-wrap;\">links<\/span><span style=\"font-size: 12pt; font-family: Arial; color: #333333; font-weight: bold; font-style: italic; font-variant-numeric: normal; font-variant-east-asian: normal; font-variant-alternates: normal; vertical-align: baseline; white-space: pre-wrap;\"> a seguir e receba diariamente as not\u00edcias no seu<\/span><a style=\"text-decoration-line: none;\" href=\"https:\/\/bit.ly\/32xj17j\" target=\"_blank\" rel=\"noopener\"> <span style=\"font-size: 12pt; font-family: Arial; color: #005779; font-weight: bold; font-variant-numeric: normal; font-variant-east-asian: normal; font-variant-alternates: normal; vertical-align: baseline; white-space: pre-wrap;\">WhatsApp<\/span><\/a><span style=\"font-size: 12pt; font-family: Arial; color: #333333; font-weight: bold; font-style: italic; font-variant-numeric: normal; font-variant-east-asian: normal; font-variant-alternates: normal; vertical-align: baseline; white-space: pre-wrap;\"> ou no<\/span><a style=\"text-decoration-line: none;\" href=\"https:\/\/bit.ly\/3HBAfzt\" target=\"_blank\" rel=\"noopener\"> <span style=\"font-size: 12pt; font-family: Arial; color: #005779; font-weight: bold; font-variant-numeric: normal; font-variant-east-asian: normal; font-variant-alternates: normal; vertical-align: baseline; white-space: pre-wrap;\">Telegram<\/span><\/a><span style=\"font-size: 12pt; font-family: Arial; color: #333333; font-weight: bold; font-style: italic; font-variant-numeric: normal; font-variant-east-asian: normal; font-variant-alternates: normal; vertical-align: baseline; white-space: pre-wrap;\">.\u00a0<\/span><\/p>\n<p>&nbsp;<\/p>\n<p dir=\"ltr\" style=\"line-height: 1.38; margin-top: 0pt; margin-bottom: 0pt;\"><span style=\"font-size: 12pt; font-family: Arial; color: #000000; font-variant-numeric: normal; font-variant-east-asian: normal; font-variant-alternates: normal; vertical-align: baseline; white-space: pre-wrap;\">Texto: Reda\u00e7\u00e3o Univates\u00a0<\/span><\/p>\n<p dir=\"ltr\" style=\"line-height: 1.38; margin-top: 0pt; margin-bottom: 0pt;\"><span style=\"font-size: 12pt; font-family: Arial; color: #000000; font-variant-numeric: normal; font-variant-east-asian: normal; font-variant-alternates: normal; vertical-align: baseline; white-space: pre-wrap;\">Imagens:\u00a0<\/span><\/p>\n<p dir=\"ltr\" style=\"line-height: 1.38; margin-top: 0pt; margin-bottom: 0pt;\"><span style=\"font-size: 12pt; font-family: Arial; color: #000000; font-variant-numeric: normal; font-variant-east-asian: normal; font-variant-alternates: normal; vertical-align: baseline; white-space: pre-wrap;\">1) Ilustrativa para golden hour no Teatro Univates &#8211; Cr\u00e9dito &#8211; Lucas George Wendt<\/span><\/p>\n<p dir=\"ltr\" style=\"line-height: 1.38; margin-top: 0pt; margin-bottom: 0pt;\"><span style=\"font-size: 12pt; font-family: Arial; color: #000000; font-variant-numeric: normal; font-variant-east-asian: normal; font-variant-alternates: normal; vertical-align: baseline; white-space: pre-wrap;\">2) Ilustrativa para golden hour no Teatro Univates &#8211; Cr\u00e9dito &#8211; Lucas George Wendt\u00a0<\/span><\/p>\n<p>&nbsp;<\/p>\n<div>\n<div dir=\"ltr\" data-smartmail=\"gmail_signature\">\n<div dir=\"ltr\">\n<div dir=\"ltr\">\n<div dir=\"ltr\">\n<div dir=\"ltr\">\n<div dir=\"ltr\">\n<div><u><span style=\"color: #3d85c6;\">\u00a0<\/span><\/u><\/div>\n<div><b><span style=\"color: #000000;\">Assessoria de Imprensa\u00a0<\/span><\/b><\/div>\n<div><span style=\"color: #000000;\">Setor de Marketing e Comunica\u00e7\u00e3o &#8211; Univates<\/span><\/div>\n<div><span style=\"color: #000000;\">WhatsApp: <a href=\"https:\/\/bit.ly\/3XsLHFH\" target=\"_blank\" rel=\"noopener\">+55 51\u00a09 9606-3234<\/a><\/span><\/div>\n<div><span style=\"color: #000000;\">Fixo: +55 51 3714-7018<\/span><span style=\"color: #000000;\"><br \/>\n<\/span><\/div>\n<div><span style=\"color: #000000;\">Lajeado &#8211; RS &#8211; Brasil<br \/>\n<\/span><\/div>\n<div><span style=\"color: #000000;\"><a href=\"http:\/\/facebook.com\/univates\" target=\"_blank\" rel=\"noopener\">facebook.com\/univates<\/a>\u00a0|\u00a0<a href=\"http:\/\/twitter.com\/univates\" target=\"_blank\" rel=\"noopener\">twitter.com\/univates<\/a><\/span><\/div>\n<div><span style=\"color: #000000;\"><a href=\"http:\/\/instagram.com\/univates\" target=\"_blank\" rel=\"noopener\">instagram.com\/univates<\/a>\u00a0|\u00a0<a href=\"http:\/\/flickr.com\/univates\" target=\"_blank\" rel=\"noopener\">flickr.com\/univates<\/a><\/span><\/div>\n<div><span style=\"color: #000000;\"><a href=\"http:\/\/linkedin.com\/univates\" target=\"_blank\" rel=\"noopener\">linkedin.com\/univates<\/a><\/span><\/div>\n<\/div>\n<\/div>\n<\/div>\n<\/div>\n<\/div>\n<\/div>\n<\/div>\n<\/div>\n<div class=\"postie-attachments\"><a href=\"https:\/\/verde-amarelo.net\/verdeamarelo\/?attachment_id=66895\"><img decoding=\"async\" src=\"data:image\/gif;base64,R0lGODlhAQABAIAAAAAAAP\/\/\/ywAAAAAAQABAAACAUwAOw==\" fifu-lazy=\"1\" fifu-data-sizes=\"auto\" fifu-data-srcset=\"https:\/\/i1.wp.com\/verde-amarelo.net\/verdeamarelo\/wp-content\/uploads\/2023\/04\/1-Ilustrativa-para-golden-hour-no-Teatro-Univates-Credito-Lucas-George-Wendt-430x287.webp?ssl=1&w=75&resize=75&ssl=1 75w, https:\/\/i1.wp.com\/verde-amarelo.net\/verdeamarelo\/wp-content\/uploads\/2023\/04\/1-Ilustrativa-para-golden-hour-no-Teatro-Univates-Credito-Lucas-George-Wendt-430x287.webp?ssl=1&w=100&resize=100&ssl=1 100w, https:\/\/i1.wp.com\/verde-amarelo.net\/verdeamarelo\/wp-content\/uploads\/2023\/04\/1-Ilustrativa-para-golden-hour-no-Teatro-Univates-Credito-Lucas-George-Wendt-430x287.webp?ssl=1&w=150&resize=150&ssl=1 150w, https:\/\/i1.wp.com\/verde-amarelo.net\/verdeamarelo\/wp-content\/uploads\/2023\/04\/1-Ilustrativa-para-golden-hour-no-Teatro-Univates-Credito-Lucas-George-Wendt-430x287.webp?ssl=1&w=240&resize=240&ssl=1 240w, https:\/\/i1.wp.com\/verde-amarelo.net\/verdeamarelo\/wp-content\/uploads\/2023\/04\/1-Ilustrativa-para-golden-hour-no-Teatro-Univates-Credito-Lucas-George-Wendt-430x287.webp?ssl=1&w=320&resize=320&ssl=1 320w, https:\/\/i1.wp.com\/verde-amarelo.net\/verdeamarelo\/wp-content\/uploads\/2023\/04\/1-Ilustrativa-para-golden-hour-no-Teatro-Univates-Credito-Lucas-George-Wendt-430x287.webp?ssl=1&w=500&resize=500&ssl=1 500w, https:\/\/i1.wp.com\/verde-amarelo.net\/verdeamarelo\/wp-content\/uploads\/2023\/04\/1-Ilustrativa-para-golden-hour-no-Teatro-Univates-Credito-Lucas-George-Wendt-430x287.webp?ssl=1&w=640&resize=640&ssl=1 640w, https:\/\/i1.wp.com\/verde-amarelo.net\/verdeamarelo\/wp-content\/uploads\/2023\/04\/1-Ilustrativa-para-golden-hour-no-Teatro-Univates-Credito-Lucas-George-Wendt-430x287.webp?ssl=1&w=800&resize=800&ssl=1 800w, https:\/\/i1.wp.com\/verde-amarelo.net\/verdeamarelo\/wp-content\/uploads\/2023\/04\/1-Ilustrativa-para-golden-hour-no-Teatro-Univates-Credito-Lucas-George-Wendt-430x287.webp?ssl=1&w=1024&resize=1024&ssl=1 1024w, https:\/\/i1.wp.com\/verde-amarelo.net\/verdeamarelo\/wp-content\/uploads\/2023\/04\/1-Ilustrativa-para-golden-hour-no-Teatro-Univates-Credito-Lucas-George-Wendt-430x287.webp?ssl=1&w=1280&resize=1280&ssl=1 1280w, https:\/\/i1.wp.com\/verde-amarelo.net\/verdeamarelo\/wp-content\/uploads\/2023\/04\/1-Ilustrativa-para-golden-hour-no-Teatro-Univates-Credito-Lucas-George-Wendt-430x287.webp?ssl=1&w=1600&resize=1600&ssl=1 1600w\" class=\"alignnone size-medium wp-image-66895\" fifu-data-src=\"https:\/\/i1.wp.com\/verde-amarelo.net\/verdeamarelo\/wp-content\/uploads\/2023\/04\/1-Ilustrativa-para-golden-hour-no-Teatro-Univates-Credito-Lucas-George-Wendt-430x287.webp?ssl=1\" alt=\"\" width=\"430px\" height=\"287px\" \/><\/a><\/div>\n<\/div>\n","protected":false},"excerpt":{"rendered":"<p>Oficina fotogr\u00e1fica gratuita para m\u00e3es e filhos acontecer\u00e1 no gramado do Centro Cultural Univates &nbsp;&#8230;<\/p>\n","protected":false},"author":1,"featured_media":66894,"comment_status":"closed","ping_status":"closed","sticky":false,"template":"","format":"standard","meta":{"fifu_image_url":"","fifu_image_alt":"","footnotes":""},"categories":[7490],"tags":[],"class_list":["post-66893","post","type-post","status-publish","format-standard","has-post-thumbnail","hentry","category-cultura","wpcat-7490-id"],"_links":{"self":[{"href":"https:\/\/verde-amarelo.net\/verdeamarelo\/wp-json\/wp\/v2\/posts\/66893","targetHints":{"allow":["GET"]}}],"collection":[{"href":"https:\/\/verde-amarelo.net\/verdeamarelo\/wp-json\/wp\/v2\/posts"}],"about":[{"href":"https:\/\/verde-amarelo.net\/verdeamarelo\/wp-json\/wp\/v2\/types\/post"}],"author":[{"embeddable":true,"href":"https:\/\/verde-amarelo.net\/verdeamarelo\/wp-json\/wp\/v2\/users\/1"}],"replies":[{"embeddable":true,"href":"https:\/\/verde-amarelo.net\/verdeamarelo\/wp-json\/wp\/v2\/comments?post=66893"}],"version-history":[{"count":0,"href":"https:\/\/verde-amarelo.net\/verdeamarelo\/wp-json\/wp\/v2\/posts\/66893\/revisions"}],"wp:featuredmedia":[{"embeddable":true,"href":"https:\/\/verde-amarelo.net\/verdeamarelo\/wp-json\/wp\/v2\/media\/66894"}],"wp:attachment":[{"href":"https:\/\/verde-amarelo.net\/verdeamarelo\/wp-json\/wp\/v2\/media?parent=66893"}],"wp:term":[{"taxonomy":"category","embeddable":true,"href":"https:\/\/verde-amarelo.net\/verdeamarelo\/wp-json\/wp\/v2\/categories?post=66893"},{"taxonomy":"post_tag","embeddable":true,"href":"https:\/\/verde-amarelo.net\/verdeamarelo\/wp-json\/wp\/v2\/tags?post=66893"}],"curies":[{"name":"wp","href":"https:\/\/api.w.org\/{rel}","templated":true}]}}