{"id":66896,"date":"2023-04-25T13:36:33","date_gmt":"2023-04-25T16:36:33","guid":{"rendered":"https:\/\/verde-amarelo.net\/verdeamarelo\/?p=66896"},"modified":"2023-04-25T21:34:23","modified_gmt":"2023-04-26T00:34:23","slug":"massagens-confira-as-diferencas-entre-as-modalidades-e-como-potencializar-os-resultados","status":"publish","type":"post","link":"https:\/\/verde-amarelo.net\/verdeamarelo\/2023\/04\/massagens-confira-as-diferencas-entre-as-modalidades-e-como-potencializar-os-resultados\/","title":{"rendered":"Massagens: confira as diferen\u00e7as entre as modalidades e como potencializar os resultados"},"content":{"rendered":"<div class=\"postie-post\">\n<p>&nbsp;<\/p>\n<div style=\"font-family: Arial; font-size: 10pt;\">\n<p><img decoding=\"async\" src=\"data:image\/gif;base64,R0lGODlhAQABAIAAAAAAAP\/\/\/ywAAAAAAQABAAACAUwAOw==\" fifu-lazy=\"1\" fifu-data-sizes=\"auto\" fifu-data-srcset=\"https:\/\/i0.wp.com\/files.pressmanager.net\/clientes\/2607afa7b5faec26b9a4b3883ff8c64a\/imagens\/2023\/03\/06\/45024ce55d1ce61a1175eae2db778525.png?ssl=1&w=75&resize=75&ssl=1 75w, https:\/\/i0.wp.com\/files.pressmanager.net\/clientes\/2607afa7b5faec26b9a4b3883ff8c64a\/imagens\/2023\/03\/06\/45024ce55d1ce61a1175eae2db778525.png?ssl=1&w=100&resize=100&ssl=1 100w, https:\/\/i0.wp.com\/files.pressmanager.net\/clientes\/2607afa7b5faec26b9a4b3883ff8c64a\/imagens\/2023\/03\/06\/45024ce55d1ce61a1175eae2db778525.png?ssl=1&w=150&resize=150&ssl=1 150w, https:\/\/i0.wp.com\/files.pressmanager.net\/clientes\/2607afa7b5faec26b9a4b3883ff8c64a\/imagens\/2023\/03\/06\/45024ce55d1ce61a1175eae2db778525.png?ssl=1&w=240&resize=240&ssl=1 240w, https:\/\/i0.wp.com\/files.pressmanager.net\/clientes\/2607afa7b5faec26b9a4b3883ff8c64a\/imagens\/2023\/03\/06\/45024ce55d1ce61a1175eae2db778525.png?ssl=1&w=320&resize=320&ssl=1 320w, https:\/\/i0.wp.com\/files.pressmanager.net\/clientes\/2607afa7b5faec26b9a4b3883ff8c64a\/imagens\/2023\/03\/06\/45024ce55d1ce61a1175eae2db778525.png?ssl=1&w=500&resize=500&ssl=1 500w, https:\/\/i0.wp.com\/files.pressmanager.net\/clientes\/2607afa7b5faec26b9a4b3883ff8c64a\/imagens\/2023\/03\/06\/45024ce55d1ce61a1175eae2db778525.png?ssl=1&w=640&resize=640&ssl=1 640w, https:\/\/i0.wp.com\/files.pressmanager.net\/clientes\/2607afa7b5faec26b9a4b3883ff8c64a\/imagens\/2023\/03\/06\/45024ce55d1ce61a1175eae2db778525.png?ssl=1&w=800&resize=800&ssl=1 800w, https:\/\/i0.wp.com\/files.pressmanager.net\/clientes\/2607afa7b5faec26b9a4b3883ff8c64a\/imagens\/2023\/03\/06\/45024ce55d1ce61a1175eae2db778525.png?ssl=1&w=1024&resize=1024&ssl=1 1024w, https:\/\/i0.wp.com\/files.pressmanager.net\/clientes\/2607afa7b5faec26b9a4b3883ff8c64a\/imagens\/2023\/03\/06\/45024ce55d1ce61a1175eae2db778525.png?ssl=1&w=1280&resize=1280&ssl=1 1280w, https:\/\/i0.wp.com\/files.pressmanager.net\/clientes\/2607afa7b5faec26b9a4b3883ff8c64a\/imagens\/2023\/03\/06\/45024ce55d1ce61a1175eae2db778525.png?ssl=1&w=1600&resize=1600&ssl=1 1600w\" fifu-data-src=\"https:\/\/i0.wp.com\/files.pressmanager.net\/clientes\/2607afa7b5faec26b9a4b3883ff8c64a\/imagens\/2023\/03\/06\/45024ce55d1ce61a1175eae2db778525.png?ssl=1\" alt=\"DIVAS\" \/><\/p>\n<div style=\"text-align: left;\">\n<p style=\"font-size: 14pt; font-weight: bold; text-align: center;\">\n<p style=\"font-size: 12pt; text-align: center;\"><i>Empres\u00e1ria brasileira radicada na Fran\u00e7a explica os objetivos de cada massagem realizada no Centro de Est\u00e9tica e Beleza Diva&#8217;s Brazilian<\/i><\/p>\n<div style=\"text-align: justify; font-size: 11pt;\">\n<p style=\"text-align: justify;\"><span style=\"font-weight: 400; font-size: 12pt;\">Quem n\u00e3o gosta de uma boa massagem para aliviar a tens\u00e3o e desestressar? Ou, ainda, para diminuir o incha\u00e7o e at\u00e9 perder medidas? Existem muitas alternativas de massagem no mercado de est\u00e9tica, mas nem todos sabem as diferen\u00e7as entre elas ou qual escolher ao contratar.<\/span><\/p>\n<p style=\"text-align: justify;\"><span style=\"font-weight: 400; font-size: 12pt;\">De acordo com <a href=\"%20https:\/www.instagram.com\/j.divasparis\/\">Juciara Auade<\/a>, fundadora do Centro de Est\u00e9tica e Beleza Diva&#8217;s Brazilian, localizado no centro de Paris, uma boa massagem pode fazer milagres no dia de algu\u00e9m, ajudando a conquistar resultados r\u00e1pidos que v\u00e3o desde aumentar a autoestima at\u00e9 entrar naquela roupa t\u00e3o desejada.<\/span><\/p>\n<p style=\"text-align: justify;\"><span style=\"font-weight: 400; font-size: 12pt;\">&#8220;Na cl\u00ednica trabalhamos com tr\u00eas tipos de massagem: a linf\u00e1tica, a modeladora e a relaxante. Essa \u00faltima \u00e9 a maior procurada pelos franceses. \u00c9 uma \u00f3tima alternativa para quem quer relaxar e eliminar o estresse do dia a dia&#8221;, explica.<\/span><\/p>\n<p style=\"text-align: justify;\"><span style=\"font-weight: 400; font-size: 12pt;\">Juciara conta que para quem n\u00e3o quer apenas relaxar, mas tamb\u00e9m eliminar o excesso de l\u00edquido corporal, uma boa pedida \u00e9 a massagem &#8211; ou drenagem &#8211; linf\u00e1tica. &#8221; Ela \u00e9 indicada para pessoas que est\u00e3o muito inchadas&#8221;, afirma.<\/span><\/p>\n<p style=\"text-align: justify;\"><span style=\"font-weight: 400; font-size: 12pt;\">J\u00e1 a massagem modeladora serve para modelar o corpo e obter resultados r\u00e1pidos. &#8220;\u00c9 indicada para a cliente que vai para um evento e quer entrar em uma roupa que n\u00e3o cabe mais, por exemplo. Parece brincadeira, mas no mesmo dia ela sai com o corpo modelado. \u00c9 quase um milagre!&#8221;, brinca.<\/span><\/p>\n<p style=\"text-align: justify;\"><span style=\"font-weight: 400; font-size: 12pt;\">Para potencializar os resultados de qualquer uma das massagens, a fundadora do Diva &#8216;s Brazilian afirma que alguns h\u00e1bitos ajudam. &#8220;Pedimos \u00e0s clientes para manter uma alimenta\u00e7\u00e3o equilibrada, beber bastante \u00e1gua e estar com os exerc\u00edcios f\u00edsicos em dia&#8221;, diz. &#8220;Fazendo isso, elas ajudam a tornar os resultados das massagens ainda melhores!&#8221;.<\/span><\/p>\n<p style=\"text-align: justify;\"><span style=\"font-size: 12pt;\"><strong>Sobre Juciara Auade<\/strong><\/span><\/p>\n<p style=\"text-align: justify;\"><span style=\"font-size: 12pt;\"><span style=\"font-weight: 400;\">Juciara Auade, 39 anos, \u00e9 carioca, mas vive na Fran\u00e7a. \u00c9 enfermeira e profissional da \u00e1rea de est\u00e9tica e cosmetologia. Tamb\u00e9m \u00e9 p\u00f3s-graduada em est\u00e9tica em sa\u00fade pela FAMESP. Desde 2021, empreende em Paris com seu Centro de Est\u00e9tica e Beleza Diva&#8217;s Brazilian. Em 2022, ganhou a premia\u00e7\u00e3o &#8220;Melhor do Brasil na Europa&#8221; na categoria &#8220;Est\u00e9tica&#8221;.\u00a0\u00a0<\/span><span style=\"font-weight: 400;\">Mais informa\u00e7\u00f5es pelas redes <\/span><a href=\"https:\/\/www.instagram.com\/j.divasparis\/\"><span style=\"font-weight: 400;\">https:\/\/www.instagram.com\/j.divasparis\/<\/span><\/a><span style=\"font-weight: 400;\">\u00a0 ou pelo site<\/span><span style=\"font-weight: 400;\">, acesse<\/span> <a href=\"https:\/\/www.divasbrazilian.com\/\"><span style=\"font-weight: 400;\">https:\/\/www.divasbrazilian.com\/<\/span><\/a><\/span><\/p>\n<\/div>\n<\/div>\n<p>&nbsp;<\/p>\n<p><center><img decoding=\"async\" src=\"data:image\/gif;base64,R0lGODlhAQABAIAAAAAAAP\/\/\/ywAAAAAAQABAAACAUwAOw==\" fifu-lazy=\"1\" fifu-data-sizes=\"auto\" fifu-data-srcset=\"https:\/\/i2.wp.com\/files.pressmanager.net\/clientes\/2607afa7b5faec26b9a4b3883ff8c64a\/imagens\/2023\/04\/25\/6e5ad739a6e8dbab16d2a0b13b1b3af8_small.jpg?ssl=1&w=75&resize=75&ssl=1 75w, https:\/\/i2.wp.com\/files.pressmanager.net\/clientes\/2607afa7b5faec26b9a4b3883ff8c64a\/imagens\/2023\/04\/25\/6e5ad739a6e8dbab16d2a0b13b1b3af8_small.jpg?ssl=1&w=100&resize=100&ssl=1 100w, https:\/\/i2.wp.com\/files.pressmanager.net\/clientes\/2607afa7b5faec26b9a4b3883ff8c64a\/imagens\/2023\/04\/25\/6e5ad739a6e8dbab16d2a0b13b1b3af8_small.jpg?ssl=1&w=150&resize=150&ssl=1 150w, https:\/\/i2.wp.com\/files.pressmanager.net\/clientes\/2607afa7b5faec26b9a4b3883ff8c64a\/imagens\/2023\/04\/25\/6e5ad739a6e8dbab16d2a0b13b1b3af8_small.jpg?ssl=1&w=240&resize=240&ssl=1 240w, https:\/\/i2.wp.com\/files.pressmanager.net\/clientes\/2607afa7b5faec26b9a4b3883ff8c64a\/imagens\/2023\/04\/25\/6e5ad739a6e8dbab16d2a0b13b1b3af8_small.jpg?ssl=1&w=320&resize=320&ssl=1 320w, https:\/\/i2.wp.com\/files.pressmanager.net\/clientes\/2607afa7b5faec26b9a4b3883ff8c64a\/imagens\/2023\/04\/25\/6e5ad739a6e8dbab16d2a0b13b1b3af8_small.jpg?ssl=1&w=500&resize=500&ssl=1 500w, https:\/\/i2.wp.com\/files.pressmanager.net\/clientes\/2607afa7b5faec26b9a4b3883ff8c64a\/imagens\/2023\/04\/25\/6e5ad739a6e8dbab16d2a0b13b1b3af8_small.jpg?ssl=1&w=640&resize=640&ssl=1 640w, https:\/\/i2.wp.com\/files.pressmanager.net\/clientes\/2607afa7b5faec26b9a4b3883ff8c64a\/imagens\/2023\/04\/25\/6e5ad739a6e8dbab16d2a0b13b1b3af8_small.jpg?ssl=1&w=800&resize=800&ssl=1 800w, https:\/\/i2.wp.com\/files.pressmanager.net\/clientes\/2607afa7b5faec26b9a4b3883ff8c64a\/imagens\/2023\/04\/25\/6e5ad739a6e8dbab16d2a0b13b1b3af8_small.jpg?ssl=1&w=1024&resize=1024&ssl=1 1024w, https:\/\/i2.wp.com\/files.pressmanager.net\/clientes\/2607afa7b5faec26b9a4b3883ff8c64a\/imagens\/2023\/04\/25\/6e5ad739a6e8dbab16d2a0b13b1b3af8_small.jpg?ssl=1&w=1280&resize=1280&ssl=1 1280w, https:\/\/i2.wp.com\/files.pressmanager.net\/clientes\/2607afa7b5faec26b9a4b3883ff8c64a\/imagens\/2023\/04\/25\/6e5ad739a6e8dbab16d2a0b13b1b3af8_small.jpg?ssl=1&w=1600&resize=1600&ssl=1 1600w\" fifu-data-src=\"https:\/\/i2.wp.com\/files.pressmanager.net\/clientes\/2607afa7b5faec26b9a4b3883ff8c64a\/imagens\/2023\/04\/25\/6e5ad739a6e8dbab16d2a0b13b1b3af8_small.jpg?ssl=1\" alt=\"Juciara Auade, 39 anos, \u00e9 carioca e vive na Fran\u00e7a\" border=\"0\" hspace=\"10\" vspace=\"10\" \/><\/p>\n<p><\/center>&nbsp;<\/p>\n<div style=\"clear: both; padding-top: 10px; text-align: center; width: 100%;\"><\/div>\n<\/div>\n<\/div>\n","protected":false},"excerpt":{"rendered":"<p>&nbsp; Empres\u00e1ria brasileira radicada na Fran\u00e7a explica os objetivos de cada massagem realizada no Centro&#8230;<\/p>\n","protected":false},"author":1,"featured_media":0,"comment_status":"closed","ping_status":"closed","sticky":false,"template":"","format":"standard","meta":{"fifu_image_url":"","fifu_image_alt":"","footnotes":""},"categories":[727],"tags":[],"class_list":["post-66896","post","type-post","status-publish","format-standard","hentry","category-noticias","wpcat-727-id"],"_links":{"self":[{"href":"https:\/\/verde-amarelo.net\/verdeamarelo\/wp-json\/wp\/v2\/posts\/66896","targetHints":{"allow":["GET"]}}],"collection":[{"href":"https:\/\/verde-amarelo.net\/verdeamarelo\/wp-json\/wp\/v2\/posts"}],"about":[{"href":"https:\/\/verde-amarelo.net\/verdeamarelo\/wp-json\/wp\/v2\/types\/post"}],"author":[{"embeddable":true,"href":"https:\/\/verde-amarelo.net\/verdeamarelo\/wp-json\/wp\/v2\/users\/1"}],"replies":[{"embeddable":true,"href":"https:\/\/verde-amarelo.net\/verdeamarelo\/wp-json\/wp\/v2\/comments?post=66896"}],"version-history":[{"count":0,"href":"https:\/\/verde-amarelo.net\/verdeamarelo\/wp-json\/wp\/v2\/posts\/66896\/revisions"}],"wp:attachment":[{"href":"https:\/\/verde-amarelo.net\/verdeamarelo\/wp-json\/wp\/v2\/media?parent=66896"}],"wp:term":[{"taxonomy":"category","embeddable":true,"href":"https:\/\/verde-amarelo.net\/verdeamarelo\/wp-json\/wp\/v2\/categories?post=66896"},{"taxonomy":"post_tag","embeddable":true,"href":"https:\/\/verde-amarelo.net\/verdeamarelo\/wp-json\/wp\/v2\/tags?post=66896"}],"curies":[{"name":"wp","href":"https:\/\/api.w.org\/{rel}","templated":true}]}}