{"id":66906,"date":"2023-04-25T13:48:52","date_gmt":"2023-04-25T16:48:52","guid":{"rendered":"https:\/\/verde-amarelo.net\/verdeamarelo\/?p=66906"},"modified":"2023-04-25T20:10:22","modified_gmt":"2023-04-25T23:10:22","slug":"guarda-compartilhada-cresce-no-brasil","status":"publish","type":"post","link":"https:\/\/verde-amarelo.net\/verdeamarelo\/2023\/04\/guarda-compartilhada-cresce-no-brasil\/","title":{"rendered":"Guarda compartilhada cresce no Brasil"},"content":{"rendered":"<div class=\"postie-post\">\n<p>&nbsp;<\/p>\n<div style=\"font-family: Arial; font-size: 10pt;\">\n<p><img decoding=\"async\" src=\"data:image\/gif;base64,R0lGODlhAQABAIAAAAAAAP\/\/\/ywAAAAAAQABAAACAUwAOw==\" fifu-lazy=\"1\" fifu-data-sizes=\"auto\" fifu-data-srcset=\"https:\/\/i2.wp.com\/files.pressmanager.net\/clientes\/2607afa7b5faec26b9a4b3883ff8c64a\/imagens\/2022\/12\/18\/37b592886b030168dbeecf3aa3142823.png?ssl=1&w=75&resize=75&ssl=1 75w, https:\/\/i2.wp.com\/files.pressmanager.net\/clientes\/2607afa7b5faec26b9a4b3883ff8c64a\/imagens\/2022\/12\/18\/37b592886b030168dbeecf3aa3142823.png?ssl=1&w=100&resize=100&ssl=1 100w, https:\/\/i2.wp.com\/files.pressmanager.net\/clientes\/2607afa7b5faec26b9a4b3883ff8c64a\/imagens\/2022\/12\/18\/37b592886b030168dbeecf3aa3142823.png?ssl=1&w=150&resize=150&ssl=1 150w, https:\/\/i2.wp.com\/files.pressmanager.net\/clientes\/2607afa7b5faec26b9a4b3883ff8c64a\/imagens\/2022\/12\/18\/37b592886b030168dbeecf3aa3142823.png?ssl=1&w=240&resize=240&ssl=1 240w, https:\/\/i2.wp.com\/files.pressmanager.net\/clientes\/2607afa7b5faec26b9a4b3883ff8c64a\/imagens\/2022\/12\/18\/37b592886b030168dbeecf3aa3142823.png?ssl=1&w=320&resize=320&ssl=1 320w, https:\/\/i2.wp.com\/files.pressmanager.net\/clientes\/2607afa7b5faec26b9a4b3883ff8c64a\/imagens\/2022\/12\/18\/37b592886b030168dbeecf3aa3142823.png?ssl=1&w=500&resize=500&ssl=1 500w, https:\/\/i2.wp.com\/files.pressmanager.net\/clientes\/2607afa7b5faec26b9a4b3883ff8c64a\/imagens\/2022\/12\/18\/37b592886b030168dbeecf3aa3142823.png?ssl=1&w=640&resize=640&ssl=1 640w, https:\/\/i2.wp.com\/files.pressmanager.net\/clientes\/2607afa7b5faec26b9a4b3883ff8c64a\/imagens\/2022\/12\/18\/37b592886b030168dbeecf3aa3142823.png?ssl=1&w=800&resize=800&ssl=1 800w, https:\/\/i2.wp.com\/files.pressmanager.net\/clientes\/2607afa7b5faec26b9a4b3883ff8c64a\/imagens\/2022\/12\/18\/37b592886b030168dbeecf3aa3142823.png?ssl=1&w=1024&resize=1024&ssl=1 1024w, https:\/\/i2.wp.com\/files.pressmanager.net\/clientes\/2607afa7b5faec26b9a4b3883ff8c64a\/imagens\/2022\/12\/18\/37b592886b030168dbeecf3aa3142823.png?ssl=1&w=1280&resize=1280&ssl=1 1280w, https:\/\/i2.wp.com\/files.pressmanager.net\/clientes\/2607afa7b5faec26b9a4b3883ff8c64a\/imagens\/2022\/12\/18\/37b592886b030168dbeecf3aa3142823.png?ssl=1&w=1600&resize=1600&ssl=1 1600w\" fifu-data-src=\"https:\/\/i2.wp.com\/files.pressmanager.net\/clientes\/2607afa7b5faec26b9a4b3883ff8c64a\/imagens\/2022\/12\/18\/37b592886b030168dbeecf3aa3142823.png?ssl=1\" alt=\"Akiyama Advogados Associados \" \/><\/p>\n<div style=\"text-align: left;\">\n<p style=\"font-size: 14pt; font-weight: bold; text-align: center;\">\n<p style=\"font-size: 12pt; text-align: center;\"><i>Para Paulo Akiyama, advogado e especialista em Direito Familiar, ter os dois genitores participando ativamente no desenvolvimento dos filhos \u00e9 fundamental para preservar o bem-estar das crian\u00e7as<\/i><\/p>\n<div style=\"text-align: justify; font-size: 11pt;\">\n<p style=\"text-align: justify;\"><span style=\"font-size: 12pt;\">A separa\u00e7\u00e3o de um casal pode ser um momento dif\u00edcil para todos os envolvidos, especialmente para os filhos e uma das quest\u00f5es mais importantes a serem resolvidas durante esse processo \u00e9 a guarda parental. Ou seja, quem ser\u00e1 respons\u00e1vel pela cria\u00e7\u00e3o e educa\u00e7\u00e3o das crian\u00e7as ap\u00f3s a separa\u00e7\u00e3o.<\/span><\/p>\n<p style=\"text-align: justify;\"><span style=\"font-size: 12pt;\">A decis\u00e3o poder\u00e1 afetar a vida dos pais e dos filhos por muitos anos e, por isso, deve ser abordada com cautela e aten\u00e7\u00e3o aos melhores interesses das crian\u00e7as envolvidas. Neste contexto, \u00e9 importante explorar as diferentes op\u00e7\u00f5es de guarda parental e as considera\u00e7\u00f5es a serem feitas ao decidir a melhor op\u00e7\u00e3o para cada caso espec\u00edfico.<\/span><\/p>\n<p style=\"text-align: justify;\"><span style=\"font-size: 12pt;\">De acordo com <a href=\"http:\/\/www.akiyama.adv.br\/\">Paulo Akiyama<\/a>, economista, advogado especialista em Direito Familiar e s\u00f3cio do escrit\u00f3rio <a href=\"http:\/\/www.akiyama.adv.br\/\">Akiyama Advogados Associados<\/a>, com a separa\u00e7\u00e3o de um casal, \u00e9 poss\u00edvel optar por dois tipos de regime de guarda. &#8220;Uma delas \u00e9 a modalidade unilateral, na qual um dos genitores possui a tutela integral. A outra \u00e9 a famosa guarda compartilhada, em que os pais entram em um acordo sobre o tempo de cada um com o filho ou filha. Acredito que essa segunda op\u00e7\u00e3o seja mais vantajosa, possibilitando que a crian\u00e7a desfrute de um tempo de qualidade com m\u00e3e e pai&#8221;, relata.<\/span><\/p>\n<p style=\"text-align: justify;\"><span style=\"font-size: 12pt;\">Akiyama afirma que alguns pontos s\u00e3o considerados pela justi\u00e7a ao decidir a modalidade que ser\u00e1 aderida. &#8220;Atualmente, em raz\u00e3o da lei 13.058\/14, a guarda compartilhada \u00e9 majoritariamente aplicada. Por\u00e9m, existe a possibilidade de escolha pela guarda unilateral caso um dos genitores declare que n\u00e3o deseja a tutela do menor ou ainda, se houver ind\u00edcios de que a metodologia compartilhada poder\u00e1 trazer preju\u00edzos ao bem-estar da crian\u00e7a. Nesse tipo de situa\u00e7\u00e3o o juiz poder\u00e1, tamb\u00e9m, decidir dar a guarda a uma terceira pessoa, sempre visando o melhor interesse da crian\u00e7a ou adolescente&#8221;, pontua.<\/span><\/p>\n<p style=\"text-align: justify;\"><span style=\"font-size: 12pt;\">Para o advogado, a guarda compartilhada n\u00e3o oferece, apenas, o benef\u00edcio de se aproximar dos filhos uma vez por semana. &#8220;Entre outras vantagens, essa modalidade permite que ambos os genitores possam opinar sobre educa\u00e7\u00e3o, tratamentos m\u00e9dicos e outras decis\u00f5es que envolvam o futuro e bem-estar das crian\u00e7as. N\u00e3o se trata apenas de conviv\u00eancia, mas sim a amplia\u00e7\u00e3o na participa\u00e7\u00e3o de seu desenvolvimento&#8221;, declara.<\/span><\/p>\n<p style=\"text-align: justify;\"><span style=\"font-size: 12pt;\">\u00c9 comum que as pessoas acreditem que a m\u00e3e sempre ser\u00e1 priorizada no processo de decis\u00e3o da guarda dos filhos. No entanto, para o especialista em Direito Familiar, esse conceito ficou no passado. &#8220;Muitos costumavam acreditar que m\u00e3e cria e educa as crian\u00e7as, enquanto pai fornece os meios financeiros para que tudo corra bem. Mas a humanidade e a sociedade evolu\u00edram e hoje, os dois genitores podem exercer atividades profissionais e responsabilidades dom\u00e9sticas. \u00c9 comum ver um pai preparando mamadeira, trocando fraldas e preparando o lanche dos filhos enquanto a esposa est\u00e1 no trabalho. Afirmar que as m\u00e3es s\u00e3o prefer\u00eancia durante esse processo ficou no passado. Os dois genitores ser\u00e3o avaliados e, no final, o melhor para o bem-estar da crian\u00e7a ser\u00e1 decidido&#8221;, relata.<\/span><\/p>\n<p style=\"text-align: justify;\"><span style=\"font-size: 12pt;\">Segundo Akiyama, a op\u00e7\u00e3o pela guarda unilateral est\u00e1 diminuindo cada vez mais. &#8220;Essa modalidade oferece mais riscos de aliena\u00e7\u00e3o parental e, mesmo que o genitor n\u00e3o guardi\u00e3o possua todos os direitos de visitas, informa\u00e7\u00f5es da vida e desenvolvimento dos filhos, as oculta\u00e7\u00f5es podem ser maiores, afastando-o gradativamente da conviv\u00eancia parental&#8221;, lamenta.<\/span><\/p>\n<p style=\"text-align: justify;\"><span style=\"font-size: 12pt;\">O advogado alerta ainda para pais famosos que usam a separa\u00e7\u00e3o como uma maneira de aumentar o engajamento na internet. &#8220;Buscar holofotes em uma situa\u00e7\u00e3o de lit\u00edgio relacionada \u00e0 guarda dos filhos \u00e9 expor desnecessariamente as crian\u00e7as ou adolescentes. Os genitores n\u00e3o podem esquecer que seus filhos frequentam escola, festas e frequentam um grupo de amigos. Com tudo isso sendo exposto na internet, essas crian\u00e7as ficam mais suscet\u00edveis a pr\u00e1ticas como o <em>bullying<\/em>&#8220;, adverte.<\/span><\/p>\n<p style=\"text-align: justify;\"><span style=\"font-size: 12pt;\"><strong>Sobre Paulo Akiyama<\/strong><\/span><\/p>\n<p style=\"text-align: justify;\"><span style=\"font-size: 12pt;\">Paulo Eduardo Akiyama \u00e9 formado em economia e em direito desde 1984. \u00c9 palestrante, autor de artigos, s\u00f3cio do escrit\u00f3rio Akiyama Advogados Associados e atua com \u00eanfase no direito empresarial e direito de fam\u00edlia.<\/span><\/p>\n<p style=\"text-align: justify;\"><span style=\"font-size: 12pt;\"><strong>Sobre o escrit\u00f3rio Akiyama Advogados<\/strong><\/span><\/p>\n<p style=\"text-align: justify;\"><span style=\"font-size: 12pt;\">Com participa\u00e7\u00e3o direta de seu fundador, o Dr. Paulo Eduardo Akiyama, advogado e economista, o escrit\u00f3rio Akiyama Advogados Associados, investe fortemente em Tecnologia da Informa\u00e7\u00e3o para assegurar a alta integridade e a seguran\u00e7a das informa\u00e7\u00f5es fornecidas por seus clientes, garantindo que estas sejam mantidas dentro dos sigilos altamente necess\u00e1rios e desejados. Para mais informa\u00e7\u00f5es acesse <a href=\"http:\/\/www.akiyama.adv.br\/\">http:\/\/www.akiyama.adv.br\/<\/a> ou ligue para (11) 3675-8600. E-mail: <a href=\"mailto:akiyama@akiyama.adv.br\">akiyama@akiyama.adv.br<\/a><\/span><\/p>\n<\/div>\n<\/div>\n<p><center><img decoding=\"async\" src=\"data:image\/gif;base64,R0lGODlhAQABAIAAAAAAAP\/\/\/ywAAAAAAQABAAACAUwAOw==\" fifu-lazy=\"1\" fifu-data-sizes=\"auto\" fifu-data-srcset=\"https:\/\/i1.wp.com\/files.pressmanager.net\/clientes\/2607afa7b5faec26b9a4b3883ff8c64a\/imagens\/2023\/04\/25\/c6bca353c24cae9480ec8f25c0fb8f45_small.jpg?ssl=1&w=75&resize=75&ssl=1 75w, https:\/\/i1.wp.com\/files.pressmanager.net\/clientes\/2607afa7b5faec26b9a4b3883ff8c64a\/imagens\/2023\/04\/25\/c6bca353c24cae9480ec8f25c0fb8f45_small.jpg?ssl=1&w=100&resize=100&ssl=1 100w, https:\/\/i1.wp.com\/files.pressmanager.net\/clientes\/2607afa7b5faec26b9a4b3883ff8c64a\/imagens\/2023\/04\/25\/c6bca353c24cae9480ec8f25c0fb8f45_small.jpg?ssl=1&w=150&resize=150&ssl=1 150w, https:\/\/i1.wp.com\/files.pressmanager.net\/clientes\/2607afa7b5faec26b9a4b3883ff8c64a\/imagens\/2023\/04\/25\/c6bca353c24cae9480ec8f25c0fb8f45_small.jpg?ssl=1&w=240&resize=240&ssl=1 240w, https:\/\/i1.wp.com\/files.pressmanager.net\/clientes\/2607afa7b5faec26b9a4b3883ff8c64a\/imagens\/2023\/04\/25\/c6bca353c24cae9480ec8f25c0fb8f45_small.jpg?ssl=1&w=320&resize=320&ssl=1 320w, https:\/\/i1.wp.com\/files.pressmanager.net\/clientes\/2607afa7b5faec26b9a4b3883ff8c64a\/imagens\/2023\/04\/25\/c6bca353c24cae9480ec8f25c0fb8f45_small.jpg?ssl=1&w=500&resize=500&ssl=1 500w, https:\/\/i1.wp.com\/files.pressmanager.net\/clientes\/2607afa7b5faec26b9a4b3883ff8c64a\/imagens\/2023\/04\/25\/c6bca353c24cae9480ec8f25c0fb8f45_small.jpg?ssl=1&w=640&resize=640&ssl=1 640w, https:\/\/i1.wp.com\/files.pressmanager.net\/clientes\/2607afa7b5faec26b9a4b3883ff8c64a\/imagens\/2023\/04\/25\/c6bca353c24cae9480ec8f25c0fb8f45_small.jpg?ssl=1&w=800&resize=800&ssl=1 800w, https:\/\/i1.wp.com\/files.pressmanager.net\/clientes\/2607afa7b5faec26b9a4b3883ff8c64a\/imagens\/2023\/04\/25\/c6bca353c24cae9480ec8f25c0fb8f45_small.jpg?ssl=1&w=1024&resize=1024&ssl=1 1024w, https:\/\/i1.wp.com\/files.pressmanager.net\/clientes\/2607afa7b5faec26b9a4b3883ff8c64a\/imagens\/2023\/04\/25\/c6bca353c24cae9480ec8f25c0fb8f45_small.jpg?ssl=1&w=1280&resize=1280&ssl=1 1280w, https:\/\/i1.wp.com\/files.pressmanager.net\/clientes\/2607afa7b5faec26b9a4b3883ff8c64a\/imagens\/2023\/04\/25\/c6bca353c24cae9480ec8f25c0fb8f45_small.jpg?ssl=1&w=1600&resize=1600&ssl=1 1600w\" fifu-data-src=\"https:\/\/i1.wp.com\/files.pressmanager.net\/clientes\/2607afa7b5faec26b9a4b3883ff8c64a\/imagens\/2023\/04\/25\/c6bca353c24cae9480ec8f25c0fb8f45_small.jpg?ssl=1\" alt=\"\" border=\"0\" hspace=\"10\" vspace=\"10\" \/><br \/>\n<b><\/b><\/center><\/div>\n<\/div>\n","protected":false},"excerpt":{"rendered":"<p>&nbsp; Para Paulo Akiyama, advogado e especialista em Direito Familiar, ter os dois genitores participando&#8230;<\/p>\n","protected":false},"author":1,"featured_media":0,"comment_status":"closed","ping_status":"closed","sticky":false,"template":"","format":"standard","meta":{"fifu_image_url":"","fifu_image_alt":"","footnotes":""},"categories":[727,8697],"tags":[],"class_list":["post-66906","post","type-post","status-publish","format-standard","hentry","category-noticias","category-sociedade","wpcat-727-id","wpcat-8697-id"],"_links":{"self":[{"href":"https:\/\/verde-amarelo.net\/verdeamarelo\/wp-json\/wp\/v2\/posts\/66906","targetHints":{"allow":["GET"]}}],"collection":[{"href":"https:\/\/verde-amarelo.net\/verdeamarelo\/wp-json\/wp\/v2\/posts"}],"about":[{"href":"https:\/\/verde-amarelo.net\/verdeamarelo\/wp-json\/wp\/v2\/types\/post"}],"author":[{"embeddable":true,"href":"https:\/\/verde-amarelo.net\/verdeamarelo\/wp-json\/wp\/v2\/users\/1"}],"replies":[{"embeddable":true,"href":"https:\/\/verde-amarelo.net\/verdeamarelo\/wp-json\/wp\/v2\/comments?post=66906"}],"version-history":[{"count":0,"href":"https:\/\/verde-amarelo.net\/verdeamarelo\/wp-json\/wp\/v2\/posts\/66906\/revisions"}],"wp:attachment":[{"href":"https:\/\/verde-amarelo.net\/verdeamarelo\/wp-json\/wp\/v2\/media?parent=66906"}],"wp:term":[{"taxonomy":"category","embeddable":true,"href":"https:\/\/verde-amarelo.net\/verdeamarelo\/wp-json\/wp\/v2\/categories?post=66906"},{"taxonomy":"post_tag","embeddable":true,"href":"https:\/\/verde-amarelo.net\/verdeamarelo\/wp-json\/wp\/v2\/tags?post=66906"}],"curies":[{"name":"wp","href":"https:\/\/api.w.org\/{rel}","templated":true}]}}