{"id":66908,"date":"2023-04-25T13:58:32","date_gmt":"2023-04-25T16:58:32","guid":{"rendered":"https:\/\/verde-amarelo.net\/verdeamarelo\/?p=66908"},"modified":"2023-04-25T19:23:13","modified_gmt":"2023-04-25T22:23:13","slug":"com-dna-agricola-grunner-apresenta-novo-equipamento-para-o-mercado-de-graos-na-agrishow","status":"publish","type":"post","link":"https:\/\/verde-amarelo.net\/verdeamarelo\/2023\/04\/com-dna-agricola-grunner-apresenta-novo-equipamento-para-o-mercado-de-graos-na-agrishow\/","title":{"rendered":"Com DNA agr\u00edcola, Grunner apresenta novo equipamento para o mercado de gr\u00e3os na Agrishow"},"content":{"rendered":"<div class=\"postie-post\">\n<div>\n<p>&nbsp;<\/p>\n<div>\n<div>\n<p><img decoding=\"async\" src=\"data:image\/gif;base64,R0lGODlhAQABAIAAAAAAAP\/\/\/ywAAAAAAQABAAACAUwAOw==\" fifu-lazy=\"1\" fifu-data-sizes=\"auto\" fifu-data-srcset=\"https:\/\/i1.wp.com\/files.pressmanager.net\/clientes\/266b8c0c21c436843181b6aed8421f07\/imagens\/2023\/03\/07\/0535994aaf405984a733a81958305891.png?ssl=1&w=75&resize=75&ssl=1 75w, https:\/\/i1.wp.com\/files.pressmanager.net\/clientes\/266b8c0c21c436843181b6aed8421f07\/imagens\/2023\/03\/07\/0535994aaf405984a733a81958305891.png?ssl=1&w=100&resize=100&ssl=1 100w, https:\/\/i1.wp.com\/files.pressmanager.net\/clientes\/266b8c0c21c436843181b6aed8421f07\/imagens\/2023\/03\/07\/0535994aaf405984a733a81958305891.png?ssl=1&w=150&resize=150&ssl=1 150w, https:\/\/i1.wp.com\/files.pressmanager.net\/clientes\/266b8c0c21c436843181b6aed8421f07\/imagens\/2023\/03\/07\/0535994aaf405984a733a81958305891.png?ssl=1&w=240&resize=240&ssl=1 240w, https:\/\/i1.wp.com\/files.pressmanager.net\/clientes\/266b8c0c21c436843181b6aed8421f07\/imagens\/2023\/03\/07\/0535994aaf405984a733a81958305891.png?ssl=1&w=320&resize=320&ssl=1 320w, https:\/\/i1.wp.com\/files.pressmanager.net\/clientes\/266b8c0c21c436843181b6aed8421f07\/imagens\/2023\/03\/07\/0535994aaf405984a733a81958305891.png?ssl=1&w=500&resize=500&ssl=1 500w, https:\/\/i1.wp.com\/files.pressmanager.net\/clientes\/266b8c0c21c436843181b6aed8421f07\/imagens\/2023\/03\/07\/0535994aaf405984a733a81958305891.png?ssl=1&w=640&resize=640&ssl=1 640w, https:\/\/i1.wp.com\/files.pressmanager.net\/clientes\/266b8c0c21c436843181b6aed8421f07\/imagens\/2023\/03\/07\/0535994aaf405984a733a81958305891.png?ssl=1&w=800&resize=800&ssl=1 800w, https:\/\/i1.wp.com\/files.pressmanager.net\/clientes\/266b8c0c21c436843181b6aed8421f07\/imagens\/2023\/03\/07\/0535994aaf405984a733a81958305891.png?ssl=1&w=1024&resize=1024&ssl=1 1024w, https:\/\/i1.wp.com\/files.pressmanager.net\/clientes\/266b8c0c21c436843181b6aed8421f07\/imagens\/2023\/03\/07\/0535994aaf405984a733a81958305891.png?ssl=1&w=1280&resize=1280&ssl=1 1280w, https:\/\/i1.wp.com\/files.pressmanager.net\/clientes\/266b8c0c21c436843181b6aed8421f07\/imagens\/2023\/03\/07\/0535994aaf405984a733a81958305891.png?ssl=1&w=1600&resize=1600&ssl=1 1600w\" fifu-data-src=\"https:\/\/i1.wp.com\/files.pressmanager.net\/clientes\/266b8c0c21c436843181b6aed8421f07\/imagens\/2023\/03\/07\/0535994aaf405984a733a81958305891.png?ssl=1\" alt=\"Grunner\" \/><\/p>\n<p>&nbsp;<\/p>\n<p>Dedicada \u00e0 aplica\u00e7\u00e3o de calc\u00e1rio, gesso e compostos org\u00e2nicos, a nova m\u00e1quina proporciona maior capacidade de distribui\u00e7\u00e3o de corretivos com menor consumo de combust\u00edvel<\/p>\n<div>\n<p>A Grunner levar\u00e1 para a Agrishow novidades em solu\u00e7\u00f5es tecnol\u00f3gicas para o setor de gr\u00e3os com toda a sua expertise adquirida no setor sucroenerg\u00e9tico com a aplica\u00e7\u00e3o de fertilizantes l\u00edquidos, vinha\u00e7a, distribui\u00e7\u00e3o de corretivos e compostos org\u00e2nicos.<\/p>&nbsp;&nbsp;\n<p>Integrando as solu\u00e7\u00f5es da companhia, que oferece ao mercado ferramentas que atendem as reais dores dos produtores, sem gerar complexidade e perda de tempo, durante os cinco dias do evento, que ser\u00e1 promovido em Ribeir\u00e3o Preto (SP), a Grunner apresentar\u00e1 o novo modelo ADS das Smart Machines, uma robusta op\u00e7\u00e3o para o setor de gr\u00e3os, que para a feira ganhar\u00e1 um novo conceito.<\/p>&nbsp;&nbsp;\n<p>Resultado do investimento de R$ 15 milh\u00f5es em pesquisas e levantamentos realizados durante dois anos, que contaram com incurs\u00f5es realizadas pela empresa na regi\u00e3o produtora de gr\u00e3os do sudoeste goiano e tamb\u00e9m no Mato Grosso, o desenvolvimento da m\u00e1quina agr\u00edcola tamb\u00e9m envolveu a participa\u00e7\u00e3o de produtores que apontaram suas principais necessidades no dia a dia do campo.<\/p>&nbsp;&nbsp;\n<p>&#8220;Nos propomos a entender o mercado, apresentando o projeto para nossos clientes que nos auxiliaram a desenhar essa aplica\u00e7\u00e3o em cima do ADS, que \u00e9 uma Smart Machine j\u00e1 existente, mas que migra agora para um mercado novo&#8221;, explica Denis Arroyo, CEO da Grunner.<\/p>&nbsp;&nbsp;\n<p>Unindo rusticidade, resist\u00eancia, capacidade de carga elevada, efici\u00eancia operacional e velocidade, sendo o \u00fanico no mercado com o poder de transportar 30 toneladas, a m\u00e1quina \u00e9 dedicada a aplica\u00e7\u00e3o de calc\u00e1rio, gesso e compostos org\u00e2nicos, possuindo um sistema de abafador que proporciona a aplica\u00e7\u00e3o em dias com ventos fortes garantindo a uniformidade da aplica\u00e7\u00e3o por evitar a deriva dos materiais aplicados.<\/p>&nbsp;&nbsp;\n<p>&#8220;Estamos falando de um equipamento com menor consumo de diesel e menos paradas para abastecimento, o que representa uma grande vantagem na compara\u00e7\u00e3o com os produtos convencionais j\u00e1 existentes no mercado&#8221;, completa Denis.<\/p>&nbsp;&nbsp;\n<p>Aliando tecnologia \u00e0s suas ra\u00edzes<\/p>\n<p>Com quatro anos de atua\u00e7\u00e3o no mercado de cana-de-a\u00e7\u00facar, a Grunner tem a produtividade como parte fundamental do desenvolvimento dos tr\u00eas modelos das Smart Machines, que unem controle o tr\u00e1fego, GPS e piloto autom\u00e1tico para atuar em mais culturas.<\/p>&nbsp;&nbsp;\n<p>&#8220;Temos em nosso DNA a agilidade para efetuar manobras em menos tempo, com total seguran\u00e7a, pneus de alta flutua\u00e7\u00e3o em equipamentos cada vez mais leve para ter mais controle no tr\u00e1fego dentro da lavoura. A gente n\u00e3o termina nossas produ\u00e7\u00f5es, elas seguem evoluindo, sempre buscando mais produtividade&#8221;, enfatiza CEO da Grunner.<\/p>&nbsp;&nbsp;\n<p>Sobre a Grunner<\/p>\n<p>Um conceito de inova\u00e7\u00e3o para atender \u00e0s necessidades dos produtores de cana-de-a\u00e7\u00facar, a Grunner foi criada, em 2018, pelos irm\u00e3os Henrique e Mateus Belei, tradicionais produtores de cana de Len\u00e7\u00f3is Paulista (SP).<\/p>&nbsp;&nbsp;\n<p>Incomodados com o chamado &#8220;pisoteio&#8221; nas linhas de cana, a dupla adaptou um caminh\u00e3o para executar a opera\u00e7\u00e3o de transbordo e aplica\u00e7\u00e3o de insumos. A estrat\u00e9gia aumentou a produtividade dos canaviais, contribuiu para reduzir custos e ajudou no combate as emiss\u00f5es de carbono no processo agr\u00edcola.<\/p>&nbsp;&nbsp;\n<p>Desde 2018, a companhia \u00e9 parceria exclusiva da Mercedes-Benz. O acordo permitiu que os caminh\u00f5es da marca alem\u00e3 recebessem o protocolo de tecnologia que deu origem \u00e0s m\u00e1quinas Smart Machines da Grunner. O sucesso dessa uni\u00e3o fez com que as m\u00e1quinas da Grunner fossem inclu\u00eddas no ranking dos dez principais produtos da hist\u00f3ria da Mercedes, em 2021.<\/p>&nbsp;&nbsp;\n<p>&nbsp;<\/p>\n<p>Servi\u00e7o<\/p>\n<p>Agrishow 2023<\/p>\n<p>Datas: 1\u00ba a 5 de maio<\/p>\n<p>Local: Ribeir\u00e3o Preto (SP)<\/p>\n<p>Estande Grunner: Espa\u00e7o localizado na rua G-20a<\/p>\n<\/div>\n<\/div>\n<div>\n<hr \/>\n<p>Fotos para Atualizado - :<\/p>\n<table border=\"0\" cellpadding=\"10\">\n<tbody>\n<tr>\n<td valign=\"top\"><a href=\"https:\/\/imagens.pressmanager.net\/download?foto_id=4215965&amp;release_id=486451&amp;contato_id=%%CONTATO_ID%%&amp;did=1014590908&amp;envio_id=1383792&amp;hash=0aee7c41d014ddd6d3f5c0e627ff80ed\"><img decoding=\"async\" src=\"data:image\/gif;base64,R0lGODlhAQABAIAAAAAAAP\/\/\/ywAAAAAAQABAAACAUwAOw==\" fifu-lazy=\"1\" fifu-data-sizes=\"auto\" fifu-data-srcset=\"https:\/\/i3.wp.com\/files.pressmanager.net\/clientes\/266b8c0c21c436843181b6aed8421f07\/imagens\/2023\/04\/20\/8957b6b3ed6e9c2eeb1f65e9fc2c9207_small.jpg?ssl=1&w=75&resize=75&ssl=1 75w, https:\/\/i3.wp.com\/files.pressmanager.net\/clientes\/266b8c0c21c436843181b6aed8421f07\/imagens\/2023\/04\/20\/8957b6b3ed6e9c2eeb1f65e9fc2c9207_small.jpg?ssl=1&w=100&resize=100&ssl=1 100w, https:\/\/i3.wp.com\/files.pressmanager.net\/clientes\/266b8c0c21c436843181b6aed8421f07\/imagens\/2023\/04\/20\/8957b6b3ed6e9c2eeb1f65e9fc2c9207_small.jpg?ssl=1&w=150&resize=150&ssl=1 150w, https:\/\/i3.wp.com\/files.pressmanager.net\/clientes\/266b8c0c21c436843181b6aed8421f07\/imagens\/2023\/04\/20\/8957b6b3ed6e9c2eeb1f65e9fc2c9207_small.jpg?ssl=1&w=240&resize=240&ssl=1 240w, https:\/\/i3.wp.com\/files.pressmanager.net\/clientes\/266b8c0c21c436843181b6aed8421f07\/imagens\/2023\/04\/20\/8957b6b3ed6e9c2eeb1f65e9fc2c9207_small.jpg?ssl=1&w=320&resize=320&ssl=1 320w, https:\/\/i3.wp.com\/files.pressmanager.net\/clientes\/266b8c0c21c436843181b6aed8421f07\/imagens\/2023\/04\/20\/8957b6b3ed6e9c2eeb1f65e9fc2c9207_small.jpg?ssl=1&w=500&resize=500&ssl=1 500w, https:\/\/i3.wp.com\/files.pressmanager.net\/clientes\/266b8c0c21c436843181b6aed8421f07\/imagens\/2023\/04\/20\/8957b6b3ed6e9c2eeb1f65e9fc2c9207_small.jpg?ssl=1&w=640&resize=640&ssl=1 640w, https:\/\/i3.wp.com\/files.pressmanager.net\/clientes\/266b8c0c21c436843181b6aed8421f07\/imagens\/2023\/04\/20\/8957b6b3ed6e9c2eeb1f65e9fc2c9207_small.jpg?ssl=1&w=800&resize=800&ssl=1 800w, https:\/\/i3.wp.com\/files.pressmanager.net\/clientes\/266b8c0c21c436843181b6aed8421f07\/imagens\/2023\/04\/20\/8957b6b3ed6e9c2eeb1f65e9fc2c9207_small.jpg?ssl=1&w=1024&resize=1024&ssl=1 1024w, https:\/\/i3.wp.com\/files.pressmanager.net\/clientes\/266b8c0c21c436843181b6aed8421f07\/imagens\/2023\/04\/20\/8957b6b3ed6e9c2eeb1f65e9fc2c9207_small.jpg?ssl=1&w=1280&resize=1280&ssl=1 1280w, https:\/\/i3.wp.com\/files.pressmanager.net\/clientes\/266b8c0c21c436843181b6aed8421f07\/imagens\/2023\/04\/20\/8957b6b3ed6e9c2eeb1f65e9fc2c9207_small.jpg?ssl=1&w=1600&resize=1600&ssl=1 1600w\" fifu-data-src=\"https:\/\/i3.wp.com\/files.pressmanager.net\/clientes\/266b8c0c21c436843181b6aed8421f07\/imagens\/2023\/04\/20\/8957b6b3ed6e9c2eeb1f65e9fc2c9207_small.jpg?ssl=1\" border=\"0\" vspace=\"2\" \/><\/a><br \/>\nForam investidos R$ 15 milh\u00f5es em pesquisas e levantamentos realizadas na regi\u00e3o produtora de gr\u00e3os do sudoeste goiano e no Mato Grosso<br \/>\n<a href=\"https:\/\/imagens.pressmanager.net\/download?foto_id=4215965&amp;release_id=486451&amp;contato_id=%%CONTATO_ID%%&amp;did=1014590908&amp;envio_id=1383792&amp;hash=0aee7c41d014ddd6d3f5c0e627ff80ed\">baixar em alta<\/a><\/td>\n<td valign=\"top\"><a href=\"https:\/\/imagens.pressmanager.net\/download?foto_id=4216039&amp;release_id=486451&amp;contato_id=%%CONTATO_ID%%&amp;did=1014590908&amp;envio_id=1383792&amp;hash=0aee7c41d014ddd6d3f5c0e627ff80ed\"><img decoding=\"async\" src=\"data:image\/gif;base64,R0lGODlhAQABAIAAAAAAAP\/\/\/ywAAAAAAQABAAACAUwAOw==\" fifu-lazy=\"1\" fifu-data-sizes=\"auto\" fifu-data-srcset=\"https:\/\/i1.wp.com\/files.pressmanager.net\/clientes\/266b8c0c21c436843181b6aed8421f07\/imagens\/2023\/04\/20\/39565e5d9763a3962de1774c7f57629c_small.jpg?ssl=1&w=75&resize=75&ssl=1 75w, https:\/\/i1.wp.com\/files.pressmanager.net\/clientes\/266b8c0c21c436843181b6aed8421f07\/imagens\/2023\/04\/20\/39565e5d9763a3962de1774c7f57629c_small.jpg?ssl=1&w=100&resize=100&ssl=1 100w, https:\/\/i1.wp.com\/files.pressmanager.net\/clientes\/266b8c0c21c436843181b6aed8421f07\/imagens\/2023\/04\/20\/39565e5d9763a3962de1774c7f57629c_small.jpg?ssl=1&w=150&resize=150&ssl=1 150w, https:\/\/i1.wp.com\/files.pressmanager.net\/clientes\/266b8c0c21c436843181b6aed8421f07\/imagens\/2023\/04\/20\/39565e5d9763a3962de1774c7f57629c_small.jpg?ssl=1&w=240&resize=240&ssl=1 240w, https:\/\/i1.wp.com\/files.pressmanager.net\/clientes\/266b8c0c21c436843181b6aed8421f07\/imagens\/2023\/04\/20\/39565e5d9763a3962de1774c7f57629c_small.jpg?ssl=1&w=320&resize=320&ssl=1 320w, https:\/\/i1.wp.com\/files.pressmanager.net\/clientes\/266b8c0c21c436843181b6aed8421f07\/imagens\/2023\/04\/20\/39565e5d9763a3962de1774c7f57629c_small.jpg?ssl=1&w=500&resize=500&ssl=1 500w, https:\/\/i1.wp.com\/files.pressmanager.net\/clientes\/266b8c0c21c436843181b6aed8421f07\/imagens\/2023\/04\/20\/39565e5d9763a3962de1774c7f57629c_small.jpg?ssl=1&w=640&resize=640&ssl=1 640w, https:\/\/i1.wp.com\/files.pressmanager.net\/clientes\/266b8c0c21c436843181b6aed8421f07\/imagens\/2023\/04\/20\/39565e5d9763a3962de1774c7f57629c_small.jpg?ssl=1&w=800&resize=800&ssl=1 800w, https:\/\/i1.wp.com\/files.pressmanager.net\/clientes\/266b8c0c21c436843181b6aed8421f07\/imagens\/2023\/04\/20\/39565e5d9763a3962de1774c7f57629c_small.jpg?ssl=1&w=1024&resize=1024&ssl=1 1024w, https:\/\/i1.wp.com\/files.pressmanager.net\/clientes\/266b8c0c21c436843181b6aed8421f07\/imagens\/2023\/04\/20\/39565e5d9763a3962de1774c7f57629c_small.jpg?ssl=1&w=1280&resize=1280&ssl=1 1280w, https:\/\/i1.wp.com\/files.pressmanager.net\/clientes\/266b8c0c21c436843181b6aed8421f07\/imagens\/2023\/04\/20\/39565e5d9763a3962de1774c7f57629c_small.jpg?ssl=1&w=1600&resize=1600&ssl=1 1600w\" fifu-data-src=\"https:\/\/i1.wp.com\/files.pressmanager.net\/clientes\/266b8c0c21c436843181b6aed8421f07\/imagens\/2023\/04\/20\/39565e5d9763a3962de1774c7f57629c_small.jpg?ssl=1\" border=\"0\" vspace=\"2\" \/><\/a><br \/>\nO novo modelo ADS das Smart Machines \u00e9 uma robusta op\u00e7\u00e3o para o setor de gr\u00e3os<br \/>\n<a href=\"https:\/\/imagens.pressmanager.net\/download?foto_id=4216039&amp;release_id=486451&amp;contato_id=%%CONTATO_ID%%&amp;did=1014590908&amp;envio_id=1383792&amp;hash=0aee7c41d014ddd6d3f5c0e627ff80ed\">baixar em alta<\/a><\/td>\n<\/tr>\n<\/tbody>\n<\/table>\n<\/div>\n<p>&nbsp;<\/p>\n<\/div>\n<p>&nbsp;<\/p>\n<\/div>\n<\/div>\n","protected":false},"excerpt":{"rendered":"<p>&nbsp; &nbsp; Dedicada \u00e0 aplica\u00e7\u00e3o de calc\u00e1rio, gesso e compostos org\u00e2nicos, a nova m\u00e1quina proporciona&#8230;<\/p>\n","protected":false},"author":1,"featured_media":0,"comment_status":"closed","ping_status":"closed","sticky":false,"template":"","format":"standard","meta":{"fifu_image_url":"","fifu_image_alt":"","footnotes":""},"categories":[739,727],"tags":[],"class_list":["post-66908","post","type-post","status-publish","format-standard","hentry","category-agropecuaria","category-noticias","wpcat-739-id","wpcat-727-id"],"_links":{"self":[{"href":"https:\/\/verde-amarelo.net\/verdeamarelo\/wp-json\/wp\/v2\/posts\/66908","targetHints":{"allow":["GET"]}}],"collection":[{"href":"https:\/\/verde-amarelo.net\/verdeamarelo\/wp-json\/wp\/v2\/posts"}],"about":[{"href":"https:\/\/verde-amarelo.net\/verdeamarelo\/wp-json\/wp\/v2\/types\/post"}],"author":[{"embeddable":true,"href":"https:\/\/verde-amarelo.net\/verdeamarelo\/wp-json\/wp\/v2\/users\/1"}],"replies":[{"embeddable":true,"href":"https:\/\/verde-amarelo.net\/verdeamarelo\/wp-json\/wp\/v2\/comments?post=66908"}],"version-history":[{"count":0,"href":"https:\/\/verde-amarelo.net\/verdeamarelo\/wp-json\/wp\/v2\/posts\/66908\/revisions"}],"wp:attachment":[{"href":"https:\/\/verde-amarelo.net\/verdeamarelo\/wp-json\/wp\/v2\/media?parent=66908"}],"wp:term":[{"taxonomy":"category","embeddable":true,"href":"https:\/\/verde-amarelo.net\/verdeamarelo\/wp-json\/wp\/v2\/categories?post=66908"},{"taxonomy":"post_tag","embeddable":true,"href":"https:\/\/verde-amarelo.net\/verdeamarelo\/wp-json\/wp\/v2\/tags?post=66908"}],"curies":[{"name":"wp","href":"https:\/\/api.w.org\/{rel}","templated":true}]}}