{"id":66921,"date":"2023-04-25T14:10:34","date_gmt":"2023-04-25T17:10:34","guid":{"rendered":"http:\/\/versoassessoriadeimprensa.com.br\/?p=15919"},"modified":"2023-04-25T19:58:03","modified_gmt":"2023-04-25T22:58:03","slug":"motorservice-traz-para-automec-itens-para-veiculos-com-sistema-euro-6","status":"publish","type":"post","link":"https:\/\/verde-amarelo.net\/verdeamarelo\/2023\/04\/motorservice-traz-para-automec-itens-para-veiculos-com-sistema-euro-6\/","title":{"rendered":"Motorservice traz para Automec itens para ve\u00edculos com sistema Euro 6"},"content":{"rendered":"<div class=\"meta-content\"><\/div>\n<p>&nbsp;<\/p>\n<p><em>Itens expostos far\u00e3o parte do portf\u00f3lio da empresa e s\u00e3o conjunto motor (kit), bronzina de mancal e de biela.<\/em><\/p>\n<p>Atendendo \u00e0s novas tecnologias para o segmento de ve\u00edculos pesados com as exig\u00eancias de redu\u00e7\u00e3o de emiss\u00e3o de poluentes, a Motorservice, divis\u00e3o para o aftermakert automotivo do Grupo Rheinmetall, respons\u00e1vel pela comercializa\u00e7\u00e3o das marcas Kolbenschmidt (KS) e Pierburg, far\u00e1, na Automec, o lan\u00e7amento de produtos para o sistema Euro 6. S\u00e3o itens, como conjunto motor (kit) para o Volvo D8K e para o Scania Motor DC13\/DC16 Euro 6, bronzina de mancal e de biela para o DAF MX11 e conjunto motor (pist\u00e3o + anel), entre outras aplica\u00e7\u00f5es.<\/p>&nbsp;&nbsp;\n<p><img decoding=\"async\" src=\"data:image\/gif;base64,R0lGODlhAQABAIAAAAAAAP\/\/\/ywAAAAAAQABAAACAUwAOw==\" fifu-lazy=\"1\" fifu-data-sizes=\"auto\" fifu-data-srcset=\"https:\/\/i0.wp.com\/verde-amarelo.net\/verdeamarelo\/wp-content\/uploads\/2023\/04\/motorservice-traz-para-automec-itens-para-veiculos-com-sistema-euro-6.jpg?ssl=1&w=75&resize=75&ssl=1 75w, https:\/\/i0.wp.com\/verde-amarelo.net\/verdeamarelo\/wp-content\/uploads\/2023\/04\/motorservice-traz-para-automec-itens-para-veiculos-com-sistema-euro-6.jpg?ssl=1&w=100&resize=100&ssl=1 100w, https:\/\/i0.wp.com\/verde-amarelo.net\/verdeamarelo\/wp-content\/uploads\/2023\/04\/motorservice-traz-para-automec-itens-para-veiculos-com-sistema-euro-6.jpg?ssl=1&w=150&resize=150&ssl=1 150w, https:\/\/i0.wp.com\/verde-amarelo.net\/verdeamarelo\/wp-content\/uploads\/2023\/04\/motorservice-traz-para-automec-itens-para-veiculos-com-sistema-euro-6.jpg?ssl=1&w=240&resize=240&ssl=1 240w, https:\/\/i0.wp.com\/verde-amarelo.net\/verdeamarelo\/wp-content\/uploads\/2023\/04\/motorservice-traz-para-automec-itens-para-veiculos-com-sistema-euro-6.jpg?ssl=1&w=320&resize=320&ssl=1 320w, https:\/\/i0.wp.com\/verde-amarelo.net\/verdeamarelo\/wp-content\/uploads\/2023\/04\/motorservice-traz-para-automec-itens-para-veiculos-com-sistema-euro-6.jpg?ssl=1&w=500&resize=500&ssl=1 500w, https:\/\/i0.wp.com\/verde-amarelo.net\/verdeamarelo\/wp-content\/uploads\/2023\/04\/motorservice-traz-para-automec-itens-para-veiculos-com-sistema-euro-6.jpg?ssl=1&w=640&resize=640&ssl=1 640w, https:\/\/i0.wp.com\/verde-amarelo.net\/verdeamarelo\/wp-content\/uploads\/2023\/04\/motorservice-traz-para-automec-itens-para-veiculos-com-sistema-euro-6.jpg?ssl=1&w=800&resize=800&ssl=1 800w, https:\/\/i0.wp.com\/verde-amarelo.net\/verdeamarelo\/wp-content\/uploads\/2023\/04\/motorservice-traz-para-automec-itens-para-veiculos-com-sistema-euro-6.jpg?ssl=1&w=1024&resize=1024&ssl=1 1024w, https:\/\/i0.wp.com\/verde-amarelo.net\/verdeamarelo\/wp-content\/uploads\/2023\/04\/motorservice-traz-para-automec-itens-para-veiculos-com-sistema-euro-6.jpg?ssl=1&w=1280&resize=1280&ssl=1 1280w, https:\/\/i0.wp.com\/verde-amarelo.net\/verdeamarelo\/wp-content\/uploads\/2023\/04\/motorservice-traz-para-automec-itens-para-veiculos-com-sistema-euro-6.jpg?ssl=1&w=1600&resize=1600&ssl=1 1600w\" class=\"alignnone size-full wp-image-15920\" fifu-data-src=\"https:\/\/i0.wp.com\/verde-amarelo.net\/verdeamarelo\/wp-content\/uploads\/2023\/04\/motorservice-traz-para-automec-itens-para-veiculos-com-sistema-euro-6.jpg?ssl=1\" alt=\"\" width=\"236\" height=\"214\" \/><\/p>\n<p>O Euro 6 consiste em um conjunto de normas que regulamentam a emiss\u00e3o de res\u00edduos dos motores a diesel, equivalente ao Proconve 8, que entrou em vigor no Brasil em janeiro de 2023.<\/p>&nbsp;&nbsp;\n<p>Para a linha de ve\u00edculos leves tamb\u00e9m contar\u00e1 com pe\u00e7as para ve\u00edculos com motores de 3 cilindros, al\u00e9m de novas tend\u00eancias seguindo a evolu\u00e7\u00e3o da mobilidade.<\/p>&nbsp;&nbsp;\n<p>Al\u00e9m das novidades em produtos e inova\u00e7\u00f5es que acompanham tend\u00eancias mundiais da eletromobilidade, no stand da Motorservice, localizado na Rua E \u2013 Avenida Principal \u2013 E-181, os visitantes ter\u00e3o intera\u00e7\u00e3o ao participar da Roleta Premiada e concorrer a pr\u00eamios, bem como poder\u00e3o encontrar o\u00a0professor Pedro Luiz Scopino, embaixador da marca Pierburg no Brasil, e Tales Domingues, idealizador do Canal no YouTube Doutor Carro. Os dois profissionais estar\u00e3o presentes no stand em v\u00e1rios momentos ao longo da semana em que acontece a feira.<\/p>&nbsp;&nbsp;\n<p>Para mais informa\u00e7\u00f5es: Facebook (@MotorServiceGroup), Instagram (@motorservice_group), Twitter (@msmotorservice) e YouTube (@motorservicegroup); site (<a href=\"https:\/\/www.ms-motorservice.com.br\/\">https:\/\/www.ms-motorservice.com.br\/<\/a>); APP Motorservice (shop.ms-motorservice.com.br), cat\u00e1logo na plataforma TecDoc (web.tecalliance.net\/tecdocbr\/qc\/login), cat\u00e1logo na plataforma IDEIA 2001 e o suporte t\u00e9cnico no SAKS 0800 721 7878.<\/p>&nbsp;&nbsp;\n<p>Data: 25 a 29 de abril<\/p>\n<p>Hor\u00e1rio: Ter\u00e7a a sexta, das 13h \u00e0s 21h e S\u00e1bado, das 09h \u00e0s 17h<\/p>\n<p>Local: S\u00e3o Paulo Expo Rod. dos Imigrantes 5, km. 1 1500, S\u00e3o Paulo, SP Localiza\u00e7\u00e3o do stand: E181 \u2013 Rua E \u2013 Avenida Principal<\/p>\n<p><strong>Sobre a Motorservice<\/strong><\/p>\n<p>O grupo Motorservice \u00e9 a organiza\u00e7\u00e3o de vendas da Rheinmetall para todas as atividades de p\u00f3s-venda em todo o mundo. Este \u00e9 um dos maiores fornecedores de componentes do motor para o mercado de reposi\u00e7\u00e3o independente.<\/p>&nbsp;&nbsp;\n<p>Com as marcas premium Kolbenschmidt (KS), Pierburg, bem como a marca BF, a Motorservice oferece, no com\u00e9rcio e na oficina, um vasto e amplo portf\u00f3lio de produtos com alta qualidade aos seus clientes.<\/p>&nbsp;&nbsp;\n<section class=\"details\">&nbsp;<\/p>\n<div class=\"row\">\n<div class=\"col-md-4\"><a href=\"https:\/\/verde-amarelo.net\/verdeamarelo\/wp-content\/uploads\/2023\/04\/motorservice-traz-para-automec-itens-para-veiculos-com-sistema-euro-6-1.jpg\" rel=\"nobox\"><img decoding=\"async\" src=\"data:image\/gif;base64,R0lGODlhAQABAIAAAAAAAP\/\/\/ywAAAAAAQABAAACAUwAOw==\" fifu-lazy=\"1\" fifu-data-sizes=\"auto\" fifu-data-srcset=\"https:\/\/i1.wp.com\/verde-amarelo.net\/verdeamarelo\/wp-content\/uploads\/2023\/04\/motorservice-traz-para-automec-itens-para-veiculos-com-sistema-euro-6-1.jpg?ssl=1&w=75&resize=75&ssl=1 75w, https:\/\/i1.wp.com\/verde-amarelo.net\/verdeamarelo\/wp-content\/uploads\/2023\/04\/motorservice-traz-para-automec-itens-para-veiculos-com-sistema-euro-6-1.jpg?ssl=1&w=100&resize=100&ssl=1 100w, https:\/\/i1.wp.com\/verde-amarelo.net\/verdeamarelo\/wp-content\/uploads\/2023\/04\/motorservice-traz-para-automec-itens-para-veiculos-com-sistema-euro-6-1.jpg?ssl=1&w=150&resize=150&ssl=1 150w, https:\/\/i1.wp.com\/verde-amarelo.net\/verdeamarelo\/wp-content\/uploads\/2023\/04\/motorservice-traz-para-automec-itens-para-veiculos-com-sistema-euro-6-1.jpg?ssl=1&w=240&resize=240&ssl=1 240w, https:\/\/i1.wp.com\/verde-amarelo.net\/verdeamarelo\/wp-content\/uploads\/2023\/04\/motorservice-traz-para-automec-itens-para-veiculos-com-sistema-euro-6-1.jpg?ssl=1&w=320&resize=320&ssl=1 320w, https:\/\/i1.wp.com\/verde-amarelo.net\/verdeamarelo\/wp-content\/uploads\/2023\/04\/motorservice-traz-para-automec-itens-para-veiculos-com-sistema-euro-6-1.jpg?ssl=1&w=500&resize=500&ssl=1 500w, https:\/\/i1.wp.com\/verde-amarelo.net\/verdeamarelo\/wp-content\/uploads\/2023\/04\/motorservice-traz-para-automec-itens-para-veiculos-com-sistema-euro-6-1.jpg?ssl=1&w=640&resize=640&ssl=1 640w, https:\/\/i1.wp.com\/verde-amarelo.net\/verdeamarelo\/wp-content\/uploads\/2023\/04\/motorservice-traz-para-automec-itens-para-veiculos-com-sistema-euro-6-1.jpg?ssl=1&w=800&resize=800&ssl=1 800w, https:\/\/i1.wp.com\/verde-amarelo.net\/verdeamarelo\/wp-content\/uploads\/2023\/04\/motorservice-traz-para-automec-itens-para-veiculos-com-sistema-euro-6-1.jpg?ssl=1&w=1024&resize=1024&ssl=1 1024w, https:\/\/i1.wp.com\/verde-amarelo.net\/verdeamarelo\/wp-content\/uploads\/2023\/04\/motorservice-traz-para-automec-itens-para-veiculos-com-sistema-euro-6-1.jpg?ssl=1&w=1280&resize=1280&ssl=1 1280w, https:\/\/i1.wp.com\/verde-amarelo.net\/verdeamarelo\/wp-content\/uploads\/2023\/04\/motorservice-traz-para-automec-itens-para-veiculos-com-sistema-euro-6-1.jpg?ssl=1&w=1600&resize=1600&ssl=1 1600w\" fifu-data-src=\"https:\/\/i1.wp.com\/verde-amarelo.net\/verdeamarelo\/wp-content\/uploads\/2023\/04\/motorservice-traz-para-automec-itens-para-veiculos-com-sistema-euro-6-1.jpg?ssl=1\" \/><\/a><\/div>\n<\/div>\n<\/section>\n<section class=\"details_clipping\">&nbsp;<\/p>\n<\/section>\n","protected":false},"excerpt":{"rendered":"<p>&nbsp; Itens expostos far\u00e3o parte do portf\u00f3lio da empresa e s\u00e3o conjunto motor (kit), bronzina&#8230;<\/p>\n","protected":false},"author":1,"featured_media":66922,"comment_status":"closed","ping_status":"closed","sticky":false,"template":"","format":"standard","meta":{"fifu_image_url":"","fifu_image_alt":"","footnotes":""},"categories":[7488,727,8425],"tags":[8426],"class_list":["post-66921","post","type-post","status-publish","format-standard","has-post-thumbnail","hentry","category-destaques","category-noticias","category-verde-amarelo","tag-verde-amarelo","wpcat-7488-id","wpcat-727-id","wpcat-8425-id"],"_links":{"self":[{"href":"https:\/\/verde-amarelo.net\/verdeamarelo\/wp-json\/wp\/v2\/posts\/66921","targetHints":{"allow":["GET"]}}],"collection":[{"href":"https:\/\/verde-amarelo.net\/verdeamarelo\/wp-json\/wp\/v2\/posts"}],"about":[{"href":"https:\/\/verde-amarelo.net\/verdeamarelo\/wp-json\/wp\/v2\/types\/post"}],"author":[{"embeddable":true,"href":"https:\/\/verde-amarelo.net\/verdeamarelo\/wp-json\/wp\/v2\/users\/1"}],"replies":[{"embeddable":true,"href":"https:\/\/verde-amarelo.net\/verdeamarelo\/wp-json\/wp\/v2\/comments?post=66921"}],"version-history":[{"count":0,"href":"https:\/\/verde-amarelo.net\/verdeamarelo\/wp-json\/wp\/v2\/posts\/66921\/revisions"}],"wp:featuredmedia":[{"embeddable":true,"href":"https:\/\/verde-amarelo.net\/verdeamarelo\/wp-json\/wp\/v2\/media\/66922"}],"wp:attachment":[{"href":"https:\/\/verde-amarelo.net\/verdeamarelo\/wp-json\/wp\/v2\/media?parent=66921"}],"wp:term":[{"taxonomy":"category","embeddable":true,"href":"https:\/\/verde-amarelo.net\/verdeamarelo\/wp-json\/wp\/v2\/categories?post=66921"},{"taxonomy":"post_tag","embeddable":true,"href":"https:\/\/verde-amarelo.net\/verdeamarelo\/wp-json\/wp\/v2\/tags?post=66921"}],"curies":[{"name":"wp","href":"https:\/\/api.w.org\/{rel}","templated":true}]}}