{"id":66923,"date":"2023-04-25T14:05:57","date_gmt":"2023-04-25T17:05:57","guid":{"rendered":"http:\/\/versoassessoriadeimprensa.com.br\/?p=15913"},"modified":"2023-04-25T19:57:37","modified_gmt":"2023-04-25T22:57:37","slug":"motorservice-apresenta-amplo-portfolio-das-marcas-kolbenschmidt-ks-e-pierburg-para-a-amarok-na-automec-2023","status":"publish","type":"post","link":"https:\/\/verde-amarelo.net\/verdeamarelo\/2023\/04\/motorservice-apresenta-amplo-portfolio-das-marcas-kolbenschmidt-ks-e-pierburg-para-a-amarok-na-automec-2023\/","title":{"rendered":"Motorservice apresenta amplo portf\u00f3lio das marcas Kolbenschmidt (KS) e Pierburg para a Amarok na Automec 2023"},"content":{"rendered":"<div class=\"meta-content\"><\/div>\n<h4><\/h4>\n<p>&nbsp;<\/p>\n<p><em>S\u00e3o 15 itens que garantem ampla diversidade para o motor da picape.<\/em><em>\u00a0<\/em><\/p>\n<p><em>\u00a0<\/em><\/p>\n<p>A Motorservice, divis\u00e3o para o aftermarket automotivo do Grupo Rheinmetall que comercializa as marcas Kolbenschmidt (KS) e Pierburg, fornecedoras mundiais de componentes para motor e itens mecatr\u00f4nicos para as principais montadoras do mundo, apresentar\u00e1 entre as novidades na Automec \u2013 15\u00aa Feira Internacional de Autope\u00e7as, Equipamentos e Servi\u00e7os, que acontece de 25 a 29 de abril, no Expo S\u00e3o Paulo, portf\u00f3lio com 15 itens de componentes de motor para a Amarok.<\/p>&nbsp;&nbsp;\n<p>Da marca KS s\u00e3o conjunto motor PA (Pist\u00e3o + Anel), an\u00e9is de segmento, bronzinas de biela, bronzinas de mancal, arruelas de encosto e v\u00e1lvulas.<\/p>&nbsp;&nbsp;\n<p><img decoding=\"async\" src=\"data:image\/gif;base64,R0lGODlhAQABAIAAAAAAAP\/\/\/ywAAAAAAQABAAACAUwAOw==\" fifu-lazy=\"1\" fifu-data-sizes=\"auto\" fifu-data-srcset=\"https:\/\/i2.wp.com\/verde-amarelo.net\/verdeamarelo\/wp-content\/uploads\/2023\/04\/motorservice-apresenta-amplo-portfolio-das-marcas-kolbenschmidt-ks-e-pierburg-para-a-amarok-na-automec-2023.jpg?ssl=1&w=75&resize=75&ssl=1 75w, https:\/\/i2.wp.com\/verde-amarelo.net\/verdeamarelo\/wp-content\/uploads\/2023\/04\/motorservice-apresenta-amplo-portfolio-das-marcas-kolbenschmidt-ks-e-pierburg-para-a-amarok-na-automec-2023.jpg?ssl=1&w=100&resize=100&ssl=1 100w, https:\/\/i2.wp.com\/verde-amarelo.net\/verdeamarelo\/wp-content\/uploads\/2023\/04\/motorservice-apresenta-amplo-portfolio-das-marcas-kolbenschmidt-ks-e-pierburg-para-a-amarok-na-automec-2023.jpg?ssl=1&w=150&resize=150&ssl=1 150w, https:\/\/i2.wp.com\/verde-amarelo.net\/verdeamarelo\/wp-content\/uploads\/2023\/04\/motorservice-apresenta-amplo-portfolio-das-marcas-kolbenschmidt-ks-e-pierburg-para-a-amarok-na-automec-2023.jpg?ssl=1&w=240&resize=240&ssl=1 240w, https:\/\/i2.wp.com\/verde-amarelo.net\/verdeamarelo\/wp-content\/uploads\/2023\/04\/motorservice-apresenta-amplo-portfolio-das-marcas-kolbenschmidt-ks-e-pierburg-para-a-amarok-na-automec-2023.jpg?ssl=1&w=320&resize=320&ssl=1 320w, https:\/\/i2.wp.com\/verde-amarelo.net\/verdeamarelo\/wp-content\/uploads\/2023\/04\/motorservice-apresenta-amplo-portfolio-das-marcas-kolbenschmidt-ks-e-pierburg-para-a-amarok-na-automec-2023.jpg?ssl=1&w=500&resize=500&ssl=1 500w, https:\/\/i2.wp.com\/verde-amarelo.net\/verdeamarelo\/wp-content\/uploads\/2023\/04\/motorservice-apresenta-amplo-portfolio-das-marcas-kolbenschmidt-ks-e-pierburg-para-a-amarok-na-automec-2023.jpg?ssl=1&w=640&resize=640&ssl=1 640w, https:\/\/i2.wp.com\/verde-amarelo.net\/verdeamarelo\/wp-content\/uploads\/2023\/04\/motorservice-apresenta-amplo-portfolio-das-marcas-kolbenschmidt-ks-e-pierburg-para-a-amarok-na-automec-2023.jpg?ssl=1&w=800&resize=800&ssl=1 800w, https:\/\/i2.wp.com\/verde-amarelo.net\/verdeamarelo\/wp-content\/uploads\/2023\/04\/motorservice-apresenta-amplo-portfolio-das-marcas-kolbenschmidt-ks-e-pierburg-para-a-amarok-na-automec-2023.jpg?ssl=1&w=1024&resize=1024&ssl=1 1024w, https:\/\/i2.wp.com\/verde-amarelo.net\/verdeamarelo\/wp-content\/uploads\/2023\/04\/motorservice-apresenta-amplo-portfolio-das-marcas-kolbenschmidt-ks-e-pierburg-para-a-amarok-na-automec-2023.jpg?ssl=1&w=1280&resize=1280&ssl=1 1280w, https:\/\/i2.wp.com\/verde-amarelo.net\/verdeamarelo\/wp-content\/uploads\/2023\/04\/motorservice-apresenta-amplo-portfolio-das-marcas-kolbenschmidt-ks-e-pierburg-para-a-amarok-na-automec-2023.jpg?ssl=1&w=1600&resize=1600&ssl=1 1600w\" class=\"alignnone size-medium wp-image-15914\" fifu-data-src=\"https:\/\/i2.wp.com\/verde-amarelo.net\/verdeamarelo\/wp-content\/uploads\/2023\/04\/motorservice-apresenta-amplo-portfolio-das-marcas-kolbenschmidt-ks-e-pierburg-para-a-amarok-na-automec-2023.jpg?ssl=1\" sizes=\"(max-width: 300px) 100vw, 300px\" srcset=\"https:\/\/i2.wp.com\/verde-amarelo.net\/verdeamarelo\/wp-content\/uploads\/2023\/04\/motorservice-apresenta-amplo-portfolio-das-marcas-kolbenschmidt-ks-e-pierburg-para-a-amarok-na-automec-2023.jpg?ssl=1 300w, https:\/\/verde-amarelo.net\/verdeamarelo\/wp-content\/uploads\/2023\/04\/motorservice-apresenta-amplo-portfolio-das-marcas-kolbenschmidt-ks-e-pierburg-para-a-amarok-na-automec-2023-2.jpg 550w\" alt=\"\" width=\"300\" height=\"157\" \/><\/p>\n<p>Os itens mecatr\u00f4nicos da marca Pierburg re\u00fanem bomba de \u00e1gua, bomba de \u00f3leo, bomba de v\u00e1cuo, radiador de \u00f3leo, sensor de temperatura de g\u00e1s de escape, sensor de press\u00e3o de g\u00e1s de escape, v\u00e1lvula de comuta\u00e7\u00e3o e v\u00e1lvula EGR.<\/p>&nbsp;&nbsp;\n<p>Al\u00e9m destes lan\u00e7amentos, a empresa, com presen\u00e7a mundial, tamb\u00e9m exibir\u00e1 em primeira m\u00e3o componentes motores Euro 6 \u2013 tecnologia de motores de combust\u00e3o interna que atende aos padr\u00f5es de emiss\u00f5es mais rigorosos da Uni\u00e3o Europeia e que come\u00e7a a ser introduzida no Brasil, e tamb\u00e9m a fam\u00edlia de produtos para motor 3 cilindros.<\/p>&nbsp;&nbsp;\n<p>No stand, E181, localizado na Rua E \u2013 Avenida Principal, al\u00e9m de conhecer diversas inova\u00e7\u00f5es, os visitantes poder\u00e3o ainda participar da Roleta Premiada e concorrer a pr\u00eamios, basta se cadastrar e girar a roleta. Tamb\u00e9m contar\u00e3o com as presen\u00e7as dos especialistas refer\u00eancias em manuten\u00e7\u00e3o automotiva: professor e embaixador da marca Pierburg, Pedro Luiz Scopino e o apresentador e idealizador do canal do YouTube Doutor Carro, Tales Domingues.<\/p>&nbsp;&nbsp;\n<p>Para mais informa\u00e7\u00f5es:\u00a0 \u00a0 \u00a0 \u00a0 \u00a0 \u00a0 \u00a0 \u00a0 \u00a0 \u00a0 Facebook\u00a0\u00a0\u00a0\u00a0\u00a0\u00a0\u00a0\u00a0\u00a0\u00a0\u00a0\u00a0 (@MotorServiceGroup),\u00a0\u00a0\u00a0\u00a0\u00a0\u00a0\u00a0\u00a0\u00a0\u00a0\u00a0\u00a0\u00a0 Instagram (@motorservice_group),\u00a0\u00a0\u00a0\u00a0\u00a0 Twitter\u00a0\u00a0\u00a0\u00a0\u00a0\u00a0\u00a0 (@msmotorservice)\u00a0\u00a0 e\u00a0\u00a0\u00a0\u00a0\u00a0 YouTube (@motorservicegroup);\u00a0\u00a0\u00a0\u00a0\u00a0\u00a0\u00a0 bem\u00a0\u00a0\u00a0\u00a0 como\u00a0\u00a0\u00a0\u00a0\u00a0 o\u00a0\u00a0\u00a0\u00a0\u00a0 site\u00a0\u00a0\u00a0\u00a0\u00a0 (<a href=\"https:\/\/www.ms-motorservice.com.br\/\">https:\/\/www.ms-<\/a> <a href=\"https:\/\/www.ms-motorservice.com.br\/\">motorservice.com.br\/<\/a>); APP Motorservice (shop.ms-motorservice.com.br), cat\u00e1logo na plataforma TecDoc (web.tecalliance.net\/tecdocbr\/qc\/login), cat\u00e1logo\u00a0\u00a0\u00a0\u00a0\u00a0\u00a0 na\u00a0\u00a0\u00a0\u00a0\u00a0\u00a0\u00a0\u00a0\u00a0\u00a0\u00a0\u00a0\u00a0\u00a0\u00a0\u00a0\u00a0\u00a0\u00a0\u00a0\u00a0\u00a0\u00a0 plataforma\u00a0\u00a0\u00a0\u00a0\u00a0\u00a0\u00a0\u00a0\u00a0\u00a0 IDEIA\u00a0\u00a0\u00a0 2001\u00a0\u00a0\u00a0\u00a0\u00a0\u00a0\u00a0\u00a0\u00a0\u00a0\u00a0\u00a0\u00a0\u00a0\u00a0\u00a0\u00a0\u00a0 (catweb.ms- motorservice.com.br;baixecatalogo.com.br\/catalogo\/Kolbenschmidt-ks- Pierburg-BF) e o suporte t\u00e9cnico no SAKS 0800 721 7878.<\/p>&nbsp;&nbsp;\n<h3><span lang=\"PT\">Servi\u00e7o:<\/span><\/h3>\n<p>Automec 2023<\/p>\n<p>Data: 25 a 29 de abril<\/p>\n<p>Hor\u00e1rio: Ter\u00e7a a sexta, das 13h \u00e0s 21h e S\u00e1bado, das 09h \u00e0s 17h<\/p>\n<p>Local: S\u00e3o Paulo Expo Rod. dos Imigrantes 5, km. 1 1500, S\u00e3o Paulo, SP Localiza\u00e7\u00e3o do stand: E181 \u2013 Rua E \u2013 Avenida Principal.<\/p>&nbsp;&nbsp;\n<h3>Sobre a Motorservice<\/h3>\n<p>O grupo Motorservice \u00e9 a organiza\u00e7\u00e3o de vendas da Rheinmetall para todas as atividades de p\u00f3s-venda em todo o mundo. Este \u00e9 um dos maiores fornecedores de componentes do motor para o mercado de reposi\u00e7\u00e3o independente.<\/p>&nbsp;&nbsp;\n<p>Com as marcas premium Kolbenschmidt (KS), Pierburg, bem como a marca BF, a Motorservice oferece, no com\u00e9rcio e na oficina, um vasto e amplo portf\u00f3lio de produtos com alta qualidade aos seus clientes.<\/p>&nbsp;&nbsp;\n<section class=\"details\">Fotos da Not\u00edcia \u2013 (Clique para ampliar e fazer Atualizado -  das fotos)<\/p>\n<div class=\"row\">\n<div class=\"col-md-4\"><a href=\"https:\/\/verde-amarelo.net\/verdeamarelo\/wp-content\/uploads\/2023\/04\/motorservice-apresenta-amplo-portfolio-das-marcas-kolbenschmidt-ks-e-pierburg-para-a-amarok-na-automec-2023-1.jpg\" rel=\"nobox\"><img decoding=\"async\" src=\"data:image\/gif;base64,R0lGODlhAQABAIAAAAAAAP\/\/\/ywAAAAAAQABAAACAUwAOw==\" fifu-lazy=\"1\" fifu-data-sizes=\"auto\" fifu-data-srcset=\"https:\/\/i3.wp.com\/verde-amarelo.net\/verdeamarelo\/wp-content\/uploads\/2023\/04\/motorservice-apresenta-amplo-portfolio-das-marcas-kolbenschmidt-ks-e-pierburg-para-a-amarok-na-automec-2023-1.jpg?ssl=1&w=75&resize=75&ssl=1 75w, https:\/\/i3.wp.com\/verde-amarelo.net\/verdeamarelo\/wp-content\/uploads\/2023\/04\/motorservice-apresenta-amplo-portfolio-das-marcas-kolbenschmidt-ks-e-pierburg-para-a-amarok-na-automec-2023-1.jpg?ssl=1&w=100&resize=100&ssl=1 100w, https:\/\/i3.wp.com\/verde-amarelo.net\/verdeamarelo\/wp-content\/uploads\/2023\/04\/motorservice-apresenta-amplo-portfolio-das-marcas-kolbenschmidt-ks-e-pierburg-para-a-amarok-na-automec-2023-1.jpg?ssl=1&w=150&resize=150&ssl=1 150w, https:\/\/i3.wp.com\/verde-amarelo.net\/verdeamarelo\/wp-content\/uploads\/2023\/04\/motorservice-apresenta-amplo-portfolio-das-marcas-kolbenschmidt-ks-e-pierburg-para-a-amarok-na-automec-2023-1.jpg?ssl=1&w=240&resize=240&ssl=1 240w, https:\/\/i3.wp.com\/verde-amarelo.net\/verdeamarelo\/wp-content\/uploads\/2023\/04\/motorservice-apresenta-amplo-portfolio-das-marcas-kolbenschmidt-ks-e-pierburg-para-a-amarok-na-automec-2023-1.jpg?ssl=1&w=320&resize=320&ssl=1 320w, https:\/\/i3.wp.com\/verde-amarelo.net\/verdeamarelo\/wp-content\/uploads\/2023\/04\/motorservice-apresenta-amplo-portfolio-das-marcas-kolbenschmidt-ks-e-pierburg-para-a-amarok-na-automec-2023-1.jpg?ssl=1&w=500&resize=500&ssl=1 500w, https:\/\/i3.wp.com\/verde-amarelo.net\/verdeamarelo\/wp-content\/uploads\/2023\/04\/motorservice-apresenta-amplo-portfolio-das-marcas-kolbenschmidt-ks-e-pierburg-para-a-amarok-na-automec-2023-1.jpg?ssl=1&w=640&resize=640&ssl=1 640w, https:\/\/i3.wp.com\/verde-amarelo.net\/verdeamarelo\/wp-content\/uploads\/2023\/04\/motorservice-apresenta-amplo-portfolio-das-marcas-kolbenschmidt-ks-e-pierburg-para-a-amarok-na-automec-2023-1.jpg?ssl=1&w=800&resize=800&ssl=1 800w, https:\/\/i3.wp.com\/verde-amarelo.net\/verdeamarelo\/wp-content\/uploads\/2023\/04\/motorservice-apresenta-amplo-portfolio-das-marcas-kolbenschmidt-ks-e-pierburg-para-a-amarok-na-automec-2023-1.jpg?ssl=1&w=1024&resize=1024&ssl=1 1024w, https:\/\/i3.wp.com\/verde-amarelo.net\/verdeamarelo\/wp-content\/uploads\/2023\/04\/motorservice-apresenta-amplo-portfolio-das-marcas-kolbenschmidt-ks-e-pierburg-para-a-amarok-na-automec-2023-1.jpg?ssl=1&w=1280&resize=1280&ssl=1 1280w, https:\/\/i3.wp.com\/verde-amarelo.net\/verdeamarelo\/wp-content\/uploads\/2023\/04\/motorservice-apresenta-amplo-portfolio-das-marcas-kolbenschmidt-ks-e-pierburg-para-a-amarok-na-automec-2023-1.jpg?ssl=1&w=1600&resize=1600&ssl=1 1600w\" fifu-data-src=\"https:\/\/i3.wp.com\/verde-amarelo.net\/verdeamarelo\/wp-content\/uploads\/2023\/04\/motorservice-apresenta-amplo-portfolio-das-marcas-kolbenschmidt-ks-e-pierburg-para-a-amarok-na-automec-2023-1.jpg?ssl=1\" \/><\/a><\/div>\n<div class=\"col-md-4\"><a href=\"http:\/\/versoassessoriadeimprensa.com.br\/15913-2\/\" rel=\"nobox\"><img decoding=\"async\" src=\"data:image\/gif;base64,R0lGODlhAQABAIAAAAAAAP\/\/\/ywAAAAAAQABAAACAUwAOw==\" fifu-lazy=\"1\" fifu-data-sizes=\"auto\" fifu-data-srcset=\"https:\/\/i1.wp.com\/versoassessoriadeimprensa.com.br\/15913-2\/?ssl=1&w=75&resize=75&ssl=1 75w, https:\/\/i1.wp.com\/versoassessoriadeimprensa.com.br\/15913-2\/?ssl=1&w=100&resize=100&ssl=1 100w, https:\/\/i1.wp.com\/versoassessoriadeimprensa.com.br\/15913-2\/?ssl=1&w=150&resize=150&ssl=1 150w, https:\/\/i1.wp.com\/versoassessoriadeimprensa.com.br\/15913-2\/?ssl=1&w=240&resize=240&ssl=1 240w, https:\/\/i1.wp.com\/versoassessoriadeimprensa.com.br\/15913-2\/?ssl=1&w=320&resize=320&ssl=1 320w, https:\/\/i1.wp.com\/versoassessoriadeimprensa.com.br\/15913-2\/?ssl=1&w=500&resize=500&ssl=1 500w, https:\/\/i1.wp.com\/versoassessoriadeimprensa.com.br\/15913-2\/?ssl=1&w=640&resize=640&ssl=1 640w, https:\/\/i1.wp.com\/versoassessoriadeimprensa.com.br\/15913-2\/?ssl=1&w=800&resize=800&ssl=1 800w, https:\/\/i1.wp.com\/versoassessoriadeimprensa.com.br\/15913-2\/?ssl=1&w=1024&resize=1024&ssl=1 1024w, https:\/\/i1.wp.com\/versoassessoriadeimprensa.com.br\/15913-2\/?ssl=1&w=1280&resize=1280&ssl=1 1280w, https:\/\/i1.wp.com\/versoassessoriadeimprensa.com.br\/15913-2\/?ssl=1&w=1600&resize=1600&ssl=1 1600w\" fifu-data-src=\"https:\/\/i1.wp.com\/versoassessoriadeimprensa.com.br\/15913-2\/?ssl=1\" \/><\/a><\/div>\n<\/div>\n<\/section>\n<section class=\"details_clipping\">Clippings para esta not\u00edcia<\/p>\n<\/section>\n","protected":false},"excerpt":{"rendered":"<p>&nbsp; S\u00e3o 15 itens que garantem ampla diversidade para o motor da picape.\u00a0 \u00a0 A&#8230;<\/p>\n","protected":false},"author":1,"featured_media":66924,"comment_status":"closed","ping_status":"closed","sticky":false,"template":"","format":"standard","meta":{"fifu_image_url":"","fifu_image_alt":"","footnotes":""},"categories":[7488,727,8425],"tags":[8426],"class_list":["post-66923","post","type-post","status-publish","format-standard","has-post-thumbnail","hentry","category-destaques","category-noticias","category-verde-amarelo","tag-verde-amarelo","wpcat-7488-id","wpcat-727-id","wpcat-8425-id"],"_links":{"self":[{"href":"https:\/\/verde-amarelo.net\/verdeamarelo\/wp-json\/wp\/v2\/posts\/66923","targetHints":{"allow":["GET"]}}],"collection":[{"href":"https:\/\/verde-amarelo.net\/verdeamarelo\/wp-json\/wp\/v2\/posts"}],"about":[{"href":"https:\/\/verde-amarelo.net\/verdeamarelo\/wp-json\/wp\/v2\/types\/post"}],"author":[{"embeddable":true,"href":"https:\/\/verde-amarelo.net\/verdeamarelo\/wp-json\/wp\/v2\/users\/1"}],"replies":[{"embeddable":true,"href":"https:\/\/verde-amarelo.net\/verdeamarelo\/wp-json\/wp\/v2\/comments?post=66923"}],"version-history":[{"count":0,"href":"https:\/\/verde-amarelo.net\/verdeamarelo\/wp-json\/wp\/v2\/posts\/66923\/revisions"}],"wp:featuredmedia":[{"embeddable":true,"href":"https:\/\/verde-amarelo.net\/verdeamarelo\/wp-json\/wp\/v2\/media\/66924"}],"wp:attachment":[{"href":"https:\/\/verde-amarelo.net\/verdeamarelo\/wp-json\/wp\/v2\/media?parent=66923"}],"wp:term":[{"taxonomy":"category","embeddable":true,"href":"https:\/\/verde-amarelo.net\/verdeamarelo\/wp-json\/wp\/v2\/categories?post=66923"},{"taxonomy":"post_tag","embeddable":true,"href":"https:\/\/verde-amarelo.net\/verdeamarelo\/wp-json\/wp\/v2\/tags?post=66923"}],"curies":[{"name":"wp","href":"https:\/\/api.w.org\/{rel}","templated":true}]}}