{"id":67044,"date":"2023-04-25T13:00:00","date_gmt":"2023-04-25T16:00:00","guid":{"rendered":"https:\/\/prnewswire.com.br\/releases\/a-pentera-continua-a-expansao-global-com-escritorios-na-america-latina\/"},"modified":"2023-04-25T20:10:51","modified_gmt":"2023-04-25T23:10:51","slug":"a-pentera-continua-a-expansao-global-com-escritorios-na-america-latina","status":"publish","type":"post","link":"https:\/\/verde-amarelo.net\/verdeamarelo\/2023\/04\/a-pentera-continua-a-expansao-global-com-escritorios-na-america-latina\/","title":{"rendered":"A Pentera Continua a Expans\u00e3o Global Com Escrit\u00f3rios na Am\u00e9rica Latina"},"content":{"rendered":"<p>Empresa <i>unic\u00f3rnio na \u00e1rea de seguran\u00e7a cibern\u00e9tica inicia uma expans\u00e3o com foco no M\u00e9xico e no Brasil,<\/i> <i>ap\u00f3s um crescimento de quase 300% nos neg\u00f3cios na Am\u00e9rica do Norte desde o in\u00edcio de 2020<\/i><\/p>\n<p><span class=\"legendSpanClass\"><span class=\"xn-location\">BOSTON<\/span><\/span>, <span class=\"legendSpanClass\">25 de abril de 2023<\/span> - Atualizado -  \u2014 <a href=\"https:\/\/pentera.io\/?utm_source=PR&amp;source=PR&amp;utm_medium=PressRelease&amp;medium=PressRelease&amp;utm_campaign=LATAMExpansion&amp;campaign=LATAMExpansion\" target=\"_blank\" rel=\"nofollow noopener noreferrer\">Pentera<\/a>, l\u00edder em valida\u00e7\u00e3o automatizada de seguran\u00e7a, anunciou hoje a expans\u00e3o de suas opera\u00e7\u00f5es comerciais para a Am\u00e9rica Latina com escrit\u00f3rios locais no Brasil e no M\u00e9xico. A expans\u00e3o permite que a Pentera acomode a alta demanda por valida\u00e7\u00e3o automatizada de seguran\u00e7a na Am\u00e9rica Latina, seguindo o not\u00e1vel crescimento e tra\u00e7\u00e3o em seus neg\u00f3cios na Am\u00e9rica do Norte.<\/p>&nbsp;&nbsp;\n<p>\u201cUma <a href=\"https:\/\/blog.checkpoint.com\/2023\/01\/05\/38-increase-in-2022-global-cyberattacks\/\" target=\"_blank\" rel=\"nofollow noopener noreferrer\">pesquisa<\/a> recente revelou que ciberataques na Am\u00e9rica Latina cresceram 29% em 2022\u2033, disse <span class=\"xn-person\">Patrick Guay<\/span>, Vice-Presidente S\u00eanior de Vendas da Pentera Am\u00e9ricas. \u201cNossa plataforma automatizada est\u00e1 mudando a forma como a seguran\u00e7a \u00e9 feita, permitindo que as organiza\u00e7\u00f5es validem continuamente sua seguran\u00e7a em uma velocidade e em escala imposs\u00edveis anteriormente. A expans\u00e3o da nossa presen\u00e7a com escrit\u00f3rios na Am\u00e9rica Latina nos permitir\u00e1 atender com mais agilidade clientes e parceiros na regi\u00e3o para melhorar sua efici\u00eancia cibern\u00e9tica.\u201d<\/p>\n<p>A Pentera j\u00e1 est\u00e1 trabalhando com dezenas de clientes em seis pa\u00edses da Am\u00e9rica Latina, e a equipe local dedicada acelerar\u00e1 os esfor\u00e7os da empresa para alcan\u00e7ar e atender mais clientes na regi\u00e3o. A expans\u00e3o tamb\u00e9m permitir\u00e1 o desenvolvimento de um programa de parceria regional para espelhar a estrat\u00e9gia de sucesso na Am\u00e9rica do Norte.<\/p>&nbsp;&nbsp;\n<p>A Pentera nomeou Gabriela Vald\u00e9s como Diretora Regional de Vendas para a Am\u00e9rica Latina. <span class=\"xn-person\">Ana Cerqueira<\/span> foi nomeada Gerente Regional de Vendas, Brasil, para chefiar os escrit\u00f3rios locais no mercado. Tanto a Gabriela quanto a Ana trazem mais de 15 anos de resultados comprovados em vendas e desenvolvimento de canais, al\u00e9m de solu\u00e7\u00f5es de ciberseguran\u00e7a para o mercado.<\/p>&nbsp;&nbsp;\n<p>A Pentera fornece uma abordagem totalmente nova para valida\u00e7\u00e3o de seguran\u00e7a cibern\u00e9tica com base na emula\u00e7\u00e3o de ataque do mundo real. A solu\u00e7\u00e3o automatizada desafia continuamente os controles de seguran\u00e7a cibern\u00e9tica existentes em escala para descobrir lacunas explor\u00e1veis em todas as superf\u00edcies de ataque. A solu\u00e7\u00e3o fornece \u00e0s equipes de seguran\u00e7a relat\u00f3rios acion\u00e1veis para permitir que reduzam a exposi\u00e7\u00e3o e comparem sua seguran\u00e7a ao longo do tempo.<\/p>&nbsp;&nbsp;\n<p>\u201cCom o ataque cont\u00ednuo de hackers \u00e0s organiza\u00e7\u00f5es de todos os tamanhos e verticais, solu\u00e7\u00f5es proativas e inovadoras de seguran\u00e7a cibern\u00e9tica s\u00e3o a chave para garantir nosso futuro digital\u201d, disse <span class=\"xn-person\">Gabriel Paiva<\/span>, CEO da Dfense Security. \u201cA valida\u00e7\u00e3o automatizada de seguran\u00e7a da Pentera \u00e9 o que h\u00e1 de melhor em oferta do setor e sua presen\u00e7a \u00e9 um grande benef\u00edcio para o mercado brasileiro. Estamos confiantes de que nossa parceria com a Pentera ser\u00e1 bem-sucedida e ajudar\u00e1 nossos clientes no Brasil a se manterem \u00e0 frente das amea\u00e7as emergentes \u00e0 seguran\u00e7a.\u201d<\/p>\n<p>\u201cComo provedor l\u00edder de solu\u00e7\u00f5es de TI no M\u00e9xico, estamos entusiasmados em fazer parceria com a Pentera para trazer sua plataforma inovadora de valida\u00e7\u00e3o de seguran\u00e7a para o mercado\u201d, disse Adolfo Espinosa Ram\u00edrez, Diretor, Microsoft BU, Datavision. \u201cA plataforma da Pentera ser\u00e1 uma excelente adi\u00e7\u00e3o ao nosso conjunto de solu\u00e7\u00f5es e ajudar\u00e1 nossos clientes a identificar e priorizar rapidamente suas vulnerabilidades de seguran\u00e7a, reduzindo assim sua exposi\u00e7\u00e3o a riscos.\u201d<\/p>\n<p>A expans\u00e3o da Pentera para a Am\u00e9rica Latina ocorre logo ap\u00f3s a expans\u00e3o bem-sucedida da empresa para a APAC no quarto trimestre de 2022. A empresa dobra seus neg\u00f3cios ano a ano desde 2020 e, at\u00e9 o momento, possui mais de 750 clientes em 45 pa\u00edses ao redor do mundo.<\/p>&nbsp;&nbsp;\n<p><b>Sobre a Pentera<\/b><\/p>\n<p>A Pentera \u00e9 l\u00edder na categoria de valida\u00e7\u00e3o automatizada de seguran\u00e7a, permitindo que todas as organiza\u00e7\u00f5es testem com facilidade a integridade de todas as camadas de seguran\u00e7a cibern\u00e9tica, revelando exposi\u00e7\u00f5es de seguran\u00e7a atuais verdadeiras a qualquer momento, em qualquer escala. Milhares de profissionais de seguran\u00e7a e provedores de servi\u00e7os em todo o mundo usam a Pentera para orientar a corre\u00e7\u00e3o e fechar as lacunas de seguran\u00e7a antes que sejam exploradas. Para mais informa\u00e7\u00f5es, acesse: <a href=\"https:\/\/pentera.io\/?utm_source=PR&amp;source=PR&amp;utm_medium=PressRelease&amp;medium=PressRelease&amp;utm_campaign=LATAMExpansion&amp;campaign=LATAMExpansion\" target=\"_blank\" rel=\"nofollow noopener noreferrer\">pentera.io<\/a><\/p>\n<p>===================<br \/>\n<span class=\"xn-person\">Noam Hirsch<\/span><br \/>\nDiretor S\u00eanior de Rela\u00e7\u00f5es P\u00fablicas<br \/>\n<a href=\"mailto:Noam.Hirsch@pentera.io\" target=\"_blank\" rel=\"nofollow noopener noreferrer\">Noam.Hirsch@pentera.io<\/a><\/p>\n<p>FONTE Pentera<\/p>\n<p><a href=\"https:\/\/prnewswire.com.br\/releases\/a-pentera-continua-a-expansao-global-com-escritorios-na-america-latina\/\">Cr\u00e9ditos a Assessoria!<\/a><\/p>\n","protected":false},"excerpt":{"rendered":"<p>Empresa unic\u00f3rnio na \u00e1rea de seguran\u00e7a cibern\u00e9tica inicia uma expans\u00e3o com foco no M\u00e9xico e&#8230;<\/p>\n","protected":false},"author":1,"featured_media":0,"comment_status":"closed","ping_status":"closed","sticky":false,"template":"","format":"standard","meta":{"fifu_image_url":"","fifu_image_alt":"","footnotes":""},"categories":[7488,727,8425],"tags":[8426],"class_list":["post-67044","post","type-post","status-publish","format-standard","hentry","category-destaques","category-noticias","category-verde-amarelo","tag-verde-amarelo","wpcat-7488-id","wpcat-727-id","wpcat-8425-id"],"_links":{"self":[{"href":"https:\/\/verde-amarelo.net\/verdeamarelo\/wp-json\/wp\/v2\/posts\/67044","targetHints":{"allow":["GET"]}}],"collection":[{"href":"https:\/\/verde-amarelo.net\/verdeamarelo\/wp-json\/wp\/v2\/posts"}],"about":[{"href":"https:\/\/verde-amarelo.net\/verdeamarelo\/wp-json\/wp\/v2\/types\/post"}],"author":[{"embeddable":true,"href":"https:\/\/verde-amarelo.net\/verdeamarelo\/wp-json\/wp\/v2\/users\/1"}],"replies":[{"embeddable":true,"href":"https:\/\/verde-amarelo.net\/verdeamarelo\/wp-json\/wp\/v2\/comments?post=67044"}],"version-history":[{"count":0,"href":"https:\/\/verde-amarelo.net\/verdeamarelo\/wp-json\/wp\/v2\/posts\/67044\/revisions"}],"wp:attachment":[{"href":"https:\/\/verde-amarelo.net\/verdeamarelo\/wp-json\/wp\/v2\/media?parent=67044"}],"wp:term":[{"taxonomy":"category","embeddable":true,"href":"https:\/\/verde-amarelo.net\/verdeamarelo\/wp-json\/wp\/v2\/categories?post=67044"},{"taxonomy":"post_tag","embeddable":true,"href":"https:\/\/verde-amarelo.net\/verdeamarelo\/wp-json\/wp\/v2\/tags?post=67044"}],"curies":[{"name":"wp","href":"https:\/\/api.w.org\/{rel}","templated":true}]}}