{"id":68816,"date":"2023-04-26T10:45:47","date_gmt":"2023-04-26T13:45:47","guid":{"rendered":"https:\/\/www.highspeedbrazil.com.br\/?p=40292"},"modified":"2024-01-18T17:11:26","modified_gmt":"2024-01-18T20:11:26","slug":"nascar-brasil-anuncia-programacao-da-segunda-etapa","status":"publish","type":"post","link":"https:\/\/verde-amarelo.net\/verdeamarelo\/2023\/04\/nascar-brasil-anuncia-programacao-da-segunda-etapa\/","title":{"rendered":"NASCAR Brasil anuncia programa\u00e7\u00e3o da segunda etapa"},"content":{"rendered":"<p><em>O tradicional aut\u00f3dromo de Interlagos receber\u00e1 o campeonato na pr\u00f3xima semana. As corridas ser\u00e3o no domingo, 30 de abril<\/em><\/p>\n<p><a href=\"https:\/\/i1.wp.com\/www.highspeedbrazil.com.br\/wp-content\/uploads\/2023\/04\/421298_1055447_whatsapp_image_2023_04_20_at_14.56.58_web_.jpeg?ssl=1\"><img src=\"data:image\/gif;base64,R0lGODlhAQABAIAAAAAAAP\/\/\/ywAAAAAAQABAAACAUwAOw==\" fifu-lazy=\"1\" fifu-data-sizes=\"auto\" fifu-data-srcset=\"https:\/\/i2.wp.com\/verde-amarelo.net\/verdeamarelo\/wp-content\/uploads\/2023\/04\/nascar-brasil-anuncia-programacao-da-segunda-etapa.webp?ssl=1&w=75&resize=75&ssl=1 75w, https:\/\/i2.wp.com\/verde-amarelo.net\/verdeamarelo\/wp-content\/uploads\/2023\/04\/nascar-brasil-anuncia-programacao-da-segunda-etapa.webp?ssl=1&w=100&resize=100&ssl=1 100w, https:\/\/i2.wp.com\/verde-amarelo.net\/verdeamarelo\/wp-content\/uploads\/2023\/04\/nascar-brasil-anuncia-programacao-da-segunda-etapa.webp?ssl=1&w=150&resize=150&ssl=1 150w, https:\/\/i2.wp.com\/verde-amarelo.net\/verdeamarelo\/wp-content\/uploads\/2023\/04\/nascar-brasil-anuncia-programacao-da-segunda-etapa.webp?ssl=1&w=240&resize=240&ssl=1 240w, https:\/\/i2.wp.com\/verde-amarelo.net\/verdeamarelo\/wp-content\/uploads\/2023\/04\/nascar-brasil-anuncia-programacao-da-segunda-etapa.webp?ssl=1&w=320&resize=320&ssl=1 320w, https:\/\/i2.wp.com\/verde-amarelo.net\/verdeamarelo\/wp-content\/uploads\/2023\/04\/nascar-brasil-anuncia-programacao-da-segunda-etapa.webp?ssl=1&w=500&resize=500&ssl=1 500w, https:\/\/i2.wp.com\/verde-amarelo.net\/verdeamarelo\/wp-content\/uploads\/2023\/04\/nascar-brasil-anuncia-programacao-da-segunda-etapa.webp?ssl=1&w=640&resize=640&ssl=1 640w, https:\/\/i2.wp.com\/verde-amarelo.net\/verdeamarelo\/wp-content\/uploads\/2023\/04\/nascar-brasil-anuncia-programacao-da-segunda-etapa.webp?ssl=1&w=800&resize=800&ssl=1 800w, https:\/\/i2.wp.com\/verde-amarelo.net\/verdeamarelo\/wp-content\/uploads\/2023\/04\/nascar-brasil-anuncia-programacao-da-segunda-etapa.webp?ssl=1&w=1024&resize=1024&ssl=1 1024w, https:\/\/i2.wp.com\/verde-amarelo.net\/verdeamarelo\/wp-content\/uploads\/2023\/04\/nascar-brasil-anuncia-programacao-da-segunda-etapa.webp?ssl=1&w=1280&resize=1280&ssl=1 1280w, https:\/\/i2.wp.com\/verde-amarelo.net\/verdeamarelo\/wp-content\/uploads\/2023\/04\/nascar-brasil-anuncia-programacao-da-segunda-etapa.webp?ssl=1&w=1600&resize=1600&ssl=1 1600w\" decoding=\"async\" loading=\"lazy\" data-attachment-id=\"40293\" data-permalink=\"https:\/\/www.highspeedbrazil.com.br\/nascar-brasil-anuncia-programacao-da-segunda-etapa\/421298_1055447_whatsapp_image_2023_04_20_at_14-56-58_web_\/\" data-orig-file=\"https:\/\/i1.wp.com\/www.highspeedbrazil.com.br\/wp-content\/uploads\/2023\/04\/421298_1055447_whatsapp_image_2023_04_20_at_14.56.58_web_.jpeg?fit=600%2C600&ssl=1\" data-orig-size=\"600,600\" data-comments-opened=\"1\" data-image-meta=\"{\"aperture\":\"0\",\"credit\":\"\",\"camera\":\"\",\"caption\":\"\",\"created_timestamp\":\"0\",\"copyright\":\"\",\"focal_length\":\"0\",\"iso\":\"0\",\"shutter_speed\":\"0\",\"title\":\"\",\"orientation\":\"0\"}\" data-image-title=\"421298_1055447_whatsapp_image_2023_04_20_at_14.56.58_web_\" data-image-description data-medium-file=\"https:\/\/i1.wp.com\/www.highspeedbrazil.com.br\/wp-content\/uploads\/2023\/04\/421298_1055447_whatsapp_image_2023_04_20_at_14.56.58_web_.jpeg?fit=300%2C300&ssl=1\" data-large-file=\"https:\/\/i1.wp.com\/www.highspeedbrazil.com.br\/wp-content\/uploads\/2023\/04\/421298_1055447_whatsapp_image_2023_04_20_at_14.56.58_web_.jpeg?fit=600%2C600&ssl=1\" class=\" wp-image-40293 alignleft jetpack-lazy-image\" fifu-data-src=\"https:\/\/i2.wp.com\/verde-amarelo.net\/verdeamarelo\/wp-content\/uploads\/2023\/04\/nascar-brasil-anuncia-programacao-da-segunda-etapa.webp?ssl=1\" alt width=\"225\" height=\"225\" data-recalc-dims=\"1\" data-lazy-srcset=\"https:\/\/verde-amarelo.net\/verdeamarelo\/wp-content\/uploads\/2023\/04\/nascar-brasil-anuncia-programacao-da-segunda-etapa-1.jpg 600w, https:\/\/verde-amarelo.net\/verdeamarelo\/wp-content\/uploads\/2023\/04\/nascar-brasil-anuncia-programacao-da-segunda-etapa-2.jpg 150w, https:\/\/verde-amarelo.net\/verdeamarelo\/wp-content\/uploads\/2023\/04\/nascar-brasil-anuncia-programacao-da-segunda-etapa-3.jpg 300w, https:\/\/verde-amarelo.net\/verdeamarelo\/wp-content\/uploads\/2023\/04\/nascar-brasil-anuncia-programacao-da-segunda-etapa-4.jpg 70w\" data-lazy-sizes=\"(max-width: 225px) 100vw, 225px\" srcset=\"data:image\/gif;base64,R0lGODlhAQABAIAAAAAAAP\/\/\/yH5BAEAAAAALAAAAAABAAEAAAIBRAA7\"><\/a><\/p>\n<p><noscript><img src=\"data:image\/gif;base64,R0lGODlhAQABAIAAAAAAAP\/\/\/ywAAAAAAQABAAACAUwAOw==\" fifu-lazy=\"1\" fifu-data-sizes=\"auto\" fifu-data-srcset=\"https:\/\/i2.wp.com\/verde-amarelo.net\/verdeamarelo\/wp-content\/uploads\/2023\/04\/nascar-brasil-anuncia-programacao-da-segunda-etapa.webp?ssl=1&w=75&resize=75&ssl=1 75w, https:\/\/i2.wp.com\/verde-amarelo.net\/verdeamarelo\/wp-content\/uploads\/2023\/04\/nascar-brasil-anuncia-programacao-da-segunda-etapa.webp?ssl=1&w=100&resize=100&ssl=1 100w, https:\/\/i2.wp.com\/verde-amarelo.net\/verdeamarelo\/wp-content\/uploads\/2023\/04\/nascar-brasil-anuncia-programacao-da-segunda-etapa.webp?ssl=1&w=150&resize=150&ssl=1 150w, https:\/\/i2.wp.com\/verde-amarelo.net\/verdeamarelo\/wp-content\/uploads\/2023\/04\/nascar-brasil-anuncia-programacao-da-segunda-etapa.webp?ssl=1&w=240&resize=240&ssl=1 240w, https:\/\/i2.wp.com\/verde-amarelo.net\/verdeamarelo\/wp-content\/uploads\/2023\/04\/nascar-brasil-anuncia-programacao-da-segunda-etapa.webp?ssl=1&w=320&resize=320&ssl=1 320w, https:\/\/i2.wp.com\/verde-amarelo.net\/verdeamarelo\/wp-content\/uploads\/2023\/04\/nascar-brasil-anuncia-programacao-da-segunda-etapa.webp?ssl=1&w=500&resize=500&ssl=1 500w, https:\/\/i2.wp.com\/verde-amarelo.net\/verdeamarelo\/wp-content\/uploads\/2023\/04\/nascar-brasil-anuncia-programacao-da-segunda-etapa.webp?ssl=1&w=640&resize=640&ssl=1 640w, https:\/\/i2.wp.com\/verde-amarelo.net\/verdeamarelo\/wp-content\/uploads\/2023\/04\/nascar-brasil-anuncia-programacao-da-segunda-etapa.webp?ssl=1&w=800&resize=800&ssl=1 800w, https:\/\/i2.wp.com\/verde-amarelo.net\/verdeamarelo\/wp-content\/uploads\/2023\/04\/nascar-brasil-anuncia-programacao-da-segunda-etapa.webp?ssl=1&w=1024&resize=1024&ssl=1 1024w, https:\/\/i2.wp.com\/verde-amarelo.net\/verdeamarelo\/wp-content\/uploads\/2023\/04\/nascar-brasil-anuncia-programacao-da-segunda-etapa.webp?ssl=1&w=1280&resize=1280&ssl=1 1280w, https:\/\/i2.wp.com\/verde-amarelo.net\/verdeamarelo\/wp-content\/uploads\/2023\/04\/nascar-brasil-anuncia-programacao-da-segunda-etapa.webp?ssl=1&w=1600&resize=1600&ssl=1 1600w\" decoding=\"async\" loading=\"lazy\" data-attachment-id=\"40293\" data-permalink=\"https:\/\/www.highspeedbrazil.com.br\/nascar-brasil-anuncia-programacao-da-segunda-etapa\/421298_1055447_whatsapp_image_2023_04_20_at_14-56-58_web_\/\" data-orig-file=\"https:\/\/i1.wp.com\/www.highspeedbrazil.com.br\/wp-content\/uploads\/2023\/04\/421298_1055447_whatsapp_image_2023_04_20_at_14.56.58_web_.jpeg?fit=600%2C600&ssl=1\" data-orig-size=\"600,600\" data-comments-opened=\"1\" data-image-meta=\"{\"aperture\":\"0\",\"credit\":\"\",\"camera\":\"\",\"caption\":\"\",\"created_timestamp\":\"0\",\"copyright\":\"\",\"focal_length\":\"0\",\"iso\":\"0\",\"shutter_speed\":\"0\",\"title\":\"\",\"orientation\":\"0\"}\" data-image-title=\"421298_1055447_whatsapp_image_2023_04_20_at_14.56.58_web_\" data-image-description data-medium-file=\"https:\/\/i1.wp.com\/www.highspeedbrazil.com.br\/wp-content\/uploads\/2023\/04\/421298_1055447_whatsapp_image_2023_04_20_at_14.56.58_web_.jpeg?fit=300%2C300&ssl=1\" data-large-file=\"https:\/\/i1.wp.com\/www.highspeedbrazil.com.br\/wp-content\/uploads\/2023\/04\/421298_1055447_whatsapp_image_2023_04_20_at_14.56.58_web_.jpeg?fit=600%2C600&ssl=1\" class=\" wp-image-40293 alignleft\" fifu-data-src=\"https:\/\/i2.wp.com\/verde-amarelo.net\/verdeamarelo\/wp-content\/uploads\/2023\/04\/nascar-brasil-anuncia-programacao-da-segunda-etapa.webp?ssl=1\" alt width=\"225\" height=\"225\" srcset=\"https:\/\/verde-amarelo.net\/verdeamarelo\/wp-content\/uploads\/2023\/04\/nascar-brasil-anuncia-programacao-da-segunda-etapa-1.jpg 600w, https:\/\/verde-amarelo.net\/verdeamarelo\/wp-content\/uploads\/2023\/04\/nascar-brasil-anuncia-programacao-da-segunda-etapa-2.jpg 150w, https:\/\/verde-amarelo.net\/verdeamarelo\/wp-content\/uploads\/2023\/04\/nascar-brasil-anuncia-programacao-da-segunda-etapa-3.jpg 300w, https:\/\/verde-amarelo.net\/verdeamarelo\/wp-content\/uploads\/2023\/04\/nascar-brasil-anuncia-programacao-da-segunda-etapa-4.jpg 70w\" sizes=\"auto, (max-width: 225px) 100vw, 225px\" data-recalc-dims=\"1\"><\/noscript>O Aut\u00f3dromo Internacional Jos\u00e9 Carlos Pace, em Interlagos, ser\u00e1 palco na pr\u00f3xima semana da segunda etapa da NASCAR Brasil Sprint Race. Estar\u00e3o no grid 24 carros e 36 pilotos. A programa\u00e7\u00e3o prev\u00ea in\u00edcio das atividades na sexta-feira (28), ser\u00e3o duas sess\u00f5es pela manh\u00e3 reservadas para shakedown da organiza\u00e7\u00e3o e mais um treino extra no per\u00edodo da tarde para os pilotos, \u00e0s 14h30, com 40 minutos de dura\u00e7\u00e3o.<\/p>&nbsp;&nbsp;\n<p>No s\u00e1bado, 29, o circuito de 4.309 metros de extens\u00e3o recebe os dois treinos oficiais, \u00e0s 9h05 e 13h20, e os treinos classificat\u00f3rios para definir os grids de largada ser\u00e3o \u00e0s 16h35 e 16h55, com 10 minutos de dura\u00e7\u00e3o cada. As duas corridas ter\u00e3o as suas largadas no domingo, 30, a partir das 8h35 e 11h50.<\/p>&nbsp;&nbsp;\n<p>Antes da \u00faltima corrida, \u00e0s 11h15, haver\u00e1 o Hino Nacional no pitlane com os carros alinhados da NASCAR Brasil e os caminh\u00f5es da Copa Truck que ter\u00e1 programa\u00e7\u00e3o em paralelo no final de semana tamb\u00e9m com duas corridas. Entre as corridas, das 09h50 \u00e0s 10h50, o p\u00fablico portador do passe-visita\u00e7\u00e3o ter\u00e1 a oportunidade de ver de perto e interagir com seus \u00eddolos na visita\u00e7\u00e3o aos boxes<strong>.<\/strong><\/p>\n<p>Os ingressos para a etapa no aut\u00f3dromo paulistano de Interlagos da NASCAR Brasil, Copa Truck e Copa HB20, podem ser adquiridos no site (<a href=\"https:\/\/click.presskit.com.br\/url\/9369330167\/6290252a7a5\" target=\"_blank\" rel=\"nofollow noopener noreferrer\">https:\/\/bit.ly\/ingressosInterlagos<\/a>).<\/p>&nbsp;&nbsp;\n<p><strong>Transmiss\u00f5es \u2013<\/strong>&nbsp;A BandSports exibir\u00e1 todas as emo\u00e7\u00f5es da NASCAR Brasil, que transmitir\u00e1, ao vivo, a \u00faltima corrida de cada etapa, junto com os momentos da Corrida 1 do fim de semana. As corridas tamb\u00e9m ter\u00e3o transmiss\u00e3o ao vivo via streaming no Youtube, nos canais da @NASCARBrasil, @MotorsportBrasil, @highspeedtvbr e @parcfermetv2022 (It\u00e1lia). Al\u00e9m disso, haver\u00e1 cobertura dos bastidores nas plataformas digitais da competi\u00e7\u00e3o.<\/p>&nbsp;&nbsp;\n<p>A NASCAR Brasil Sprint Race \u00e9 conta com apoio da Pirelli, Frum, Militec1 e fornecedores oficiais Militec1, Embreagex, Nano4you, Tecpads, Sparco, Real Radiadores, Zanoello e Graxa.<\/p>&nbsp;&nbsp;\n<p><strong>PROGRAMA\u00c7\u00c3O \u2013 ETAPA 2 \u2013 INTERLAGOS:<\/strong><\/p>\n<p><strong>&nbsp;<\/strong><\/p>\n<p><strong>Sexta-feira, 28 de abril<\/strong><\/p>\n<p>14h30 \u00e0s 15h10 \u2013 1\u00ba Treino EXTRA<\/p>\n<p><strong>S\u00e1bado,&nbsp; 29 de abril<\/strong><\/p>\n<p>09h05 \u00e0s 09h50 \u2013 1\u00ba Treino OFICIAL (M\u00e1ximo de 18 voltas)<\/p>\n<p>13h20 \u00e0s 14h95 \u2013 2\u00ba Treino OFICIAL (M\u00e1ximo de 18 voltas)<\/p>\n<p>16h35 \u00e0s 16h45 \u2013 Treino classificat\u00f3rio 1<\/p>\n<p>16h55 \u00e0s 17h05 \u2013 Treino classificat\u00f3rio 2<\/p>\n<p><strong>Domingo,&nbsp; 30 de abril<\/strong><\/p>\n<p>08h00 \u2013 08h10 \u2013 Warmup<\/p>\n<p><strong>&nbsp;<\/strong><\/p>\n<p><em><strong><u>Corrida 1<\/u><\/strong><\/em><\/p>\n<p>08h30 \u2013 Placa de 5 minutos<\/p>\n<p>08h35 \u2013 Sa\u00edda para volta de apresenta\u00e7\u00e3o<\/p>\n<p>08h38 \u2013 Largada (25 min + 1 volta)<\/p>\n<p>09h15 \u2013 09h30 \u2013 P\u00f3dio<\/p>\n<p><strong>09h50 \u00e0s 10h50 \u2013 Visita\u00e7\u00e3o de box<\/strong><\/p>\n<p><strong>10h50 \u00e0s 11h05 \u2013 Desfile de Caminh\u00f5es Especiais, Camaros e Motos<\/strong><\/p>\n<p><strong>11h15 \u2013 Hino Nacional (Copa Truck e NASCAR Brasil)<\/strong><\/p>\n<p><em><strong><u>Corrida 2<\/u><\/strong><\/em><\/p>\n<p>11h30 \u2013 Alinhamento dos carros&nbsp;<strong>&nbsp;&nbsp;&nbsp;<\/strong><\/p>\n<p>11h45 \u2013 Placa de 5 minutos<\/p>\n<p>11h50 \u2013 Sa\u00edda para volta de apresenta\u00e7\u00e3o<\/p>\n<p>11h53 \u2013 Largada (25 min + 1 volta)<\/p>\n<p>12h20 \u00e0s 12h30 \u2013 P\u00f3dio<\/p>\n<p>\u2013<\/p>\n<p><strong>Calend\u00e1rio da NASCAR Brasil Sprint Race 2023:<\/strong><\/p>\n<p><em>Etapa 1 \u2013 19 de mar\u00e7o \u2013 Goi\u00e2nia\/GO<\/em><br \/>Etapa 2 \u2013 30 de abril \u2013 Interlagos \u2013 S\u00e3o Paulo\/SP<br \/>Etapa 3 \u2013 03 de junho \u2013 Londrina\/PR<br \/>Etapa 4 \u2013 02 de julho \u2013 Cascavel\/PR<br \/>Etapa 5 \u2013 06 de agosto \u2013 Interlagos \u2013 S\u00e3o Paulo\/SP (#SpecialEdition)<br \/>Etapa 6 \u2013 10 de setembro \u2013 Velocitta\/SP (#SpecialEdition)<br \/>Etapa 7 \u2013 15 de outubro \u2013 Tarum\u00e3, Viam\u00e3o\/RS<br \/>Etapa 8 \u2013 19 de novembro \u2013 Goi\u00e2nia\/GO<\/p>\n<p>\u2013<\/p>\n<p><strong>Siga-nos tamb\u00e9m nas redes sociais:<\/strong><\/p>\n<p>Instagram: @NASCARBrasil<br \/>Youtube: @NASCARBrasilSprintRace<br \/>Facebook: @NASCARBrasilSprintRace<br \/>Twitter: @NASCARBrasil<br \/>Tik Tok: @NASCARBrasil<\/p>\n<p>Foto:&nbsp; Divulga\u00e7\u00e3o<\/p>\n<p>por: SIG Comunica\u00e7\u00e3o<\/p>\n<div class=\"sharedaddy sd-sharing-enabled\">\n<div class=\"robots-nocontent sd-block sd-social sd-social-icon sd-sharing\">\n<h3 class=\"sd-title\">Compartilhe isso:<\/h3>\n<\/div>\n<\/div>\n<p> Cr\u00e9ditos: High Speed Brazil<\/p>\n","protected":false},"excerpt":{"rendered":"<p>O tradicional aut\u00f3dromo de Interlagos receber\u00e1 o campeonato na pr\u00f3xima semana. As corridas ser\u00e3o no&#8230;<\/p>\n","protected":false},"author":1,"featured_media":68817,"comment_status":"closed","ping_status":"closed","sticky":false,"template":"","format":"standard","meta":{"fifu_image_url":"","fifu_image_alt":"","footnotes":""},"categories":[8428,7488,7492,727,8425],"tags":[11761,7738,1888,2494,6183,6029,735,7666,2224,160,2989,1666,6459,163,1683,2475,7591,6441,6520,1471,8545,3824,3897,1095,3657,8531,2723,1735,4273,4383,6585,77,6068,411,4422,8674,8405,7665,3734,1531,3265,341,2606,4047,83,874,6367,2120,8266,8406,1712,3476,8242,6588,8426,2545,2177,1613],"class_list":["post-68816","post","type-post","status-publish","format-standard","has-post-thumbnail","hentry","category-automobilismo","category-destaques","category-esportes","category-noticias","category-verde-amarelo","tag-11761","tag-7738","tag-apoio","tag-atividades","tag-autodromo-de-interlagos","tag-automobilismo","tag-brasil","tag-calendario","tag-caminhoes","tag-campeonato","tag-canais","tag-carros","tag-cascavel","tag-competicao","tag-comunicacao","tag-conta","tag-copa","tag-copa-hb20","tag-copa-truck","tag-corrida","tag-creditos","tag-digitais","tag-e","tag-emocoes","tag-esportes","tag-etapa-1","tag-extensao","tag-extra","tag-feira","tag-fornecedores","tag-goiania","tag-instagram","tag-interlagos","tag-internacional","tag-italia","tag-motos","tag-nascar","tag-nascar-brasil-sprint-race","tag-oportunidade","tag-organizacao","tag-publico","tag-programacao","tag-real","tag-redes","tag-redes-sociais","tag-sao-paulo","tag-segunda-etapa","tag-site","tag-sp","tag-sprint-race","tag-streaming","tag-transmissao","tag-treino","tag-velocitta","tag-verde-amarelo","tag-via","tag-vivo","tag-youtube","wpcat-8428-id","wpcat-7488-id","wpcat-7492-id","wpcat-727-id","wpcat-8425-id"],"_links":{"self":[{"href":"https:\/\/verde-amarelo.net\/verdeamarelo\/wp-json\/wp\/v2\/posts\/68816","targetHints":{"allow":["GET"]}}],"collection":[{"href":"https:\/\/verde-amarelo.net\/verdeamarelo\/wp-json\/wp\/v2\/posts"}],"about":[{"href":"https:\/\/verde-amarelo.net\/verdeamarelo\/wp-json\/wp\/v2\/types\/post"}],"author":[{"embeddable":true,"href":"https:\/\/verde-amarelo.net\/verdeamarelo\/wp-json\/wp\/v2\/users\/1"}],"replies":[{"embeddable":true,"href":"https:\/\/verde-amarelo.net\/verdeamarelo\/wp-json\/wp\/v2\/comments?post=68816"}],"version-history":[{"count":0,"href":"https:\/\/verde-amarelo.net\/verdeamarelo\/wp-json\/wp\/v2\/posts\/68816\/revisions"}],"wp:featuredmedia":[{"embeddable":true,"href":"https:\/\/verde-amarelo.net\/verdeamarelo\/wp-json\/wp\/v2\/media\/68817"}],"wp:attachment":[{"href":"https:\/\/verde-amarelo.net\/verdeamarelo\/wp-json\/wp\/v2\/media?parent=68816"}],"wp:term":[{"taxonomy":"category","embeddable":true,"href":"https:\/\/verde-amarelo.net\/verdeamarelo\/wp-json\/wp\/v2\/categories?post=68816"},{"taxonomy":"post_tag","embeddable":true,"href":"https:\/\/verde-amarelo.net\/verdeamarelo\/wp-json\/wp\/v2\/tags?post=68816"}],"curies":[{"name":"wp","href":"https:\/\/api.w.org\/{rel}","templated":true}]}}