{"id":70693,"date":"2012-09-12T19:50:42","date_gmt":"2012-09-12T22:50:42","guid":{"rendered":"https:\/\/verde-amarelo.net\/verdeamarelo\/2012\/09\/a-fabrica-da-psa-peugeot-citroen-em-sochaux-comemora-100-anos\/"},"modified":"2012-09-12T19:50:42","modified_gmt":"2012-09-12T22:50:42","slug":"a-fabrica-da-psa-peugeot-citroen-em-sochaux-comemora-100-anos","status":"publish","type":"post","link":"https:\/\/verde-amarelo.net\/verdeamarelo\/2012\/09\/a-fabrica-da-psa-peugeot-citroen-em-sochaux-comemora-100-anos\/","title":{"rendered":"A f\u00e1brica da PSA Peugeot Citro\u00ebn em Sochaux comemora 100 anos"},"content":{"rendered":"<p>A f\u00e1brica de Sochaux, da PSA Peugeot Citro\u00ebn, est\u00e1 celebrando seu centen\u00e1rio, sendo uma das mais antigas unidades de produ\u00e7\u00e3o automotiva do mundo  ainda em atividade. Por essa ocasi\u00e3o, a Exposi\u00e7\u00e3o  \u00ab M14, l\u2019Expo du si\u00e8cle \u00bb (M14, a exposi\u00e7\u00e3o do s\u00e9culo) foi inaugurada por Thierry Peugeot, Presidente do Conselho de Supervis\u00e3o do Grupo PSA Peugeot Citro\u00ebn, e Philippe Varin, Presidente Mundial (CEO) do Grupo PSA Peugeot Citro\u00ebn, na presen\u00e7a de Pierre Moscovici, ministro franc\u00eas da Economia e das Finan\u00e7as.<\/p>&nbsp;&nbsp;\n<p><!--more-->A f\u00e1brica de Sochaux, maior unidade industrial da Fran\u00e7a e s\u00edmbolo da ind\u00fastria automobil\u00edstica no pa\u00eds, foi fundada em 1912 pela marca Peugeot para produzir caminh\u00f5es. Foi apenas depois da Primeira Guerra Mundial que a empresa decidiu concentrar ali a totalidade de sua produ\u00e7\u00e3o.<\/p>&nbsp;&nbsp;\n<p>Com 12.000 empregados, a f\u00e1brica \u00e9 uma unidade fundamental do dispositivo de produ\u00e7\u00e3o da PSA Peugeot Citro\u00ebn. O Grupo acaba de investir 200 milh\u00f5es de euros na f\u00e1brica para construir uma nova \u00e1rea de chaparia e para modernizar a \u00e1rea de pintura.<\/p>&nbsp;&nbsp;\n<p>Sochaux produziu mais de 20 milh\u00f5es de ve\u00edculos desde sua cria\u00e7\u00e3o, dentre os quais os modelos Peugeot 201, 402, 203, 403, 404 e 504\u2026. A f\u00e1brica produz atualmente 1.670 ve\u00edculos por dia: os modelos Peugeot 308, 3008, 5008 e o Citro\u00ebn DS5, incluindo suas vers\u00f5es h\u00edbridas diesel. Dos 12.000 funcion\u00e1rios que trabalham na f\u00e1brica, cerca de 4.000 atuam na \u00e1rea de Pesquisa e Desenvolvimento. Comemorar os cem anos de Sochaux \u00e9 uma forma de prestar homenagem a todas as gera\u00e7\u00f5es de homens e mulheres que se sucederam para transformar bobinas de a\u00e7o em carros cada vez mais eficientes.<\/p>&nbsp;&nbsp;\n<p>Em torno do slogan \u00ab De nossa hist\u00f3ria retiraremos nossa for\u00e7a \u00bb, a f\u00e1brica de Sochaux celebra seu centen\u00e1rio com v\u00e1rios eventos abertos ao p\u00fablico: <\/p>\n<p>&#8211;          De 15 de setembro a 15 de outubro  haver\u00e1 uma grande retrospectiva, chamada \u00ab M14, l\u2019Expo du si\u00e8cle \u00bb e composta principalmente por documentos fotogr\u00e1ficos in\u00e9ditos extra\u00eddos de um acervo fotogr\u00e1fico de mais de um milh\u00e3o de imagens, conservado no Centro de Arquivos de Terre Blanche, do Grupo PSA: \u00e9 uma oportunidade para nos debru\u00e7armos sobre a hist\u00f3ria do s\u00e9culo vista de Sochaux, percorrendo temas como a evolu\u00e7\u00e3o das condi\u00e7\u00f5es de trabalho, o lugar das mulheres na ind\u00fastria desde 1912 ou ainda o nascimento e o desenvolvimento de um ve\u00edculo.<\/p>&nbsp;&nbsp;\n<p>&#8211;          Em 16 de setembro,  a f\u00e1brica de Sochaux abrir\u00e1 suas portas ao p\u00fablico para um dia \u00ab de bicicleta no pa\u00eds dos carros \u00bb. Uma ocasi\u00e3o de levar as crian\u00e7as para conhecer a f\u00e1brica, que ser\u00e1 apresentada pelos pr\u00f3prios funcion\u00e1rios durante um passeio de bicicleta pelos ateli\u00eas. <\/p>\n<p>&#8211;          Enfim, em 20 de outubro,  o filme de Charlie Chaplin, \u00ab Tempos Modernos \u00bb, ser\u00e1 projetado no ateli\u00ea M14, e a m\u00fasica ser\u00e1 interpretada ao vivo pela orquestra filarm\u00f4nica Victor Hugo Franche Comt\u00e9, em colabora\u00e7\u00e3o com a Sc\u00e8ne Nationale de Montb\u00e9liard. Uma segunda apresenta\u00e7\u00e3o, em 21 de outubro, ser\u00e1 restrita aos funcion\u00e1rios da f\u00e1brica.<\/p>&nbsp;&nbsp;\n","protected":false},"excerpt":{"rendered":"<p>A f\u00e1brica de Sochaux, da PSA Peugeot Citro\u00ebn, est\u00e1 celebrando seu centen\u00e1rio, sendo uma das&#8230;<\/p>\n","protected":false},"author":1,"featured_media":0,"comment_status":"open","ping_status":"open","sticky":false,"template":"","format":"standard","meta":{"fifu_image_url":"","fifu_image_alt":"","footnotes":""},"categories":[8427],"tags":[],"class_list":["post-70693","post","type-post","status-publish","format-standard","hentry","category-geral","wpcat-8427-id"],"_links":{"self":[{"href":"https:\/\/verde-amarelo.net\/verdeamarelo\/wp-json\/wp\/v2\/posts\/70693","targetHints":{"allow":["GET"]}}],"collection":[{"href":"https:\/\/verde-amarelo.net\/verdeamarelo\/wp-json\/wp\/v2\/posts"}],"about":[{"href":"https:\/\/verde-amarelo.net\/verdeamarelo\/wp-json\/wp\/v2\/types\/post"}],"author":[{"embeddable":true,"href":"https:\/\/verde-amarelo.net\/verdeamarelo\/wp-json\/wp\/v2\/users\/1"}],"replies":[{"embeddable":true,"href":"https:\/\/verde-amarelo.net\/verdeamarelo\/wp-json\/wp\/v2\/comments?post=70693"}],"version-history":[{"count":0,"href":"https:\/\/verde-amarelo.net\/verdeamarelo\/wp-json\/wp\/v2\/posts\/70693\/revisions"}],"wp:attachment":[{"href":"https:\/\/verde-amarelo.net\/verdeamarelo\/wp-json\/wp\/v2\/media?parent=70693"}],"wp:term":[{"taxonomy":"category","embeddable":true,"href":"https:\/\/verde-amarelo.net\/verdeamarelo\/wp-json\/wp\/v2\/categories?post=70693"},{"taxonomy":"post_tag","embeddable":true,"href":"https:\/\/verde-amarelo.net\/verdeamarelo\/wp-json\/wp\/v2\/tags?post=70693"}],"curies":[{"name":"wp","href":"https:\/\/api.w.org\/{rel}","templated":true}]}}