{"id":72077,"date":"2018-09-15T14:00:05","date_gmt":"2018-09-15T17:00:05","guid":{"rendered":"https:\/\/verde-amarelo.net\/verdeamarelo\/2018\/09\/vendas-no-varejo-dos-eua-sobem-pouco-e-precos-de-importacao-caem\/"},"modified":"2018-09-15T14:00:05","modified_gmt":"2018-09-15T17:00:05","slug":"vendas-no-varejo-dos-eua-sobem-pouco-e-precos-de-importacao-caem","status":"publish","type":"post","link":"https:\/\/verde-amarelo.net\/verdeamarelo\/2018\/09\/vendas-no-varejo-dos-eua-sobem-pouco-e-precos-de-importacao-caem\/","title":{"rendered":"Vendas no varejo dos EUA sobem pouco e pre\u00e7os de importa\u00e7\u00e3o caem"},"content":{"rendered":"<blockquote class=\"quote_content\" readability=\"31\">\n<p><span>Crescimento menor que o esperado ocorreu devido \u00e0 queda nas vendas de autom\u00f3veis e ao vigoroso avan\u00e7o registrado em julho.<\/span><\/p>\n<\/blockquote>\n<div id=\"attachment_22743\" class=\"wp-caption alignright\" readability=\"34\"><a href=\"http:\/\/www.cargonews.com.br\/wp-content\/uploads\/2018\/09\/concessionaria-florida1.jpg\"><img \"wp-image-22743&#8243; src=&#8221;https:\/\/www.truckbrasil.com.br\/wp\/wp-content\/uploads\/2018\/09\/vendas-no-varejo-dos-eua-sobem-pouco-e-precos-de-importacao-caem.jpg&#8221; alt=&#8221;&#8221; width=&#8221;370&#8243; height=&#8221;263&#8243; srcset=&#8221;https:\/\/www.truckbrasil.com.br\/wp\/wp-content\/uploads\/2018\/09\/vendas-no-varejo-dos-eua-sobem-pouco-e-precos-de-importacao-caem.jpg 300w, http:\/\/www.cargonews.com.br\/wp-content\/uploads\/2018\/09\/concessionaria-florida1.jpg 640w&#8221; sizes=&#8221;(max-width: 370px) 100vw, 370px&#8221;\/><\/a><\/p>\n<p class=\"wp-caption-text\">Americanos reduziram compras de carros em julho, o que fez com que o com\u00e9rcio dos EUA crescesse menos que o esperado \u2014 Foto: Denis Marum\/G1<\/p>\n<\/div>\n<p>As vendas no varejo nos EUA registraram seu menor ganho em seis meses em agosto, quando os consumidores reduziram as compras de ve\u00edculos e roupas, mas as revis\u00f5es em alta dos dados de julho mantiveram intactas as expectativas de forte crescimento econ\u00f4mico no terceiro trimestre.<\/p>&nbsp;&nbsp;\n<p>Outros dados na sexta-feira mostraram a maior queda nos pre\u00e7os de importa\u00e7\u00e3o em mais de um ano e meio em agosto, em meio a um decl\u00ednio no custo dos combust\u00edveis e uma s\u00e9rie de outros produtos. Os dados de pre\u00e7o de importa\u00e7\u00e3o fracos vieram na esteira de leituras de infla\u00e7\u00e3o suaves em agosto.<\/p>&nbsp;&nbsp;\n<p>Os sinais de redu\u00e7\u00e3o dos gastos do consumidor e da infla\u00e7\u00e3o n\u00e3o mudaram as vis\u00f5es de que o Federal Reserve aumentar\u00e1 a taxa de juros no final deste m\u00eas. O banco central dos EUA elevou os juros duas vezes este ano.<\/p>&nbsp;&nbsp;\n<p>\u201cOs mares est\u00e3o tranquilos para a economia, com vento suficiente nas vendas para manter a expans\u00e3o nos trilhos e sem press\u00f5es inflacion\u00e1rias suficientes para deter o avan\u00e7o da economia\u201d, disse Chris Rupkey, economista-chefe do MUFG.<\/p>&nbsp;&nbsp;\n<p>O Departamento de Com\u00e9rcio informou que as vendas no varejo subiram 0,1 por cento no m\u00eas passado, o menor aumento desde fevereiro. Os dados de julho foram revisados ??em alta para mostrar um aumento de 0,7 por cento nas vendas, em vez do avan\u00e7o de 0,5 por cento registrado anteriormente.<\/p>&nbsp;&nbsp;\n<p>Economistas consultados pela Reuters previam que as vendas no varejo aumentariam 0,4 por cento em agosto. As vendas no varejo em agosto avan\u00e7aram 6,6 por cento em rela\u00e7\u00e3o ao ano passado.<\/p>&nbsp;&nbsp;\n<p>Excluindo autom\u00f3veis, gasolina, materiais de constru\u00e7\u00e3o e servi\u00e7os de alimenta\u00e7\u00e3o, as vendas no varejo subiram 0,1 por cento no m\u00eas passado, ap\u00f3s um aumento de 0,8 por cento em julho. Essas chamadas vendas de varejo principais correspondem mais de perto ao componente de gasto do consumidor do produto interno bruto.<\/p>&nbsp;&nbsp;\n","protected":false},"excerpt":{"rendered":"<p>Crescimento menor que o esperado ocorreu devido \u00e0 queda nas vendas de autom\u00f3veis e ao&#8230;<\/p>\n","protected":false},"author":1,"featured_media":0,"comment_status":"open","ping_status":"open","sticky":false,"template":"","format":"standard","meta":{"fifu_image_url":"","fifu_image_alt":"","footnotes":""},"categories":[8702],"tags":[8708],"class_list":["post-72077","post","type-post","status-publish","format-standard","hentry","category-logistica","tag-importacaologisticavarejo","wpcat-8702-id"],"_links":{"self":[{"href":"https:\/\/verde-amarelo.net\/verdeamarelo\/wp-json\/wp\/v2\/posts\/72077","targetHints":{"allow":["GET"]}}],"collection":[{"href":"https:\/\/verde-amarelo.net\/verdeamarelo\/wp-json\/wp\/v2\/posts"}],"about":[{"href":"https:\/\/verde-amarelo.net\/verdeamarelo\/wp-json\/wp\/v2\/types\/post"}],"author":[{"embeddable":true,"href":"https:\/\/verde-amarelo.net\/verdeamarelo\/wp-json\/wp\/v2\/users\/1"}],"replies":[{"embeddable":true,"href":"https:\/\/verde-amarelo.net\/verdeamarelo\/wp-json\/wp\/v2\/comments?post=72077"}],"version-history":[{"count":0,"href":"https:\/\/verde-amarelo.net\/verdeamarelo\/wp-json\/wp\/v2\/posts\/72077\/revisions"}],"wp:attachment":[{"href":"https:\/\/verde-amarelo.net\/verdeamarelo\/wp-json\/wp\/v2\/media?parent=72077"}],"wp:term":[{"taxonomy":"category","embeddable":true,"href":"https:\/\/verde-amarelo.net\/verdeamarelo\/wp-json\/wp\/v2\/categories?post=72077"},{"taxonomy":"post_tag","embeddable":true,"href":"https:\/\/verde-amarelo.net\/verdeamarelo\/wp-json\/wp\/v2\/tags?post=72077"}],"curies":[{"name":"wp","href":"https:\/\/api.w.org\/{rel}","templated":true}]}}