{"id":72078,"date":"2018-09-15T22:37:29","date_gmt":"2018-09-16T01:37:29","guid":{"rendered":"https:\/\/verde-amarelo.net\/verdeamarelo\/2018\/09\/rei-do-sabado-wellington-cirino-faz-quarta-pole-no-ano\/"},"modified":"2018-09-15T22:37:29","modified_gmt":"2018-09-16T01:37:29","slug":"rei-do-sabado-wellington-cirino-faz-quarta-pole-no-ano","status":"publish","type":"post","link":"https:\/\/verde-amarelo.net\/verdeamarelo\/2018\/09\/rei-do-sabado-wellington-cirino-faz-quarta-pole-no-ano\/","title":{"rendered":"Rei do s\u00e1bado, Wellington Cirino faz quarta pole no ano"},"content":{"rendered":"<div><img decoding=\"async\" src=\"data:image\/gif;base64,R0lGODlhAQABAIAAAAAAAP\/\/\/ywAAAAAAQABAAACAUwAOw==\" fifu-lazy=\"1\" fifu-data-sizes=\"auto\" fifu-data-srcset=\"https:\/\/i1.wp.com\/copatruck.com.br\/wp-content\/uploads\/2018\/09\/CopaTruck2018_dudabairros_BuenosAires-44350.jpg?ssl=1&w=75&resize=75&ssl=1 75w, https:\/\/i1.wp.com\/copatruck.com.br\/wp-content\/uploads\/2018\/09\/CopaTruck2018_dudabairros_BuenosAires-44350.jpg?ssl=1&w=100&resize=100&ssl=1 100w, https:\/\/i1.wp.com\/copatruck.com.br\/wp-content\/uploads\/2018\/09\/CopaTruck2018_dudabairros_BuenosAires-44350.jpg?ssl=1&w=150&resize=150&ssl=1 150w, https:\/\/i1.wp.com\/copatruck.com.br\/wp-content\/uploads\/2018\/09\/CopaTruck2018_dudabairros_BuenosAires-44350.jpg?ssl=1&w=240&resize=240&ssl=1 240w, https:\/\/i1.wp.com\/copatruck.com.br\/wp-content\/uploads\/2018\/09\/CopaTruck2018_dudabairros_BuenosAires-44350.jpg?ssl=1&w=320&resize=320&ssl=1 320w, https:\/\/i1.wp.com\/copatruck.com.br\/wp-content\/uploads\/2018\/09\/CopaTruck2018_dudabairros_BuenosAires-44350.jpg?ssl=1&w=500&resize=500&ssl=1 500w, https:\/\/i1.wp.com\/copatruck.com.br\/wp-content\/uploads\/2018\/09\/CopaTruck2018_dudabairros_BuenosAires-44350.jpg?ssl=1&w=640&resize=640&ssl=1 640w, https:\/\/i1.wp.com\/copatruck.com.br\/wp-content\/uploads\/2018\/09\/CopaTruck2018_dudabairros_BuenosAires-44350.jpg?ssl=1&w=800&resize=800&ssl=1 800w, https:\/\/i1.wp.com\/copatruck.com.br\/wp-content\/uploads\/2018\/09\/CopaTruck2018_dudabairros_BuenosAires-44350.jpg?ssl=1&w=1024&resize=1024&ssl=1 1024w, https:\/\/i1.wp.com\/copatruck.com.br\/wp-content\/uploads\/2018\/09\/CopaTruck2018_dudabairros_BuenosAires-44350.jpg?ssl=1&w=1280&resize=1280&ssl=1 1280w, https:\/\/i1.wp.com\/copatruck.com.br\/wp-content\/uploads\/2018\/09\/CopaTruck2018_dudabairros_BuenosAires-44350.jpg?ssl=1&w=1600&resize=1600&ssl=1 1600w\" fifu-data-src=\"https:\/\/i1.wp.com\/copatruck.com.br\/wp-content\/uploads\/2018\/09\/CopaTruck2018_dudabairros_BuenosAires-44350.jpg?ssl=1\" class=\"ff-og-image-inserted\"\/><\/div>\n<p>A primeira classifica\u00e7\u00e3o da hist\u00f3ria da Copa Truck em terras estrangeiras viu Wellington Cirino cravar a quarta pole position na temporada 2018. Assim como fez em Cascavel, Interlagos e Goi\u00e2nia, o piloto do Mercedes-Benz superou a forte concorr\u00eancia de Felipe Giaffone e Roberval Andrade para assegurar a posi\u00e7\u00e3o de honra.<\/p>&nbsp;&nbsp;\n<p>Ciente de que possu\u00eda um caminh\u00e3o Mercedes-Benz bem preparado, Cirino nem se preocupou em voar no Q1, fechando a sess\u00e3o em terceiro e dando apenas duas voltas. Com toda essa confian\u00e7a, ele foi o primeiro a ir \u00e0 pista no Top Qualifying e n\u00e3o demorou muito para cravar a marca de 1min36s538, superando Giaffone \u2013 que errou em sua volta final \u2013 em apenas 0s109.<\/p>&nbsp;&nbsp;\n<p>\u201cTenho um caminh\u00e3o muito mais r\u00e1pido que os que j\u00e1 guiei. A primeira parte do treino eu peguei leve pois foquei no Top Qualifying, pois sabia que a concorr\u00eancia seria forte e foi o que aconteceu: Felipe e Roberval vieram fortes, mas conseguimos garantir a posi\u00e7\u00e3o de honra\u201d, comemorou o pole position. \u201cA primeira volta que dei no Q1 era o tempo para a pole, pois acertei na veia. Dei tr\u00eas voltas muito parecidas mas n\u00e3o achando a mesma velocidade que encontrei na primeira. Mas o bacana \u00e9 mostrar que a competitividade est\u00e1 de volta para a categoria e amanh\u00e3 o bicho vai pegar forte\u201d, relatou Giaffone.<\/p>&nbsp;&nbsp;\n<p>N\u00e3o muito distante ficou Roberval, que ficou a menos de meio segundo do pole, mais exatamente a 0s376, dividindo a segunda fila com Andr\u00e9 Marques, a 0s831. \u201cN\u00e3o fiquei satisfeito com a minha volta e o meu rendimento, mas treino \u00e9 treino e corrida \u00e9 corrida. Amanh\u00e3 vamos pra cima\u201d, destaca Roberval. \u201cEra o que esperava e estou feliz com a equipe, que merece mais essa pole com o Cirino. Estamos bem para corrida, estamos fortes e vamos para cima\u201d, completou Marques.<\/p>&nbsp;&nbsp;\n<p>Pedro Paulo, com a nova equipe PPD, foi um dos destaques ao assinalar o quinto tempo, \u00e0 frente de nomes de respeito como Renato Martins, Giuliano Losacco e Regis Boessio, que completaram a lista dos que disputaram o Top Qualifying, enquanto Witold Ramasauskas e Leandro Totti fecharam a rela\u00e7\u00e3o dos dez primeiros no grid de largada. Dois pilotos que fizeram falta na turma de cima foram Beto Monteiro e Danilo Dirani, que n\u00e3o registraram tempo e largar\u00e3o do fim do grid.<\/p>&nbsp;&nbsp;\n<p>Antes da largada, \u00e0s 10h50, a Copa Truck realiza o Desafio dos Brutos e o Desfile dos Pilotos, enquanto a prova que acontece neste domingo \u00e0s 13h19 com transmiss\u00e3o ao vivo do SporTV2. Confira abaixo o grid de largada completo:<\/p>\n<p>1. Wellington Cirino (Mercedes-Benz), 1min36s538<br \/>2. Felipe Giaffone (Volkswagen), 1min36s647<br \/>3. Roberval Andrade (Scania), 1min36s914<br \/>4. Andr\u00e9 Marques (Mercedes-Benz), 1min37s369<br \/>5. Pedro Paulo Fernandes (Mercedes-Benz), 1min38s516<br \/>6. Renato Martins (MAN), 1min38s621<br \/>7. Giuliano Losacco (Iveco), 1min39s004<br \/>8. Regis Boessio (Volvo), 1min39s184<br \/>9. Witold Ramasauskas (MAN), 1min39s228<br \/>10. Leandro Totti (Mercedes-Benz), 1min39s588<br \/>11. Adalberto Jardim (Ford), 1min39s865<br \/>12. Debora Rodrigues (Volkswagen), 1min40s612<br \/>13. Luiz Lopes (Iveco), 1min40s774<br \/>14. Duda Bana (Volvo), 1min41s403<br \/>15. Rodrigo Belinati (Volkswagen), 1min42s807<br \/>16. Beto Monteiro (Iveco), sem tempo<br \/>17. F\u00e1bio Foga\u00e7a (Ford), sem tempo<br \/>18. Danilo Dirani (Mercedes-Benz), sem tempo<br \/>19. Rogerio Castro (Volkswagen), desclassificado por excesso de fuma\u00e7a<\/p>\n","protected":false},"excerpt":{"rendered":"<p>A primeira classifica\u00e7\u00e3o da hist\u00f3ria da Copa Truck em terras estrangeiras viu Wellington Cirino cravar&#8230;<\/p>\n","protected":false},"author":1,"featured_media":0,"comment_status":"open","ping_status":"open","sticky":false,"template":"","format":"standard","meta":{"fifu_image_url":"","fifu_image_alt":"","footnotes":""},"categories":[8700],"tags":[8709],"class_list":["post-72078","post","type-post","status-publish","format-standard","hentry","category-velocidade","tag-cirinoquartasabadowellington","wpcat-8700-id"],"_links":{"self":[{"href":"https:\/\/verde-amarelo.net\/verdeamarelo\/wp-json\/wp\/v2\/posts\/72078","targetHints":{"allow":["GET"]}}],"collection":[{"href":"https:\/\/verde-amarelo.net\/verdeamarelo\/wp-json\/wp\/v2\/posts"}],"about":[{"href":"https:\/\/verde-amarelo.net\/verdeamarelo\/wp-json\/wp\/v2\/types\/post"}],"author":[{"embeddable":true,"href":"https:\/\/verde-amarelo.net\/verdeamarelo\/wp-json\/wp\/v2\/users\/1"}],"replies":[{"embeddable":true,"href":"https:\/\/verde-amarelo.net\/verdeamarelo\/wp-json\/wp\/v2\/comments?post=72078"}],"version-history":[{"count":0,"href":"https:\/\/verde-amarelo.net\/verdeamarelo\/wp-json\/wp\/v2\/posts\/72078\/revisions"}],"wp:attachment":[{"href":"https:\/\/verde-amarelo.net\/verdeamarelo\/wp-json\/wp\/v2\/media?parent=72078"}],"wp:term":[{"taxonomy":"category","embeddable":true,"href":"https:\/\/verde-amarelo.net\/verdeamarelo\/wp-json\/wp\/v2\/categories?post=72078"},{"taxonomy":"post_tag","embeddable":true,"href":"https:\/\/verde-amarelo.net\/verdeamarelo\/wp-json\/wp\/v2\/tags?post=72078"}],"curies":[{"name":"wp","href":"https:\/\/api.w.org\/{rel}","templated":true}]}}