{"id":72082,"date":"2018-09-17T16:52:59","date_gmt":"2018-09-17T19:52:59","guid":{"rendered":"https:\/\/verde-amarelo.net\/verdeamarelo\/2018\/09\/mini-estreia-novo-sistema-auto-start-stop\/"},"modified":"2018-09-17T16:52:59","modified_gmt":"2018-09-17T19:52:59","slug":"mini-estreia-novo-sistema-auto-start-stop","status":"publish","type":"post","link":"https:\/\/verde-amarelo.net\/verdeamarelo\/2018\/09\/mini-estreia-novo-sistema-auto-start-stop\/","title":{"rendered":"Mini estreia novo sistema auto start\/stop"},"content":{"rendered":"<p><a href=\"http:\/\/www.carpointnews.com.br\/2018\/09\/17\/estreia-sistema-start\/mini-estreia-novo-sistema-auto-start-stop\/\" rel=\"attachment wp-att-68320\"><img \"alignnone size-full wp-image-68320&#8243; src=&#8221;http:\/\/www.carpointnews.com.br\/wp-content\/uploads\/2018\/09\/Mini-estreia-novo-sistema-auto-start-stop.jpg&#8221; alt=&#8221;&#8221; width=&#8221;500&#8243; height=&#8221;333&#8243; srcset=&#8221;http:\/\/www.carpointnews.com.br\/wp-content\/uploads\/2018\/09\/Mini-estreia-novo-sistema-auto-start-stop.jpg 500w, http:\/\/www.carpointnews.com.br\/wp-content\/uploads\/2018\/09\/Mini-estreia-novo-sistema-auto-start-stop-300&#215;200.jpg 300w, http:\/\/www.carpointnews.com.br\/wp-content\/uploads\/2018\/09\/Mini-estreia-novo-sistema-auto-start-stop-180&#215;120.jpg 180w, http:\/\/www.carpointnews.com.br\/wp-content\/uploads\/2018\/09\/Mini-estreia-novo-sistema-auto-start-stop-150&#215;100.jpg 150w&#8221; sizes=&#8221;(max-width: 500px) 100vw, 500px&#8221;\/><\/a><\/p>\n<p>Mais silencioso, seguro e eficiente: a MINI lan\u00e7a no Brasil a nova gera\u00e7\u00e3o do sistema auto start\/stop, dispon\u00edvel em sua linha de ve\u00edculos no pa\u00eds. Os engenheiros da montadora brit\u00e2nica aprimoraram as diversas funcionalidades do sistema, sobretudo em situa\u00e7\u00f5es de tr\u00e1fego intenso, t\u00edpica dos grandes centros urbanos.<\/p>&nbsp;&nbsp;\n<p>Dentro deste renovado projeto est\u00e1 a revis\u00e3o dos sistemas que se desligam dentro das linhas de comunica\u00e7\u00e3o do carro para melhor efici\u00eancia energ\u00e9tica e menor consumo de combust\u00edvel. Dessa forma, o sistema entra em funcionamento de maneira r\u00e1pida, silenciosa e sutil, uma vez que a central de processamento de dados do ve\u00edculo gerencia as fun\u00e7\u00f5es do carro para isolar aquelas que s\u00e3o necess\u00e1rias ao funcionamento do motor.<\/p>&nbsp;&nbsp;\n<p>Em termos de seguran\u00e7a, o novo auto start\/stop reduz o risco de acidentes tanto para o motorista e os passageiros quanto para os pedestres, pois entra em funcionamento apenas com o ve\u00edculo totalmente parado, evitando assim o seu funcionamento indesejado em descidas e subidas, por exemplo.<\/p>&nbsp;&nbsp;\n<p>Al\u00e9m disso, o novo auto start\/stop atua em conjunto com outros sistemas, sendo capaz de monitorar uma s\u00e9rie de fun\u00e7\u00f5es do ve\u00edculo, como a temperatura do motor, o estado da carga de bateria e se o motor est\u00e1 trabalhando de forma correta, entre outros.<\/p>&nbsp;&nbsp;\n<p><strong>Fonte:<\/strong> Comunica\u00e7\u00e3o Corporativa BMW Group Brasil<\/p>\n","protected":false},"excerpt":{"rendered":"","protected":false},"author":1,"featured_media":0,"comment_status":"open","ping_status":"open","sticky":false,"template":"","format":"standard","meta":{"fifu_image_url":"","fifu_image_alt":"","footnotes":""},"categories":[8699],"tags":[8712],"class_list":["post-72082","post","type-post","status-publish","format-standard","hentry","category-geralcarros","tag-carrosmininoticiassistema-auto-start-stop","wpcat-8699-id"],"_links":{"self":[{"href":"https:\/\/verde-amarelo.net\/verdeamarelo\/wp-json\/wp\/v2\/posts\/72082","targetHints":{"allow":["GET"]}}],"collection":[{"href":"https:\/\/verde-amarelo.net\/verdeamarelo\/wp-json\/wp\/v2\/posts"}],"about":[{"href":"https:\/\/verde-amarelo.net\/verdeamarelo\/wp-json\/wp\/v2\/types\/post"}],"author":[{"embeddable":true,"href":"https:\/\/verde-amarelo.net\/verdeamarelo\/wp-json\/wp\/v2\/users\/1"}],"replies":[{"embeddable":true,"href":"https:\/\/verde-amarelo.net\/verdeamarelo\/wp-json\/wp\/v2\/comments?post=72082"}],"version-history":[{"count":0,"href":"https:\/\/verde-amarelo.net\/verdeamarelo\/wp-json\/wp\/v2\/posts\/72082\/revisions"}],"wp:attachment":[{"href":"https:\/\/verde-amarelo.net\/verdeamarelo\/wp-json\/wp\/v2\/media?parent=72082"}],"wp:term":[{"taxonomy":"category","embeddable":true,"href":"https:\/\/verde-amarelo.net\/verdeamarelo\/wp-json\/wp\/v2\/categories?post=72082"},{"taxonomy":"post_tag","embeddable":true,"href":"https:\/\/verde-amarelo.net\/verdeamarelo\/wp-json\/wp\/v2\/tags?post=72082"}],"curies":[{"name":"wp","href":"https:\/\/api.w.org\/{rel}","templated":true}]}}