{"id":72083,"date":"2018-09-17T18:36:27","date_gmt":"2018-09-17T21:36:27","guid":{"rendered":"https:\/\/verde-amarelo.net\/verdeamarelo\/2018\/09\/bmw-revela-novo-conceito-vision-inext\/"},"modified":"2018-09-17T18:36:27","modified_gmt":"2018-09-17T21:36:27","slug":"bmw-revela-novo-conceito-vision-inext","status":"publish","type":"post","link":"https:\/\/verde-amarelo.net\/verdeamarelo\/2018\/09\/bmw-revela-novo-conceito-vision-inext\/","title":{"rendered":"BMW revela novo conceito Vision iNEXT"},"content":{"rendered":"<p><a href=\"http:\/\/www.carpointnews.com.br\/2018\/09\/17\/revela-conceito-vision\/bmw-vision-inext\/\" rel=\"attachment wp-att-68324\"><img \"alignnone size-full wp-image-68324&#8243; src=&#8221;http:\/\/www.carpointnews.com.br\/wp-content\/uploads\/2018\/09\/BMW-Vision-iNEXT.jpg&#8221; alt=&#8221;&#8221; width=&#8221;500&#8243; height=&#8221;332&#8243; srcset=&#8221;http:\/\/www.carpointnews.com.br\/wp-content\/uploads\/2018\/09\/BMW-Vision-iNEXT.jpg 500w, http:\/\/www.carpointnews.com.br\/wp-content\/uploads\/2018\/09\/BMW-Vision-iNEXT-300&#215;199.jpg 300w, http:\/\/www.carpointnews.com.br\/wp-content\/uploads\/2018\/09\/BMW-Vision-iNEXT-180&#215;120.jpg 180w, http:\/\/www.carpointnews.com.br\/wp-content\/uploads\/2018\/09\/BMW-Vision-iNEXT-150&#215;100.jpg 150w&#8221; sizes=&#8221;(max-width: 500px) 100vw, 500px&#8221;\/><\/a><\/p>\n<p>O BMW Vision iNEXT abrange a grande quest\u00e3o que est\u00e1 na ess\u00eancia do trabalho di\u00e1rio do BMW Group: \u201cComo vamos nos deslocar no futuro?\u201d O iNEXT baseia-se resolutamente na ideia que primeiro tomou forma em 2007 com o \u201cprojeto i\u201d e evoluiu para o lan\u00e7amento mundial do BMW i3, em 2013. O BMW Group j\u00e1 alcan\u00e7ou uma grande vantagem nesta frente: agora a empresa possui mais de dez anos de experi\u00eancia em mobilidade el\u00e9trica, em produ\u00e7\u00e3o de pequena e larga escalas. Os modelos BMW i est\u00e3o sendo aprimorados continuamente e suas tecnologias est\u00e3o sendo empregadas para, gradualmente, eletrificar os modelos das linhas BMW e MINI. O pr\u00f3ximo passo, agora, \u00e9 a integra\u00e7\u00e3o completa dos campos estrat\u00e9gicos de inova\u00e7\u00e3o, autonomia, conectividade, eletrifica\u00e7\u00e3o e servi\u00e7os, em um autom\u00f3vel. O carro que conhecemos hoje como BMW iNEXT chegar\u00e1 ao mercado em 2021.<\/p>&nbsp;&nbsp;\n<p><strong>O BMW Vision iNEXT<\/strong><\/p>\n<p>\u201cO BMW Vision iNEXT representa uma nova era de puro prazer de dirigir\u201d, diz Harald Kr\u00fcger, Presidente do Conselho Administrativo da BMW AG. \u201cEle destaca o papel de lideran\u00e7a que a Alemanha desempenha no futuro da mobilidade\u201d. Altamente automatizado, livre de emiss\u00f5es e totalmente conectado, ele re\u00fane os campos de inova\u00e7\u00e3o estrat\u00e9gica do BMW Group em um ve\u00edculo conceitual \u201cVision\u201d pela primeira vez, e fornece respostas reveladoras para a pergunta: \u201cComo \u00e9 um ve\u00edculo que n\u00e3o precisa mais ser conduzido por uma pessoa, mas pode ser, caso ela assim o deseje?\u201d No centro de tais questionamentos est\u00e3o, mais do que nunca, pessoas \u2013 com todas as suas emo\u00e7\u00f5es e desejos.<\/p>&nbsp;&nbsp;\n<p>A vers\u00e3o de produ\u00e7\u00e3o do BMW iNEXT assumir\u00e1 o papel de um novo carro-chefe de tecnologia da empresa; sua fabrica\u00e7\u00e3o na unidade do BMW Group em Dingolfing, na Alemanha, est\u00e1 programada para come\u00e7ar em 2021.<\/p>&nbsp;&nbsp;\n<p><strong>O exterior \u2013 eleg\u00e2ncia moderna<\/strong><\/p>\n<p>Ostentando o tamanho e as propor\u00e7\u00f5es de um moderno SAV da BMW \u2013 Ve\u00edculo de Atividade Esportiva, em portugu\u00eas \u2013, o BMW Vision iNEXT transmite uma apar\u00eancia atraente. O ve\u00edculo sugere instantaneamente seu car\u00e1ter pioneiro por meio de formas e superf\u00edcies claramente esculpidas. Cores marcantes e detalhes sofisticados fortalecem ainda mais essa impress\u00e3o. A parte externa, na cor Liquid Greyrose Copper, muda gradualmente de tonalidade do cobre para o rosa escuro proporcionando um toque din\u00e2mico ao ve\u00edculo, mesmo quando ele est\u00e1 parado.<\/p>&nbsp;&nbsp;\n<p>A ampla grade em duplo rim interligada, os contornos ic\u00f4nicos das janelas laterais e os detalhes em azul na frente, nas laterais e na traseira adotaram claramente o estilo BMW i, que j\u00e1 foi apresentado no conceito BMW i Vision Dynamics apresentado em 2017. O destravamento das portas do ve\u00edculo faz com que os detalhes em azul se acendam, ressaltando ainda mais as suas linhas chamativas. As superf\u00edcies envidra\u00e7adas, como as grandes janelas e o conjunto \u00f3ptico, s\u00e3o integradas perfeitamente ao design e t\u00eam a apar\u00eancia de mosaicos elaborados.<\/p>&nbsp;&nbsp;\n<p><strong>Grade em duplo rim e conjunto \u00f3ptico fornecem identidade.<\/strong><\/p>\n<p>Na parte frontal, o destaque fica para a ampla grade em forma de duplo rim. E tal como acontece com todos os ve\u00edculos movidos a eletricidade da BMW, esta grade \u00e9 fechada. Sem nenhum motor \u00e0 combust\u00e3o que exija refrigera\u00e7\u00e3o, o elemento serve agora como um \u201cpainel inteligente\u201d, que aloja v\u00e1rios sensores.<\/p>&nbsp;&nbsp;\n<p>Os far\u00f3is superfinos, por sua vez, fazem parte de uma interpreta\u00e7\u00e3o moderna da dianteira do conjunto \u00f3ptico da BMW. O para-brisas estende-se suavemente at\u00e9 um grande teto solar panor\u00e2mico, conferindo a parte posterior do carro uma leveza visual e garantindo que o interior inovador seja claramente vis\u00edvel do exterior.<\/p>&nbsp;&nbsp;\n<p><strong>Apar\u00eancia moderna com portas opostas.<\/strong><\/p>\n<p>O BMW Vision iNEXT exibe a poderosa e robusta postura de um moderno SAV BMW quando visto de lado. As propor\u00e7\u00f5es funcionais da silhueta do ve\u00edculo e a linha de teto longa j\u00e1 indicam o amplo espa\u00e7o interno. A longa dist\u00e2ncia do entre eixos e as extremidades curtas, entretanto, conferem ao perfil do ve\u00edculo uma apar\u00eancia din\u00e2mica. As grandes rodas de 24 polegadas s\u00e3o aerodinamicamente eficientes, e seu design tridimensional representa um destaque estil\u00edstico e funcional. C\u00e2meras assumem o trabalho dos espelhos retrovisores externos, enquanto grafismos iluminados e sens\u00edveis ao toque assumem o lugar dos puxadores das portas convencionais. H\u00e1 ainda duas grandes portas que se abrem em sentido oposto e sem a presen\u00e7a de uma coluna B separando-as. Quando abertas, elas oferecem uma vis\u00e3o sem obst\u00e1culos do interior espa\u00e7oso. Na parte traseira, o arranjo horizontal das linhas e superf\u00edcies cria uma sensa\u00e7\u00e3o de amplitude e dinamismo. As luzes traseiras delgadas e distintas estendem-se por toda a traseira e enfatizam sua apar\u00eancia. A parte posterior do teto traz um difusor para melhorar a aerodin\u00e2mica do carro.<\/p>&nbsp;&nbsp;\n<p><strong>Interior \u2013 Meu Espa\u00e7o Favorito.<\/strong><\/p>\n<p>Quem estiver ao volante do BMW Vision iNEXT pode optar por guia-lo no modo \u201cBoost\u201d ou no modo \u201cEase\u201d. O modo \u201cBoost\u201d usa o sistema de acionamento el\u00e9trico para oferecer uma experi\u00eancia de condu\u00e7\u00e3o altamente din\u00e2mica e praticamente silenciosa, e sem emiss\u00f5es. No modo \u201cEase\u201d, o ve\u00edculo oferece ao motorista e aos passageiros um espa\u00e7o para participar de uma ampla gama de atividades. O BMW Vision iNEXT pode ser um local de relaxamento, intera\u00e7\u00e3o, entretenimento ou concentra\u00e7\u00e3o, conforme desejado; as possibilidades s\u00e3o t\u00e3o variadas quanto as necessidades dos ocupantes. Assim, a cabine \u00e9 mais parecida com um \u201cespa\u00e7o vivo\u201d confort\u00e1vel e elegantemente mobiliado sobre rodas \u2013 um novo \u201cEspa\u00e7o Favorito\u201d.<\/p>&nbsp;&nbsp;\n<p><strong>Shy Tech: Tecnologia inovadora integrada, discreta, mas dispon\u00edvel.<\/strong><\/p>\n<p>Al\u00e9m do volante e das telas na \u00e1rea do motorista, n\u00e3o h\u00e1 outras telas ou controles aparentes no BMW Vision iNEXT. A fim de preservar o car\u00e1ter acolhedor do compartimento traseiro e, portanto, manter as pessoas a bordo de forma confort\u00e1vel, a tecnologia inteligente \u00e9 integrada e discreta. Somente quando \u00e9 exigida pelo motorista ou pelos passageiros, a tecnologia torna-se vis\u00edvel e oper\u00e1vel. Por exemplo, no futuro, ser\u00e1 poss\u00edvel operar v\u00e1rias fun\u00e7\u00f5es por meio de superf\u00edcies feitas de madeira ou tecido. As telas n\u00e3o seriam mais essenciais, pois a proje\u00e7\u00e3o inteligente poderia transformar qualquer superf\u00edcie em uma tela interativa. O BMW Vision iNEXT destaca tr\u00eas aplica\u00e7\u00f5es diferentes e vision\u00e1rias para a tecnologia \u201cShy Tech\u201d na forma de Assistente Pessoal Inteligente, Materiais Inteligentes e Far\u00f3is Inteligentes.<\/p>&nbsp;&nbsp;\n<p>Fonte: <strong>Comunica\u00e7\u00e3o Corporativa BMW Group Brasil<\/strong>\u00a0<\/p>\n","protected":false},"excerpt":{"rendered":"","protected":false},"author":1,"featured_media":0,"comment_status":"open","ping_status":"open","sticky":false,"template":"","format":"standard","meta":{"fifu_image_url":"","fifu_image_alt":"","footnotes":""},"categories":[8699],"tags":[8713],"class_list":["post-72083","post","type-post","status-publish","format-standard","hentry","category-geralcarros","tag-bmw-revela-novo-conceito-vision-inextcarrosnoticias","wpcat-8699-id"],"_links":{"self":[{"href":"https:\/\/verde-amarelo.net\/verdeamarelo\/wp-json\/wp\/v2\/posts\/72083","targetHints":{"allow":["GET"]}}],"collection":[{"href":"https:\/\/verde-amarelo.net\/verdeamarelo\/wp-json\/wp\/v2\/posts"}],"about":[{"href":"https:\/\/verde-amarelo.net\/verdeamarelo\/wp-json\/wp\/v2\/types\/post"}],"author":[{"embeddable":true,"href":"https:\/\/verde-amarelo.net\/verdeamarelo\/wp-json\/wp\/v2\/users\/1"}],"replies":[{"embeddable":true,"href":"https:\/\/verde-amarelo.net\/verdeamarelo\/wp-json\/wp\/v2\/comments?post=72083"}],"version-history":[{"count":0,"href":"https:\/\/verde-amarelo.net\/verdeamarelo\/wp-json\/wp\/v2\/posts\/72083\/revisions"}],"wp:attachment":[{"href":"https:\/\/verde-amarelo.net\/verdeamarelo\/wp-json\/wp\/v2\/media?parent=72083"}],"wp:term":[{"taxonomy":"category","embeddable":true,"href":"https:\/\/verde-amarelo.net\/verdeamarelo\/wp-json\/wp\/v2\/categories?post=72083"},{"taxonomy":"post_tag","embeddable":true,"href":"https:\/\/verde-amarelo.net\/verdeamarelo\/wp-json\/wp\/v2\/tags?post=72083"}],"curies":[{"name":"wp","href":"https:\/\/api.w.org\/{rel}","templated":true}]}}