{"id":72084,"date":"2018-09-17T19:00:00","date_gmt":"2018-09-17T22:00:00","guid":{"rendered":"https:\/\/verde-amarelo.net\/verdeamarelo\/2018\/09\/regatec-palestra-na-feira-internacional-de-irrigacao-do-brasil\/"},"modified":"2018-09-17T19:00:00","modified_gmt":"2018-09-17T22:00:00","slug":"regatec-palestra-na-feira-internacional-de-irrigacao-do-brasil","status":"publish","type":"post","link":"https:\/\/verde-amarelo.net\/verdeamarelo\/2018\/09\/regatec-palestra-na-feira-internacional-de-irrigacao-do-brasil\/","title":{"rendered":"Regatec palestra na Feira Internacional de Irriga\u00e7\u00e3o do Brasil"},"content":{"rendered":"<blockquote class=\"quote_content\" readability=\"33\">\n<p><span>Danny Braz, fundador da empresa e um dos maiores especialistas em irriga\u00e7\u00e3o sustent\u00e1vel do pa\u00eds, se apresentar\u00e1 no dia 21<\/span><\/p>\n<\/blockquote>\n<div id=\"attachment_22791\" class=\"wp-caption alignleft\"><a href=\"http:\/\/www.cargonews.com.br\/wp-content\/uploads\/2018\/09\/regatec_fvicente_itanhanga007.jpg\">&#8221; wp-image-22791&#8243; src=&#8221;https:\/\/www.truckbrasil.com.br\/wp\/wp-content\/uploads\/2018\/09\/regatec-palestra-na-feira-internacional-de-irrigacao-do-brasil.jpg&#8221; alt=&#8221;&#8221; width=&#8221;428&#8243; height=&#8221;285&#8243; srcset=&#8221;https:\/\/www.truckbrasil.com.br\/wp\/wp-content\/uploads\/2018\/09\/regatec-palestra-na-feira-internacional-de-irrigacao-do-brasil.jpg 300w, http:\/\/www.cargonews.com.br\/wp-content\/uploads\/2018\/09\/regatec_fvicente_itanhanga007-768&#215;512.jpg 768w, http:\/\/www.cargonews.com.br\/wp-content\/uploads\/2018\/09\/regatec_fvicente_itanhanga007-1024&#215;683.jpg 1024w&#8221; sizes=&#8221;(max-width: 428px) 100vw, 428px&#8221;\/><\/a><\/p>\n<p class=\"wp-caption-text\">Danny Braz<\/p>\n<\/div>\n<p>A irriga\u00e7\u00e3o \u00e9 o que garante a vida das plantas. \u00c9 atrav\u00e9s dela que se mant\u00e9m a beleza exuberante que atrai olhares, possibilita bem estar, e se encontra a harmonia entre natureza e o cen\u00e1rio urbano. Para que isso seja poss\u00edvel, \u00e9 preciso uma forte atua\u00e7\u00e3o da tecnologia. Conhec\u00ea-la e divulg\u00e1-la \u00e9 justamente a proposta da FiiB, Feira Internacional de Irriga\u00e7\u00e3o do Brasil, que acontece de 19 a 21 de setembro, em Campinas, S\u00e3o Paulo. Nesse ano, a feira contar\u00e1 com uma palestra do fundador da Regatec, empresa especializada em irriga\u00e7\u00e3o sustent\u00e1vel, Danny Braz, que falar\u00e1 sobre a automa\u00e7\u00e3o na irriga\u00e7\u00e3o de jardins e campos esportivos durante a palestra \u201cControles Centrais por Computador para Irriga\u00e7\u00e3o\u201d.<\/p>&nbsp;&nbsp;\n<p>O evento visa apresentar o que h\u00e1 de melhor em tecnologia de irriga\u00e7\u00e3o no mundo todo, atrav\u00e9s de debates, palestras, minicursos, exposi\u00e7\u00f5es de servi\u00e7os, m\u00e1quinas e equipamentos. \u00c9 a mais importante feira do setor no pa\u00eds. Braz abordar\u00e1 a quest\u00e3o do controle central por computador na automa\u00e7\u00e3o da irriga\u00e7\u00e3o. \u201cO tema \u00e9 bastante abrangente, mas se foca, sobretudo, na facilidade que a tecnologia nos tr\u00e1s para realizarmos uma irriga\u00e7\u00e3o controlada, respeitando as necessidade de cada esp\u00e9cie. Al\u00e9m disso, abordaremos a reutiliza\u00e7\u00e3o da \u00e1gua de chuva, algo imprescind\u00edvel em tempos de seca, como o que estamos vivendo\u201d, afirma.<\/p>&nbsp;&nbsp;\n<p>A Regatec foi fundada em 1990, sendo a primeira empresa brasileira a se especializar em irriga\u00e7\u00e3o e automa\u00e7\u00e3o por controle central. Seu foco \u00e9 a beleza sustent\u00e1vel proporcionada por um sistema de irriga\u00e7\u00e3o inteligente. Braz \u00e9 engenheiro civil especializado em irriga\u00e7\u00e3o, e em 2004 se tornou o \u00fanico brasileiro a possuir o Certified Golf Irrigation Auditor, pela Irrigation Association e pela Golf Course Superintendents Association of America.<\/p>&nbsp;&nbsp;\n<p>A palestra ocorrer\u00e1 no dia 21, \u00e0s 10h. \u201cO evento visa a integra\u00e7\u00e3o entre as empresas e interessados no setor para a dissemina\u00e7\u00e3o de conhecimentos sobre os novos meios de se realizar irriga\u00e7\u00e3o, agregando qualidade e sustentabilidade aos projetos\u201d, finaliza Braz. A entrada \u00e9 gratuita.<\/p>&nbsp;&nbsp;\n<p><strong>Servi\u00e7o<\/strong><br \/><strong>FiiB \u2013 Feira Internacional de Irriga\u00e7\u00e3o do Brasil<\/strong><br \/><strong>Data:<\/strong> de 19 a 21 de setembro<br \/><strong>Hora:<\/strong> das 9h \u00e0s 17h<br \/><strong>Local:<\/strong> Expo D. Pedro \u2013 Avenida Guilherme Campos, 500 \u2013 Bloco II \u2013 Jardim Santa Genebra, Campinas \u2013 SP, 13087-901<br \/><strong>Mais informa\u00e7\u00f5es:<\/strong> https:\/\/www.feiradeirrigacao.com.br\/<br \/>Entrada gratuita<\/p>\n<p>Assessoria de Imprensa<\/p>\n","protected":false},"excerpt":{"rendered":"<p>Danny Braz, fundador da empresa e um dos maiores especialistas em irriga\u00e7\u00e3o sustent\u00e1vel do pa\u00eds,&#8230;<\/p>\n","protected":false},"author":1,"featured_media":0,"comment_status":"open","ping_status":"open","sticky":false,"template":"","format":"standard","meta":{"fifu_image_url":"","fifu_image_alt":"","footnotes":""},"categories":[8702],"tags":[8714],"class_list":["post-72084","post","type-post","status-publish","format-standard","hentry","category-logistica","tag-feira-internacionalirrigacaologistica","wpcat-8702-id"],"_links":{"self":[{"href":"https:\/\/verde-amarelo.net\/verdeamarelo\/wp-json\/wp\/v2\/posts\/72084","targetHints":{"allow":["GET"]}}],"collection":[{"href":"https:\/\/verde-amarelo.net\/verdeamarelo\/wp-json\/wp\/v2\/posts"}],"about":[{"href":"https:\/\/verde-amarelo.net\/verdeamarelo\/wp-json\/wp\/v2\/types\/post"}],"author":[{"embeddable":true,"href":"https:\/\/verde-amarelo.net\/verdeamarelo\/wp-json\/wp\/v2\/users\/1"}],"replies":[{"embeddable":true,"href":"https:\/\/verde-amarelo.net\/verdeamarelo\/wp-json\/wp\/v2\/comments?post=72084"}],"version-history":[{"count":0,"href":"https:\/\/verde-amarelo.net\/verdeamarelo\/wp-json\/wp\/v2\/posts\/72084\/revisions"}],"wp:attachment":[{"href":"https:\/\/verde-amarelo.net\/verdeamarelo\/wp-json\/wp\/v2\/media?parent=72084"}],"wp:term":[{"taxonomy":"category","embeddable":true,"href":"https:\/\/verde-amarelo.net\/verdeamarelo\/wp-json\/wp\/v2\/categories?post=72084"},{"taxonomy":"post_tag","embeddable":true,"href":"https:\/\/verde-amarelo.net\/verdeamarelo\/wp-json\/wp\/v2\/tags?post=72084"}],"curies":[{"name":"wp","href":"https:\/\/api.w.org\/{rel}","templated":true}]}}