{"id":72088,"date":"2018-09-18T12:00:32","date_gmt":"2018-09-18T15:00:32","guid":{"rendered":"https:\/\/verde-amarelo.net\/verdeamarelo\/2018\/09\/setor-de-floricultura-crescera-cinco-vezes-mais-do-que-o-pib-brasileiro-em-2018\/"},"modified":"2018-09-18T12:00:32","modified_gmt":"2018-09-18T15:00:32","slug":"setor-de-floricultura-crescera-cinco-vezes-mais-do-que-o-pib-brasileiro-em-2018","status":"publish","type":"post","link":"https:\/\/verde-amarelo.net\/verdeamarelo\/2018\/09\/setor-de-floricultura-crescera-cinco-vezes-mais-do-que-o-pib-brasileiro-em-2018\/","title":{"rendered":"Setor de floricultura crescer\u00e1 cinco vezes mais do que o PIB brasileiro em 2018"},"content":{"rendered":"<p>Mesmo com a crise, o segmento prev\u00ea um crescimento m\u00e9dio de 7% no pa\u00eds e de 10% em Holambra neste ano. Inova\u00e7\u00e3o, produtividade e aumento das vendas nos autosservi\u00e7os \u2013 supermercados e varej\u00f5es de m\u00e9dio e grande portes \u2013 alavancam os neg\u00f3cios. A Expoflora, que acontece entre 24 de agosto e 23 de setembro, \u00e9 vitrine do setor e apresentar\u00e1 as principais novidades.<\/p>&nbsp;&nbsp;\n<div id=\"attachment_22813\" class=\"wp-caption alignright\" readability=\"33\"><a href=\"http:\/\/www.cargonews.com.br\/wp-content\/uploads\/2018\/09\/imagem_release_1418677.jpg\">&#8221; wp-image-22813&#8243; src=&#8221;https:\/\/www.truckbrasil.com.br\/wp\/wp-content\/uploads\/2018\/09\/setor-de-floricultura-crescera-cinco-vezes-mais-do-que-o-pib-brasileiro-em-2018.jpg&#8221; alt=&#8221;&#8221; width=&#8221;354&#8243; height=&#8221;264&#8243; srcset=&#8221;https:\/\/www.truckbrasil.com.br\/wp\/wp-content\/uploads\/2018\/09\/setor-de-floricultura-crescera-cinco-vezes-mais-do-que-o-pib-brasileiro-em-2018.jpg 300w, http:\/\/www.cargonews.com.br\/wp-content\/uploads\/2018\/09\/imagem_release_1418677-768&#215;573.jpg 768w, http:\/\/www.cargonews.com.br\/wp-content\/uploads\/2018\/09\/imagem_release_1418677-1024&#215;765.jpg 1024w&#8221; sizes=&#8221;(max-width: 354px) 100vw, 354px&#8221;\/><\/a><\/p>\n<p class=\"wp-caption-text\">Estimativa do Ibraflor \u00e9 que o avan\u00e7o das vendas no setor de floricultura em 2018 seja cinco vezes maior do que a evolu\u00e7\u00e3o do PIB brasileiro.<br \/>Divulga\u00e7\u00e3o<\/p>\n<\/div>\n<p>O Brasil \u00e9 um dos 15 maiores produtores de flores do mundo. O avan\u00e7o na produ\u00e7\u00e3o e no consumo segue na esteira do fortalecimento do agroneg\u00f3cio no pa\u00eds. Tecnologia, aumento da produtividade, novas variedades e amplia\u00e7\u00e3o dos canais de venda alavancam o setor de floricultura. Neste ano, a expectativa \u00e9 que o faturamento cres\u00e7a entre 7% e 8%. As vendas ao consumidor final devem chegar a cerca de R$ 8 bilh\u00f5es.<\/p>&nbsp;&nbsp;\n<p>Estimativa do Ibraflor \u2013 Instituto Brasileiro de Floricultura \u2013 \u00e9 que o avan\u00e7o das vendas no setor de floricultura em 2018 seja cinco vezes maior do que a evolu\u00e7\u00e3o do Produto Interno Bruto (PIB) brasileiro, cuja previs\u00e3o \u00e9 de 1,5%. O cen\u00e1rio poderia ser ainda melhor se a economia nacional deslanchasse, mas os n\u00fameros s\u00e3o vistos com otimismo por representantes do setor e apontam para a manuten\u00e7\u00e3o da trajet\u00f3ria positiva do segmento registrada nos \u00faltimos seis anos.<\/p>&nbsp;&nbsp;\n<p>Em Holambra, que responde por 45% do mercado de flores do Brasil, a expectativa \u00e9 melhor e o crescimento deve atingir 10% a 11%, em rela\u00e7\u00e3o a 2017, dependendo do tipo de produto. A Expoflora, maior evento do setor na Am\u00e9rica Latina, ser\u00e1 realizada no munic\u00edpio entre os dias 24 de agosto e 23 de setembro, de sexta a domingo, das 9h \u00e0s 19h.<\/p>&nbsp;&nbsp;\n<p>O presidente do Ibraflor, Kees Schoenmaker, afirma que o setor vem mantendo ano a ano o aumento das vendas. \u201cO resultado \u00e9 positivo mesmo com a economia brasileira sentindo as crises econ\u00f4mica e pol\u00edtica que abalam a confian\u00e7a do consumidor, dos empres\u00e1rios e dos produtores rurais\u201d, diz.<\/p>&nbsp;&nbsp;\n<p>Schoenmaker cita que os investimentos realizados em produ\u00e7\u00e3o e log\u00edstica fortaleceram o setor de floricultura e s\u00e3o fundamentais para manter o segmento em alta. \u201cO setor tamb\u00e9m investe em tecnologia e inova\u00e7\u00e3o. A automa\u00e7\u00e3o no campo aumentou. Atualmente, em Holambra, cerca de 90% das produ\u00e7\u00f5es s\u00e3o em estufas, o que garante a produ\u00e7\u00e3o de quase todas as variedades de flores e plantas em qualquer \u00e9poca do ano. Isso representa tamb\u00e9m regularidade, qualidade e a durabilidade dos produtos\u201d.<\/p>&nbsp;&nbsp;\n<p>Ele ressalta que o setor \u00e9 vibrante e olha para o futuro com confian\u00e7a. \u201cSabemos que nos pr\u00f3ximos dois anos a economia estar\u00e1 abaixo do necess\u00e1rio. Nesse sentido, os produtores tomaram e est\u00e3o tomando medidas para a redu\u00e7\u00e3o de custos e expandindo as produ\u00e7\u00f5es de forma cautelosa. A nossa palavra de ordem neste momento \u00e9 inova\u00e7\u00e3o\u201d, refor\u00e7a Schoenmaker.<\/p>&nbsp;&nbsp;\n<div id=\"attachment_22812\" class=\"wp-caption alignright\" readability=\"35\"><a href=\"http:\/\/www.cargonews.com.br\/wp-content\/uploads\/2018\/09\/imagem_release_1418707-1.jpg\"><img \"wp-image-22812&#8243; src=&#8221;https:\/\/www.truckbrasil.com.br\/wp\/wp-content\/uploads\/2018\/09\/setor-de-floricultura-crescera-cinco-vezes-mais-do-que-o-pib-brasileiro-em-2018-1.jpg&#8221; alt=&#8221;&#8221; width=&#8221;377&#8243; height=&#8221;251&#8243; srcset=&#8221;https:\/\/www.truckbrasil.com.br\/wp\/wp-content\/uploads\/2018\/09\/setor-de-floricultura-crescera-cinco-vezes-mais-do-que-o-pib-brasileiro-em-2018-1.jpg 300w, http:\/\/www.cargonews.com.br\/wp-content\/uploads\/2018\/09\/imagem_release_1418707-1-768&#215;512.jpg 768w, http:\/\/www.cargonews.com.br\/wp-content\/uploads\/2018\/09\/imagem_release_1418707-1-1024&#215;683.jpg 1024w&#8221; sizes=&#8221;(max-width: 377px) 100vw, 377px&#8221;\/><\/a><\/p>\n<p class=\"wp-caption-text\">Atualmente, em Holambra, cerca de 90% das produ\u00e7\u00f5es s\u00e3o em estufas. Cr\u00e9dito: Caroline Magalh\u00e3es<\/p>\n<\/div>\n<p><strong>Comportamento<\/strong><\/p>\n<p>Assim como outros setores da economia, a floricultura tamb\u00e9m sentiu a crise, mas em menor escala. De acordo com o Ibraflor, os consumidores da classe A mantiveram o volume de compras de flores e plantas. A classe B continua comprando, embora o ritmo de consumo seja menor que em anos anteriores. A classe C compra menos vezes e prefere vasos menores. E a classe D, por sua vez, passou a consumir os produtos apenas em datas especiais.<\/p>&nbsp;&nbsp;\n<p>A greve dos caminhoneiros representou um baque para o setor que estava indo bem \u2013 at\u00e9 que os 15 dias de paralisa\u00e7\u00e3o mudaram o cen\u00e1rio. Por se tratar de produto perec\u00edvel, as cargas foram perdidas, deixando os atacadistas descapitalizados. Isso abalou a confian\u00e7a.<\/p>&nbsp;&nbsp;\n<p>\u201cAp\u00f3s a greve, as flores de corte \u2013 diante da queda de vendas para o setor de decora\u00e7\u00e3o \u2013 foram as que mais sofreram. Os pre\u00e7os ca\u00edram 30% em rela\u00e7\u00e3o ao ano passado. As flores e plantas de vaso seguraram o mercado, que s\u00f3 agora come\u00e7a a dar sinais de normaliza\u00e7\u00e3o\u201d, explica.<\/p>&nbsp;&nbsp;\n<p><strong>Autosservi\u00e7o<\/strong><\/p>\n<p>As vendas de flores e plantas ornamentais em supermercados, varej\u00f5es e home centers se transformaram em um importante canal de vendas. Grandes varejistas criaram \u00e1reas espec\u00edficas nas lojas para a comercializa\u00e7\u00e3o de flores, plantas e artigos relacionados \u00e0 jardinagem.<\/p>&nbsp;&nbsp;\n<p>Este ano, foi registrado um aumento de 17% na compra de flores e plantas ornamentais pelas redes nacionais de supermercados e de 30% nas aquisi\u00e7\u00f5es das redes regionais em rela\u00e7\u00e3o ao ano passado. Nos \u00faltimos anos, os autosservi\u00e7os se transformaram em um canal relevante na venda de flores em vasos. Com o avan\u00e7o do mercado, a grande oportunidade agora \u00e9 apostar na comercializa\u00e7\u00e3o das flores de corte.<\/p>&nbsp;&nbsp;\n<p><strong>Campe\u00e3s<\/strong><\/p>\n<p>As esp\u00e9cies de flores mais cultivadas no Brasil no segmento de corte s\u00e3o rosas, alstroemerias, gypsofilas, \u00e1steres, l\u00edrios e lisianthus. No caso das plantas em vasos, os destaques s\u00e3o as orqu\u00eddeas (principalmente a phalenopsis), kalanchoes, cris\u00e2ntemos e ant\u00farios. As plantas ornamentais t\u00eam registrado um importante aumento nas vendas.<\/p>&nbsp;&nbsp;\n<p>Conforme as informa\u00e7\u00f5es do Ibraflor, o estado de S\u00e3o Paulo \u00e9 o maior produtor de flores e plantas ornamentais do pa\u00eds.<\/p>&nbsp;&nbsp;\n<p><strong>Servi\u00e7o:<\/strong><br \/>37\u00aa Expoflora<br \/>Localiza\u00e7\u00e3o: Holambra\/SP<br \/>Data: 24 de agosto a 23 de setembro (de sexta a domingo)<br \/>Hor\u00e1rio: das 9h \u00e0s 19h<br \/>Ingressos: R$ 48,00 na bilheteria e no site www.ingressorapido.com.br<br \/>Patroc\u00ednio: Coca-Cola Femsa Brasil, \u00c1gua Mineral Crystal, Amstel e Ultragaz e apoio do Banco do Brasil e da Prefeitura Municipal da Est\u00e2ncia Tur\u00edstica de Holambra<br \/>Informa\u00e7\u00f5es para o p\u00fablico: (19) 3802-1499<\/p>\n","protected":false},"excerpt":{"rendered":"<p>Mesmo com a crise, o segmento prev\u00ea um crescimento m\u00e9dio de 7% no pa\u00eds e&#8230;<\/p>\n","protected":false},"author":1,"featured_media":0,"comment_status":"open","ping_status":"open","sticky":false,"template":"","format":"standard","meta":{"fifu_image_url":"","fifu_image_alt":"","footnotes":""},"categories":[8702],"tags":[8716],"class_list":["post-72088","post","type-post","status-publish","format-standard","hentry","category-logistica","tag-logisticapibsetor-de-floricultura","wpcat-8702-id"],"_links":{"self":[{"href":"https:\/\/verde-amarelo.net\/verdeamarelo\/wp-json\/wp\/v2\/posts\/72088","targetHints":{"allow":["GET"]}}],"collection":[{"href":"https:\/\/verde-amarelo.net\/verdeamarelo\/wp-json\/wp\/v2\/posts"}],"about":[{"href":"https:\/\/verde-amarelo.net\/verdeamarelo\/wp-json\/wp\/v2\/types\/post"}],"author":[{"embeddable":true,"href":"https:\/\/verde-amarelo.net\/verdeamarelo\/wp-json\/wp\/v2\/users\/1"}],"replies":[{"embeddable":true,"href":"https:\/\/verde-amarelo.net\/verdeamarelo\/wp-json\/wp\/v2\/comments?post=72088"}],"version-history":[{"count":0,"href":"https:\/\/verde-amarelo.net\/verdeamarelo\/wp-json\/wp\/v2\/posts\/72088\/revisions"}],"wp:attachment":[{"href":"https:\/\/verde-amarelo.net\/verdeamarelo\/wp-json\/wp\/v2\/media?parent=72088"}],"wp:term":[{"taxonomy":"category","embeddable":true,"href":"https:\/\/verde-amarelo.net\/verdeamarelo\/wp-json\/wp\/v2\/categories?post=72088"},{"taxonomy":"post_tag","embeddable":true,"href":"https:\/\/verde-amarelo.net\/verdeamarelo\/wp-json\/wp\/v2\/tags?post=72088"}],"curies":[{"name":"wp","href":"https:\/\/api.w.org\/{rel}","templated":true}]}}