{"id":72110,"date":"2018-09-19T19:12:02","date_gmt":"2018-09-19T22:12:02","guid":{"rendered":"https:\/\/verde-amarelo.net\/verdeamarelo\/2018\/09\/bmw-revela-novidades-para-o-salao-do-automovel-de-paris-2018\/"},"modified":"2018-09-19T19:12:02","modified_gmt":"2018-09-19T22:12:02","slug":"bmw-revela-novidades-para-o-salao-do-automovel-de-paris-2018","status":"publish","type":"post","link":"https:\/\/verde-amarelo.net\/verdeamarelo\/2018\/09\/bmw-revela-novidades-para-o-salao-do-automovel-de-paris-2018\/","title":{"rendered":"BMW revela novidades para o Sal\u00e3o do Autom\u00f3vel de Paris 2018"},"content":{"rendered":"<p><a href=\"http:\/\/www.carpointnews.com.br\/2018\/09\/19\/revela-novidades-automovel\/bmw-no-salao-do-automovel-de-paris-2018\/\" rel=\"attachment wp-att-68391\"><img \"alignnone size-full wp-image-68391&#8243; src=&#8221;http:\/\/www.carpointnews.com.br\/wp-content\/uploads\/2018\/09\/BMW-no-Sal%C3%A3o-do-Autom%C3%B3vel-de-Paris-2018.jpg&#8221; alt=&#8221;&#8221; width=&#8221;500&#8243; height=&#8221;333&#8243; srcset=&#8221;http:\/\/www.carpointnews.com.br\/wp-content\/uploads\/2018\/09\/BMW-no-Sal&#xE3;o-do-Autom&#xF3;vel-de-Paris-2018.jpg 500w, http:\/\/www.carpointnews.com.br\/wp-content\/uploads\/2018\/09\/BMW-no-Sal&#xE3;o-do-Autom&#xF3;vel-de-Paris-2018-300&#215;200.jpg 300w, http:\/\/www.carpointnews.com.br\/wp-content\/uploads\/2018\/09\/BMW-no-Sal&#xE3;o-do-Autom&#xF3;vel-de-Paris-2018-180&#215;120.jpg 180w, http:\/\/www.carpointnews.com.br\/wp-content\/uploads\/2018\/09\/BMW-no-Sal&#xE3;o-do-Autom&#xF3;vel-de-Paris-2018-150&#215;100.jpg 150w&#8221; sizes=&#8221;(max-width: 500px) 100vw, 500px&#8221;\/><\/a><\/p>\n<p>Os frutos mais recentes da ofensiva de produtos BMW v\u00e3o ocupar o centro das aten\u00e7\u00f5es do Sal\u00e3o do Autom\u00f3vel de Paris 2018, a ser realizado entre os pr\u00f3ximos dias 4 e 14 de outubro, na capital francesa. Design repleto de emo\u00e7\u00e3o, tecnologia de ponta e um prazer de dirigir ainda mais envolvente definem o car\u00e1ter dos novos modelos que a BMW apresentar\u00e1 no evento europeu mais importante do calend\u00e1rio automobil\u00edstico deste ano.<\/p>&nbsp;&nbsp;\n<p>Considerada a reinterpreta\u00e7\u00e3o do cl\u00e1ssico conceito de roadster, a nova gera\u00e7\u00e3o do BMW Z4 exibe design externo puramente emocional e que exala esportividade, ambiente interno concebido com foco no motorista, al\u00e9m de um motor de seis cilindros capaz de entregar 340 cavalos de pot\u00eancia. Entre os equipamentos embarcados no convers\u00edvel destacam-se a suspens\u00e3o adaptativa M Sport, dire\u00e7\u00e3o esportiva vari\u00e1vel, freios M Sport, diferencial traseiro M Sport controlado eletronicamente, rodas de liga leve M, de 18 polegadas, e pneus de alto desempenho. O novo Z4 \u00e9 capaz de acelerar de 0 a 100 km \/ h em apenas 4,6 segundos.<\/p>&nbsp;&nbsp;\n<p>O novo BMW S\u00e9rie 8 Coupe, por sua vez, representa a ofensiva da BMW no segmento de luxo. Ele combina as credenciais din\u00e2micas de um esportivo de elevado padr\u00e3o, tanto no visual quanto tecnologicamente, e com a exclusividade de um cup\u00ea de alto luxo. A nova linguagem de design da marca, caracterizada pela clareza e precis\u00e3o, expressa uma est\u00e9tica esportiva inconfund\u00edvel. A estrutura da carroceria, o conjunto motriz \u2013 destacado pela presenta do novo motor V8 de 530 cv \u2013 e a tecnologia do chassi do BMW S\u00e9rie 8 Coupe foram concebidos para oferecer uma experi\u00eancia de dirigibilidade altamente esportiva. As novas tecnologias, como a assist\u00eancia ao motorista e a conectividade ultra avan\u00e7ada do cup\u00ea tamb\u00e9m contribuem para o car\u00e1ter inovador e exclusivo do modelo. Tanto a op\u00e7\u00e3o dotada do motor V8, a gasolina, quanto a vers\u00e3o equipada com o bloco a diesel de seis cilindros em linha, de 320 cv (BMW 840d xDrive) v\u00eam com tra\u00e7\u00e3o integral inteligente, suspens\u00e3o Adaptive M e dire\u00e7\u00e3o ativa integral.<\/p>&nbsp;&nbsp;\n<p>A mostra francesa tamb\u00e9m marcar\u00e1 a estreia mundial do novo BMW X5. A quarta gera\u00e7\u00e3o do fundador da fam\u00edlia BMW X destaca-se com propriedades de condu\u00e7\u00e3o garantidas e in\u00fameros recursos de equipamentos inovadores. A nova linguagem de design exterior enfatiza claramente a presen\u00e7a, autoridade e robustez do novo X5. O interior, entretanto, combina generosos n\u00edveis de espa\u00e7o com design moderno e um ambiente luxuoso. A gama aprimorada de motores, a \u00faltima gera\u00e7\u00e3o do sistema de tra\u00e7\u00e3o inteligente BMW xDrive e uma s\u00e9rie de tecnologias de chassis integrados em um modelo BMW X proporcionam, pela primeira vez, uma combina\u00e7\u00e3o de atributos como conforto de condu\u00e7\u00e3o, desempenho fora de estrada e dirigibilidade esportiva; e que s\u00e3o ressaltadas pela presen\u00e7a de equipamentos como suspens\u00e3o a ar nos dois eixos, dire\u00e7\u00e3o ativa integral e pacote off-road.<\/p>&nbsp;&nbsp;\n<p>Outro destaque do estande da BMW no sal\u00e3o \u00e9 o novo BMW M5 Competition. A variante mais potente e esportiva do sed\u00e3 de alta performance da divis\u00e3o de carros esportivos BMW M \u00e9 revelada pela primeira vez em Paris. A pot\u00eancia do motor aumentada em 25 cv (acima da vers\u00e3o convencional do novo BMW M5) alcan\u00e7a 625 cv. De respostas ainda mais diretas e ajuste de chassi personalizado, o elevado desempenho do BMW M5 Competition serve como uma experi\u00eancia de pilotagem abertamente inspirada nas pistas de corrida e que tamb\u00e9m canaliza toda a sua performance com a ajuda de uma transmiss\u00e3o M Steptronic, de oito marchas, e uma tra\u00e7\u00e3o integral inteligente M xDrive. A entrega de pot\u00eancia do motor V8 \u00e9 notada pela acelera\u00e7\u00e3o de 0 a 100 km \/ h conquistada em apenas 3,3 s \u2013 os 200 km \/ h s\u00e3o alcan\u00e7ados em 10,8 segundos. Entre os itens de destaque do sed\u00e3 esportivo est\u00e3o o sistema de escape M Sport espec\u00edfico para o modelo, rodas de liga leve M de 20 polegadas exclusivas, al\u00e9m de detalhes externos em preto brilhante e do emblema com a inscri\u00e7\u00e3o \u201cCompetition\u201d fixado na tampa do porta-malas, identificam a vers\u00e3o topo de linha do modelo.<\/p>&nbsp;&nbsp;\n<p>Fonte: <strong>Comunica\u00e7\u00e3o Corporativa BMW Group Brasil<\/strong>\u00a0<\/p>\n","protected":false},"excerpt":{"rendered":"","protected":false},"author":1,"featured_media":0,"comment_status":"open","ping_status":"open","sticky":false,"template":"","format":"standard","meta":{"fifu_image_url":"","fifu_image_alt":"","footnotes":""},"categories":[8699],"tags":[8732],"class_list":["post-72110","post","type-post","status-publish","format-standard","hentry","category-geralcarros","tag-bmwcarrosnoticiassalao-do-automovel-de-paris","wpcat-8699-id"],"_links":{"self":[{"href":"https:\/\/verde-amarelo.net\/verdeamarelo\/wp-json\/wp\/v2\/posts\/72110","targetHints":{"allow":["GET"]}}],"collection":[{"href":"https:\/\/verde-amarelo.net\/verdeamarelo\/wp-json\/wp\/v2\/posts"}],"about":[{"href":"https:\/\/verde-amarelo.net\/verdeamarelo\/wp-json\/wp\/v2\/types\/post"}],"author":[{"embeddable":true,"href":"https:\/\/verde-amarelo.net\/verdeamarelo\/wp-json\/wp\/v2\/users\/1"}],"replies":[{"embeddable":true,"href":"https:\/\/verde-amarelo.net\/verdeamarelo\/wp-json\/wp\/v2\/comments?post=72110"}],"version-history":[{"count":0,"href":"https:\/\/verde-amarelo.net\/verdeamarelo\/wp-json\/wp\/v2\/posts\/72110\/revisions"}],"wp:attachment":[{"href":"https:\/\/verde-amarelo.net\/verdeamarelo\/wp-json\/wp\/v2\/media?parent=72110"}],"wp:term":[{"taxonomy":"category","embeddable":true,"href":"https:\/\/verde-amarelo.net\/verdeamarelo\/wp-json\/wp\/v2\/categories?post=72110"},{"taxonomy":"post_tag","embeddable":true,"href":"https:\/\/verde-amarelo.net\/verdeamarelo\/wp-json\/wp\/v2\/tags?post=72110"}],"curies":[{"name":"wp","href":"https:\/\/api.w.org\/{rel}","templated":true}]}}