{"id":72112,"date":"2018-09-20T01:58:47","date_gmt":"2018-09-20T04:58:47","guid":{"rendered":"https:\/\/verde-amarelo.net\/verdeamarelo\/2018\/09\/alinhamento-dos-faris-evita-perda-de-iluminao-noite-e-ofuscamento-da-viso-do-motorista-que-trafega-na-direo-contrria\/"},"modified":"2018-09-20T01:58:47","modified_gmt":"2018-09-20T04:58:47","slug":"alinhamento-dos-faris-evita-perda-de-iluminao-noite-e-ofuscamento-da-viso-do-motorista-que-trafega-na-direo-contrria","status":"publish","type":"post","link":"https:\/\/verde-amarelo.net\/verdeamarelo\/2018\/09\/alinhamento-dos-faris-evita-perda-de-iluminao-noite-e-ofuscamento-da-viso-do-motorista-que-trafega-na-direo-contrria\/","title":{"rendered":"Alinhamento dos far&oacute;is evita perda de ilumina&ccedil;&atilde;o &agrave; noite e ofuscamento da vis&atilde;o do motorista que trafega na dire&ccedil;&atilde;o contr&aacute;ria"},"content":{"rendered":"<p>[hide]<br \/>\nFrom: Maj\u00f4 Gon\u00e7alves<br \/>\nSent: Wednesday, September 19, 2018 3:50 PM<br \/>\nTo: <a href=\"mailto:delmarhaas@truckbrasil.com.br\" >delmarhaas@truckbrasil.com.br<\/a><br \/>\nSubject: Alinhamento dos far\u00f3is evita perda de ilumina\u00e7\u00e3o \u00e0 noite e ofuscamento da vis\u00e3o do motorista que trafega na dire\u00e7\u00e3o contr\u00e1ria<\/p>\n<p>Alinhamento dos far\u00f3is evita perda de ilumina\u00e7\u00e3o \u00e0 noite e ofuscamento da vis\u00e3o do motorista que trafega na dire\u00e7\u00e3o contr\u00e1ria<\/p>\n<p>Fazer a regulagem dos far\u00f3is \u00e9 uma medida importante para seguran\u00e7a no tr\u00e2nsito.<\/p>&nbsp;&nbsp;\n<p>[\/hide]<\/p>\n<p>Para garantir a visibilidade adequada de modo a promover a seguran\u00e7a no tr\u00e2nsito, \u00e9 fundamental que os ve\u00edculos possuam far\u00f3is devidamente alinhados. O alinhamento assegura a percep\u00e7\u00e3o da via de tr\u00e1fego, incluindo os demais ve\u00edculos, pedestres, animais, entre outros obst\u00e1culos. \u201cFar\u00f3is desalinhados comprometem a visibilidade dos demais condutores presentes na via quanto do motorista. No primeiro caso por conta de ofuscar a vis\u00e3o de quem trafega em sentido oposto e, no segundo caso, por iluminar pouco e ou irregularmente o cen\u00e1rio que o motorista tem adiante, sobretudo no que diz respeito ao campo pr\u00f3ximo ao ve\u00edculo, aos elementos refletivos, ao acostamento e \u00e0 via oposta\u201d, alerta Egidio Vertamatti, da Arteb, uma das principais fabricantes mundiais de sistemas de ilumina\u00e7\u00e3o para o setor automotivo.<\/p>&nbsp;&nbsp;\n<p>Sempre que ocorrer a substitui\u00e7\u00e3o das fontes luminosas, sejam elas l\u00e2mpadas de filamento, de descarga a g\u00e1s ou LEDs recomenda-se fazer o realinhamento dos fachos luminosos em oficina de confian\u00e7a. \u201cVale ressaltar que quaisquer medidas que afetem a originalidade do farol, de sua fonte luminosa e at\u00e9 mesmo do ve\u00edculo, como a modifica\u00e7\u00e3o da suspens\u00e3o e o resultante rebaixamento tamb\u00e9m n\u00e3o s\u00e3o recomendadas, pois comprometem o desempenho do farol\u201d, ressalta Vertamatti.<\/p>&nbsp;&nbsp;\n<p>Vertamatti explica que, apesar da regulagem dos far\u00f3is n\u00e3o ser um procedimento complicado, \u00e9 recomend\u00e1vel confiar a um profissional dada \u00e0 rela\u00e7\u00e3o direta com a seguran\u00e7a no tr\u00e2nsito. \u201cTanto os far\u00f3is quanto as fontes luminosas, quando substitu\u00eddos, devem ser de boa proced\u00eancia, de empresas tradicionais do mercado e que tenham qualidade atestada, algo que o consumidor pode constatar atrav\u00e9s das certifica\u00e7\u00f5es INMETRO\u201d, comenta.<\/p>&nbsp;&nbsp;\n<p>A Arteb, que produz far\u00f3is para v\u00e1rias montadoras, conta com as certifica\u00e7\u00f5es ISO 9001, Norma IATF 16949:2016), ISO 14000, certifica\u00e7\u00f5es espec\u00edficas para atender a Argentina (IRAM) e Europa (UCA) e Q1, recebido da Ford. Desde 2000, o laborat\u00f3rio Arteb \u00e9 acreditado e credenciado Inmetro NBR ISO\/IEC 17025, integrando-se \u00e0 Rede Brasileira de Laborat\u00f3rios de Ensaios (RBLE).<\/p>&nbsp;&nbsp;\n<p>[hide]<\/p>\n<p>Sobre a Arteb \u2013 A Arteb \u00e9 uma das principais fabricantes mundiais de sistemas de ilumina\u00e7\u00e3o para o setor automotivo, atendendo montadoras e tamb\u00e9m presente no mercado de reposi\u00e7\u00e3o. Empresa nacional, com atua\u00e7\u00e3o de mais oito d\u00e9cadas, desenvolve solu\u00e7\u00f5es e novas tecnologias que imprimem padr\u00e3o de qualidade e efici\u00eancia na fabrica\u00e7\u00e3o de far\u00f3is, lanternas e break lights, sendo inovadora em concep\u00e7\u00e3o de design, tecnologia e materiais de \u00faltima gera\u00e7\u00e3o.<\/p>&nbsp;&nbsp;\n<p>Com parque fabril em S\u00e3o Bernardo do Campo-SP, onde est\u00e3o localizados a matriz, centro tecnol\u00f3gico, duas plantas e a Arteb Tech, que desenvolve itens eletr\u00f4nicos, al\u00e9m da f\u00e1brica em Cama\u00e7ari\/BA SIAN, situada no polo pl\u00e1stico da cidade, pr\u00f3ximo ao Complexo Industrial da Ford Moto, a Arteb possui 1.200 colaboradores.<\/p>&nbsp;&nbsp;\n<p><a href=\"http:\/\/www.arteb.com.br\">www.arteb.com.br<\/a><\/p>\n<p>Para baixar imagens, basta acessar <a href=\"http:\/\/versoassessoriadeimprensa.com.br\/alinhamento-dos-farois-evita-perda-de-iluminacao-a-noite-e-ofuscamento-da-visao-do-motorista-que-trafega-na-direcao-contraria\/\">versoassessoriadeimprensa.com.br\/alinhamento-dos-farois-evita-perda-de-iluminacao-a-noite-e-ofuscamento-da-visao-do-motorista-que-trafega-na-direcao-contraria\/<\/a><\/p>\n<p>Mais informa\u00e7\u00f5es:<\/p>\n<p>Verso Comunica\u00e7\u00e3o e Assessoria de Imprensa<br \/>\nJornalista respons\u00e1vel \u2013 Maj\u00f4 Gon\u00e7alves \u2013 MTB 24.475<br \/>\n<a href=\"mailto:versocomunicacao@uol.com.br\" >versocomunicacao@uol.com.br<\/a><br \/>\nSolange Suzigan<br \/>\n<a href=\"mailto:versocomunicacao1@uol.com.br\" >versocomunicacao1@uol.com.br<\/a><br \/>\n(11) 4102-2000\/ 99905-7008<br \/>\n<a href=\"http:\/\/www.versoassessoriadeimprensa.com.br\">www.versoassessoriadeimprensa.com.br<\/a><br \/>\n<a href=\"https:\/\/www.facebook.com\/verso.assessoria\">www.facebook.com\/verso.assessoria<\/a><\/p>\n<p>Caso n\u00e3o consiga visualizar o e-mail, acesse este link.<\/p>&nbsp;&nbsp;\n<p>\nCaso n\u00e3o deseje mais receber nossos e-mails, por favor clique nesse link. [\/hide]<\/p>\n","protected":false},"excerpt":{"rendered":"<p>[hide] From: Maj\u00f4 Gon\u00e7alves Sent: Wednesday, September 19, 2018 3:50 PM To: delmarhaas@truckbrasil.com.br Subject: Alinhamento&#8230;<\/p>\n","protected":false},"author":1,"featured_media":0,"comment_status":"open","ping_status":"open","sticky":false,"template":"","format":"standard","meta":{"fifu_image_url":"","fifu_image_alt":"","footnotes":""},"categories":[8427],"tags":[8733],"class_list":["post-72112","post","type-post","status-publish","format-standard","hentry","category-geral","tag-alinhamentoatildeccedilevitailuminaoacuteperda","wpcat-8427-id"],"_links":{"self":[{"href":"https:\/\/verde-amarelo.net\/verdeamarelo\/wp-json\/wp\/v2\/posts\/72112","targetHints":{"allow":["GET"]}}],"collection":[{"href":"https:\/\/verde-amarelo.net\/verdeamarelo\/wp-json\/wp\/v2\/posts"}],"about":[{"href":"https:\/\/verde-amarelo.net\/verdeamarelo\/wp-json\/wp\/v2\/types\/post"}],"author":[{"embeddable":true,"href":"https:\/\/verde-amarelo.net\/verdeamarelo\/wp-json\/wp\/v2\/users\/1"}],"replies":[{"embeddable":true,"href":"https:\/\/verde-amarelo.net\/verdeamarelo\/wp-json\/wp\/v2\/comments?post=72112"}],"version-history":[{"count":0,"href":"https:\/\/verde-amarelo.net\/verdeamarelo\/wp-json\/wp\/v2\/posts\/72112\/revisions"}],"wp:attachment":[{"href":"https:\/\/verde-amarelo.net\/verdeamarelo\/wp-json\/wp\/v2\/media?parent=72112"}],"wp:term":[{"taxonomy":"category","embeddable":true,"href":"https:\/\/verde-amarelo.net\/verdeamarelo\/wp-json\/wp\/v2\/categories?post=72112"},{"taxonomy":"post_tag","embeddable":true,"href":"https:\/\/verde-amarelo.net\/verdeamarelo\/wp-json\/wp\/v2\/tags?post=72112"}],"curies":[{"name":"wp","href":"https:\/\/api.w.org\/{rel}","templated":true}]}}