{"id":72114,"date":"2018-09-19T21:39:24","date_gmt":"2018-09-20T00:39:24","guid":{"rendered":"https:\/\/verde-amarelo.net\/verdeamarelo\/2018\/09\/la-copa-truck-llega-al-autodromo-de-rivera\/"},"modified":"2018-09-19T21:39:24","modified_gmt":"2018-09-20T00:39:24","slug":"la-copa-truck-llega-al-autodromo-de-rivera","status":"publish","type":"post","link":"https:\/\/verde-amarelo.net\/verdeamarelo\/2018\/09\/la-copa-truck-llega-al-autodromo-de-rivera\/","title":{"rendered":"La Copa Truck llega al Aut\u00f3dromo de Rivera"},"content":{"rendered":"<div><img decoding=\"async\" src=\"data:image\/gif;base64,R0lGODlhAQABAIAAAAAAAP\/\/\/ywAAAAAAQABAAACAUwAOw==\" fifu-lazy=\"1\" fifu-data-sizes=\"auto\" fifu-data-srcset=\"https:\/\/i2.wp.com\/copatruck.com.br\/wp-content\/uploads\/2018\/08\/20180824_427_Truck_MB_Goiania_RodrigoRuiz_01762.jpg?ssl=1&w=75&resize=75&ssl=1 75w, https:\/\/i2.wp.com\/copatruck.com.br\/wp-content\/uploads\/2018\/08\/20180824_427_Truck_MB_Goiania_RodrigoRuiz_01762.jpg?ssl=1&w=100&resize=100&ssl=1 100w, https:\/\/i2.wp.com\/copatruck.com.br\/wp-content\/uploads\/2018\/08\/20180824_427_Truck_MB_Goiania_RodrigoRuiz_01762.jpg?ssl=1&w=150&resize=150&ssl=1 150w, https:\/\/i2.wp.com\/copatruck.com.br\/wp-content\/uploads\/2018\/08\/20180824_427_Truck_MB_Goiania_RodrigoRuiz_01762.jpg?ssl=1&w=240&resize=240&ssl=1 240w, https:\/\/i2.wp.com\/copatruck.com.br\/wp-content\/uploads\/2018\/08\/20180824_427_Truck_MB_Goiania_RodrigoRuiz_01762.jpg?ssl=1&w=320&resize=320&ssl=1 320w, https:\/\/i2.wp.com\/copatruck.com.br\/wp-content\/uploads\/2018\/08\/20180824_427_Truck_MB_Goiania_RodrigoRuiz_01762.jpg?ssl=1&w=500&resize=500&ssl=1 500w, https:\/\/i2.wp.com\/copatruck.com.br\/wp-content\/uploads\/2018\/08\/20180824_427_Truck_MB_Goiania_RodrigoRuiz_01762.jpg?ssl=1&w=640&resize=640&ssl=1 640w, https:\/\/i2.wp.com\/copatruck.com.br\/wp-content\/uploads\/2018\/08\/20180824_427_Truck_MB_Goiania_RodrigoRuiz_01762.jpg?ssl=1&w=800&resize=800&ssl=1 800w, https:\/\/i2.wp.com\/copatruck.com.br\/wp-content\/uploads\/2018\/08\/20180824_427_Truck_MB_Goiania_RodrigoRuiz_01762.jpg?ssl=1&w=1024&resize=1024&ssl=1 1024w, https:\/\/i2.wp.com\/copatruck.com.br\/wp-content\/uploads\/2018\/08\/20180824_427_Truck_MB_Goiania_RodrigoRuiz_01762.jpg?ssl=1&w=1280&resize=1280&ssl=1 1280w, https:\/\/i2.wp.com\/copatruck.com.br\/wp-content\/uploads\/2018\/08\/20180824_427_Truck_MB_Goiania_RodrigoRuiz_01762.jpg?ssl=1&w=1600&resize=1600&ssl=1 1600w\" fifu-data-src=\"https:\/\/i2.wp.com\/copatruck.com.br\/wp-content\/uploads\/2018\/08\/20180824_427_Truck_MB_Goiania_RodrigoRuiz_01762.jpg?ssl=1\" class=\"ff-og-image-inserted\"\/><\/div>\n<p>Tras el gran espect\u00e1culo brindado el 15 y 16 de setiembre en el aut\u00f3dromo de Buenos Aires con victorias de Felipe Giaffone (VW Truck), la Copa Truck llega el pr\u00f3ximo 6 y 7 de octubre al aut\u00f3dromo Eduardo P. Cabrera de la ciudad de Rivera para disputar la 2a. fecha del Campeonato Sudamericano (CODASUR) de la poderosa categor\u00eda de camiones.<\/p>&nbsp;&nbsp;\n<p><strong>\u00a0<\/strong><\/p>\n<p><strong><u>IN\u00c9DITO: CAMIONES, DRAGSTERS, \u201cPICADAS\u201d DE CAMIONES, MERCEDES BENZ CHALLENGE Y OTROS ATRACTIVOS.<\/u><\/strong><\/p>\n<p>Por la calidad y la espectacularidad del evento apoyado por la Intendencia Municipal de Rivera, sin dudas que el aut\u00f3dromo de Rivera vivir\u00e1 un mega-espect\u00e1culo de deportes motorizado in\u00e9dito sino que adem\u00e1s, el mismo es ideal para acudir con toda la familia.<\/p>&nbsp;&nbsp;\n<p>Fiel a su rica tradici\u00f3n de armar un mega-evento donde no solo compitan los Camiones, Carlos Col, Director de la empresa Mais Brasil organizadora de la Copa Truck, asegur\u00f3 este mi\u00e9rcoles que\u00a0<strong><em>\u201cestamos preparando un espect\u00e1culo incre\u00edble y a la vez in\u00e9dito para todos los uruguayos. No solo ser\u00e1n las carreras de los Camiones sino que podr\u00e1n apreciar una serie de atractivos extras que colmar\u00e1n todas las expectativas y m\u00e1s\u201d<\/em><\/strong>.<\/p>&nbsp;&nbsp;\n<p>De acuerdo a lo informado por la organizaci\u00f3n, adem\u00e1s de las grandes carreras que ofrecer\u00e1 la Copa Truck con cerca de 20 camiones en pista, el espect\u00e1culo del 6 y 7 de octubre contempla la presentaci\u00f3n en Uruguay por primera vez de los Dragsters Americanos, una verdadera \u201cbestia\u201d de 1000 HP capaz de acelerar como si nada a m\u00e1s de 400 kls\/h.<\/p>&nbsp;&nbsp;\n<p>Pero adem\u00e1s, la Copa Truck incluye el Desaf\u00edo de los Poderosos donde cada piloto trata de vencer a su oponente acelerando (\u201cpicada\u201d) el Cami\u00f3n a toda su potencia -algo nunca visto en nuestro pa\u00eds-, el tradicional Desfile de los Pilotos participantes que se traduce en una gran fiesta de color; las competencias de la Mercedes Benz Challenge y adem\u00e1s obsequios y otros atractivos para el p\u00fablico asistente el que dispondr\u00e1 de c\u00f3modas tribunas y las mejores instalaciones para disfrutar en familia incluyendo la posibilidad de visitar los boxes (s\u00e1bado) con la compra incluso de la entrada general de $ 360,00.<\/p>&nbsp;&nbsp;\n<p><strong><u>CRONOGRAMA 5, 6 Y 7 DE OCTUBRE.<\/u><\/strong><\/p>\n<p>La actividad en el aut\u00f3dromo Eduardo P. Cabrera ser\u00e1 intensa entre el viernes 5 y el domingo 7 de octubre. El viernes la pista se abre a la hora 12:00 para el primer entrenamiento libre y finalizar\u00e1 a las 17.30 horas con el entrenamiento de la Mercedes Benz Challenge. El s\u00e1bado la pista se abre a las 09:00 y la actividad finaliza a las 15.30 horas con la apertura de boxes para el p\u00fablico asistente. El domingo ser\u00e1 el momento de la mayor emoci\u00f3n que comenzar\u00e1 a la hora 08:00 con el Warm Up de la Copa Truck, seguir\u00e1n otras acciones en pista y se cierra el espect\u00e1culo a partir de la hora 13:00 con la Primera Carrera de la Copa Truck.<\/p>&nbsp;&nbsp;\n<p>Texto:\u00a0Mario Rosa<\/p>\n","protected":false},"excerpt":{"rendered":"<p>Tras el gran espect\u00e1culo brindado el 15 y 16 de setiembre en el aut\u00f3dromo de&#8230;<\/p>\n","protected":false},"author":1,"featured_media":0,"comment_status":"open","ping_status":"open","sticky":false,"template":"","format":"standard","meta":{"fifu_image_url":"","fifu_image_alt":"","footnotes":""},"categories":[8700],"tags":[8735],"class_list":["post-72114","post","type-post","status-publish","format-standard","hentry","category-velocidade","tag-autodromollegariveratruck","wpcat-8700-id"],"_links":{"self":[{"href":"https:\/\/verde-amarelo.net\/verdeamarelo\/wp-json\/wp\/v2\/posts\/72114","targetHints":{"allow":["GET"]}}],"collection":[{"href":"https:\/\/verde-amarelo.net\/verdeamarelo\/wp-json\/wp\/v2\/posts"}],"about":[{"href":"https:\/\/verde-amarelo.net\/verdeamarelo\/wp-json\/wp\/v2\/types\/post"}],"author":[{"embeddable":true,"href":"https:\/\/verde-amarelo.net\/verdeamarelo\/wp-json\/wp\/v2\/users\/1"}],"replies":[{"embeddable":true,"href":"https:\/\/verde-amarelo.net\/verdeamarelo\/wp-json\/wp\/v2\/comments?post=72114"}],"version-history":[{"count":0,"href":"https:\/\/verde-amarelo.net\/verdeamarelo\/wp-json\/wp\/v2\/posts\/72114\/revisions"}],"wp:attachment":[{"href":"https:\/\/verde-amarelo.net\/verdeamarelo\/wp-json\/wp\/v2\/media?parent=72114"}],"wp:term":[{"taxonomy":"category","embeddable":true,"href":"https:\/\/verde-amarelo.net\/verdeamarelo\/wp-json\/wp\/v2\/categories?post=72114"},{"taxonomy":"post_tag","embeddable":true,"href":"https:\/\/verde-amarelo.net\/verdeamarelo\/wp-json\/wp\/v2\/tags?post=72114"}],"curies":[{"name":"wp","href":"https:\/\/api.w.org\/{rel}","templated":true}]}}