{"id":72115,"date":"2018-09-19T18:56:13","date_gmt":"2018-09-19T21:56:13","guid":{"rendered":"https:\/\/verde-amarelo.net\/verdeamarelo\/2018\/09\/atracoes-extra-pista-sao-os-destaques-da-programacao-em-rivera\/"},"modified":"2018-09-19T18:56:13","modified_gmt":"2018-09-19T21:56:13","slug":"atracoes-extra-pista-sao-os-destaques-da-programacao-em-rivera","status":"publish","type":"post","link":"https:\/\/verde-amarelo.net\/verdeamarelo\/2018\/09\/atracoes-extra-pista-sao-os-destaques-da-programacao-em-rivera\/","title":{"rendered":"Atra\u00e7\u00f5es extra-pista s\u00e3o os destaques da programa\u00e7\u00e3o em Rivera"},"content":{"rendered":"<div><img decoding=\"async\" src=\"data:image\/gif;base64,R0lGODlhAQABAIAAAAAAAP\/\/\/ywAAAAAAQABAAACAUwAOw==\" fifu-lazy=\"1\" fifu-data-sizes=\"auto\" fifu-data-srcset=\"https:\/\/i0.wp.com\/copatruck.com.br\/wp-content\/uploads\/2018\/09\/DDC_1364.jpg?ssl=1&w=75&resize=75&ssl=1 75w, https:\/\/i0.wp.com\/copatruck.com.br\/wp-content\/uploads\/2018\/09\/DDC_1364.jpg?ssl=1&w=100&resize=100&ssl=1 100w, https:\/\/i0.wp.com\/copatruck.com.br\/wp-content\/uploads\/2018\/09\/DDC_1364.jpg?ssl=1&w=150&resize=150&ssl=1 150w, https:\/\/i0.wp.com\/copatruck.com.br\/wp-content\/uploads\/2018\/09\/DDC_1364.jpg?ssl=1&w=240&resize=240&ssl=1 240w, https:\/\/i0.wp.com\/copatruck.com.br\/wp-content\/uploads\/2018\/09\/DDC_1364.jpg?ssl=1&w=320&resize=320&ssl=1 320w, https:\/\/i0.wp.com\/copatruck.com.br\/wp-content\/uploads\/2018\/09\/DDC_1364.jpg?ssl=1&w=500&resize=500&ssl=1 500w, https:\/\/i0.wp.com\/copatruck.com.br\/wp-content\/uploads\/2018\/09\/DDC_1364.jpg?ssl=1&w=640&resize=640&ssl=1 640w, https:\/\/i0.wp.com\/copatruck.com.br\/wp-content\/uploads\/2018\/09\/DDC_1364.jpg?ssl=1&w=800&resize=800&ssl=1 800w, https:\/\/i0.wp.com\/copatruck.com.br\/wp-content\/uploads\/2018\/09\/DDC_1364.jpg?ssl=1&w=1024&resize=1024&ssl=1 1024w, https:\/\/i0.wp.com\/copatruck.com.br\/wp-content\/uploads\/2018\/09\/DDC_1364.jpg?ssl=1&w=1280&resize=1280&ssl=1 1280w, https:\/\/i0.wp.com\/copatruck.com.br\/wp-content\/uploads\/2018\/09\/DDC_1364.jpg?ssl=1&w=1600&resize=1600&ssl=1 1600w\" fifu-data-src=\"https:\/\/i0.wp.com\/copatruck.com.br\/wp-content\/uploads\/2018\/09\/DDC_1364.jpg?ssl=1\" class=\"ff-og-image-inserted\"\/><\/div>\n<p>Seguindo seu conceito de n\u00e3o ser apenas um campeonato de caminh\u00f5es, mas tamb\u00e9m um evento para toda a fam\u00edlia, a Copa Truck divulgou a lista de atra\u00e7\u00f5es extra-pista para a etapa de Rivera, no Uruguai, que acontece nos dias 6 e 7 de outubro.<\/p>&nbsp;&nbsp;\n<p>Al\u00e9m da visita\u00e7\u00e3o no s\u00e1bado para todos os detentores de ingressos, do bon\u00e9 exclusivo que todos que compraram ingressos retiram na entrada, da estrutura completa para crian\u00e7as e fam\u00edlia na Arena Na\u00e7\u00e3o Truck e da abertura dos port\u00f5es para o p\u00fablico acompanhar o p\u00f3dio, a Copa Truck ter\u00e1 pela primeira vez em sua programa\u00e7\u00e3o um show de Dragsters americanos. \u201cEstamos preparando um grande show para o p\u00fablico uruguaio, n\u00e3o ser\u00e1 s\u00f3 as corridas. Queremos proporcionar o melhor evento poss\u00edvel\u201d, comenta Carlos Col, diretor geral da Mais Brasil, organizadora da Copa Truck.<\/p>&nbsp;&nbsp;\n<p>Com mais de 1000 cavalos de pot\u00eancia e capazes de ultrapassar os 400 km\/h, os dragsters far\u00e3o exibi\u00e7\u00f5es exclusivas no dia do evento e teremos tamb\u00e9m o Desafio dos Brutos, uma competi\u00e7\u00e3o de arrancada entre pilotos e seus caminh\u00f5es de competi\u00e7\u00e3o. Por fim, o tradicional Desfile dos Pilotos antes da corrida deixar\u00e1 todos de turbinas aquecidas para a largada, que acontece \u00e0s 13h com transmiss\u00e3o ao vivo no canal SporTV 2.<\/p>&nbsp;&nbsp;\n<p>Confira a programa\u00e7\u00e3o completa do fim de semana:<\/p>\n<p><strong>Sexta-feira, 5 de outubro<\/strong><br \/>12h00 \u2013 12h30: Mercedes-Benz Challenge \u2013 Treino Livre 1 CLA AMG Cup<br \/>12h35 \u2013 13h05: Mercedes-Benz Challenge \u2013 Treino Livre 1 C250 Cup<br \/>13h15 \u2013 14h15: Copa Truck \u2013 Treino Livre 1<br \/>14h25 \u2013 14h55: Mercedes-Benz Challenge \u2013 Treino Livre 2 CLA AMG Cup<br \/>15h00 \u2013 15h30: Mercedes-Benz Challenge \u2013 Treino Livre 2 C250 Cup<br \/>15h40 \u2013 16h40: Copa Truck \u2013 Treino Livre 2<br \/>16h50 \u2013 17h30: Mercedes-Benz Challenge \u2013 Treino Livre 3 CLA AMG Cup e C250 Cup<\/p>\n<p><strong>S\u00e1bado, 6 de outubro<\/strong><br \/>09h00 \u2013 10h00: Copa Truck \u2013 Treino Livre 3<br \/>10h10 \u2013 10h40: Mercedes-Benz Challenge \u2013 Treino Livre 4 CLA AMG Cup<br \/>10h50 \u2013 11h20: Mercedes-Benz Challenge \u2013 Treino Livre 4 C250 Cup<br \/>11h30 \u2013 12h10: Mercedes-Benz Challenge \u2013 Treino Livre 5 CLA AMG Cup e C250 Cup<br \/>12h20 \u2013 13h20: Copa Truck \u2013 Classifica\u00e7\u00e3o<br \/>13h30 \u2013 13h50: Mercedes-Benz Challenge \u2013 Classifica\u00e7\u00e3o CLA AMG Cup<br \/>13h55 \u2013 14h15: Mercedes-Benz Challenge \u2013 Classifica\u00e7\u00e3o C250 Cup<br \/>14h30 \u2013 15h30: A\u00e7\u00e3o Promocional Speed Truck<br \/>15h30 \u2013 16h30: Visita\u00e7\u00e3o aos Boxes<\/p>\n<p><strong>Domingo, 7 de outubro<\/strong><br \/>08h00 \u2013 8h20: Mercedes-Benz Challenge \u2013 Warm Up CLA AMG Cup e C250 Cup<br \/>08h25 \u2013 08h40: Copa Truck \u2013 Warm Up<br \/>09h00 \u2013 09h50: A\u00e7\u00e3o Promocional Speed Truck<br \/>10h33 \u2013 11h21: Mercedes-Benz Challenge \u2013 Corrida<br \/>11h30 \u2013 12h20: Visita\u00e7\u00e3o aos Boxes\/Atra\u00e7\u00f5es de pista<br \/>12h25 \u2013 12h35: Desfile dos Pilotos<br \/>13h05 \u2013 13h30: Copa Truck \u2013 Corrida 1<br \/>13h46 \u2013 14h11: Copa Truck \u2013 Corrida 2<\/p>\n<p><strong>Classifica\u00e7\u00e3o da Copa Mercosul<\/strong><br \/>1\u00ba \u2013 Felipe Giaffone, 40 pontos<br \/>2\u00ba \u2013 Wellington Cirino, 31<br \/>3\u00ba \u2013 Beto Monteiro, 30<br \/>4\u00ba \u2013 Danilo Dirani, 27<br \/>5\u00ba \u2013 Andr\u00e9 Marques, 27<br \/>6\u00ba \u2013 Leandro Totti, 26<br \/>7\u00ba \u2013 Roberval Andrade, 18<br \/>8\u00ba \u2013 Renato Martins, 16<br \/>9\u00ba \u2013 Witold Ramasauskas, 16<br \/>10\u00ba \u2013 Giuliano Losacco, 16<br \/>11\u00ba \u2013 Luiz Lopes, 12<br \/>12\u00ba \u2013 Adalberto Jardim, 12<br \/>13\u00ba \u2013 Regis Boessio, 10<br \/>14\u00ba \u2013 Pedro Paulo, 10<br \/>15\u00ba \u2013 Duda Bana, 7<br \/>16\u00ba \u2013 Rodrigo Belinati, 5<br \/>17\u00ba \u2013 Fabio Foga\u00e7a, 4<br \/>18\u00ba \u2013 Debora Rodrigues, 3<br \/>19 \u2013 Rog\u00e9rio Castro, 2<\/p>\n","protected":false},"excerpt":{"rendered":"<p>Seguindo seu conceito de n\u00e3o ser apenas um campeonato de caminh\u00f5es, mas tamb\u00e9m um evento&#8230;<\/p>\n","protected":false},"author":1,"featured_media":0,"comment_status":"open","ping_status":"open","sticky":false,"template":"","format":"standard","meta":{"fifu_image_url":"","fifu_image_alt":"","footnotes":""},"categories":[8700],"tags":[8736],"class_list":["post-72115","post","type-post","status-publish","format-standard","hentry","category-velocidade","tag-destaquesextrapistaprogramarivera","wpcat-8700-id"],"_links":{"self":[{"href":"https:\/\/verde-amarelo.net\/verdeamarelo\/wp-json\/wp\/v2\/posts\/72115","targetHints":{"allow":["GET"]}}],"collection":[{"href":"https:\/\/verde-amarelo.net\/verdeamarelo\/wp-json\/wp\/v2\/posts"}],"about":[{"href":"https:\/\/verde-amarelo.net\/verdeamarelo\/wp-json\/wp\/v2\/types\/post"}],"author":[{"embeddable":true,"href":"https:\/\/verde-amarelo.net\/verdeamarelo\/wp-json\/wp\/v2\/users\/1"}],"replies":[{"embeddable":true,"href":"https:\/\/verde-amarelo.net\/verdeamarelo\/wp-json\/wp\/v2\/comments?post=72115"}],"version-history":[{"count":0,"href":"https:\/\/verde-amarelo.net\/verdeamarelo\/wp-json\/wp\/v2\/posts\/72115\/revisions"}],"wp:attachment":[{"href":"https:\/\/verde-amarelo.net\/verdeamarelo\/wp-json\/wp\/v2\/media?parent=72115"}],"wp:term":[{"taxonomy":"category","embeddable":true,"href":"https:\/\/verde-amarelo.net\/verdeamarelo\/wp-json\/wp\/v2\/categories?post=72115"},{"taxonomy":"post_tag","embeddable":true,"href":"https:\/\/verde-amarelo.net\/verdeamarelo\/wp-json\/wp\/v2\/tags?post=72115"}],"curies":[{"name":"wp","href":"https:\/\/api.w.org\/{rel}","templated":true}]}}