{"id":72126,"date":"2018-09-20T13:29:01","date_gmt":"2018-09-20T16:29:01","guid":{"rendered":"https:\/\/verde-amarelo.net\/verdeamarelo\/2018\/09\/daf-comemora-os-195-anos-de-ponta-grossa-pr\/"},"modified":"2018-09-20T13:29:01","modified_gmt":"2018-09-20T16:29:01","slug":"daf-comemora-os-195-anos-de-ponta-grossa-pr","status":"publish","type":"post","link":"https:\/\/verde-amarelo.net\/verdeamarelo\/2018\/09\/daf-comemora-os-195-anos-de-ponta-grossa-pr\/","title":{"rendered":"DAF comemora os 195 anos de Ponta Grossa (PR)"},"content":{"rendered":"<p>A DAF Caminh\u00f5es, uma das marcas l\u00edderes no mercado europeu de caminh\u00f5es e subsidi\u00e1ria da PACCAR Inc, comemora o anivers\u00e1rio de 195 anos de Ponta Grossa, cidade localizada no interior do Paran\u00e1 com quem a DAF possui uma longa rela\u00e7\u00e3o de sucesso. Desde 2013, quando se iniciou a produ\u00e7\u00e3o de modelos na planta paranaense, a companhia realiza diversas a\u00e7\u00f5es sociais voltadas \u00e0 comunidade local.<\/p>&nbsp;&nbsp;\n<p>\u201cParabenizo Ponta Grossa pela sua hist\u00f3ria e por ser nossa parceira. Priorizamos a contrata\u00e7\u00e3o de prestadores de servi\u00e7os locais, contribu\u00edmos com institui\u00e7\u00f5es sociais da cidade e possu\u00edmos parcerias locais para a capacita\u00e7\u00e3o de novos profissionais, como o Programa de Est\u00e1gio e o Programa de Aprendizes. Estamos crescendo juntos\u201d, diz Carlos Ayala, Presidente da DAF Caminh\u00f5es Brasil.<\/p>&nbsp;&nbsp;\n<p>A companhia tem parcerias com o SENAI e universidades da cidade com foco no desenvolvimento de tecnologias e aprimoramento de seus profissionais e futuros colaboradores. Um exemplo \u00e9 o patroc\u00ednio \u00e0 Semana de Engenharia de Produ\u00e7\u00e3o, realizada em conjunto com a Universidade Tecnol\u00f3gica Federal do Paran\u00e1 (UTFPR).<\/p>&nbsp;&nbsp;\n<p>A DAF tamb\u00e9m participa de a\u00e7\u00f5es sociais, como a Campanha do Agasalho com o Servi\u00e7o de Obras Sociais, a Campanha Natal Sem Fome com o Selo Social e o Programa Bem-Estar com academias, centros de est\u00e9tica, escolas de idiomas, universidades e escolas para funcion\u00e1rios e familiares.<\/p>&nbsp;&nbsp;\n<p>A rela\u00e7\u00e3o com a cidade fica completa com os projetos sociais que a empresa desenvolve em parceria com institui\u00e7\u00f5es de Ponta Grossa, como apresenta\u00e7\u00e3o do Coral DAF em asilos e restaura\u00e7\u00e3o de pra\u00e7as e parques.<\/p>&nbsp;&nbsp;\n<p>A PACCAR \u00e9 l\u00edder global em tecnologia, design, produ\u00e7\u00e3o e atendimento ao cliente para caminh\u00f5es leves, m\u00e9dios e pesados, de alta qualidade, sob as marcas Kenworth, Peterbilt e DAF. A PACCAR tamb\u00e9m projeta e produz motores avan\u00e7ados a diesel, fornece servi\u00e7os financeiros e de tecnologia da informa\u00e7\u00e3o, e distribui pe\u00e7as para caminh\u00f5es relacionadas a seus principais neg\u00f3cios. As a\u00e7\u00f5es da PACCAR s\u00e3o negociadas no mercado Nasdaq GlobalSelect, com o s\u00edmbolo PCAR, e o site da empresa \u00e9 <a href=\"http:\/\/www.paccar.com\">www.paccar.com<\/a>.<\/p>&nbsp;&nbsp;\n","protected":false},"excerpt":{"rendered":"<p>A DAF Caminh\u00f5es, uma das marcas l\u00edderes no mercado europeu de caminh\u00f5es e subsidi\u00e1ria da&#8230;<\/p>\n","protected":false},"author":1,"featured_media":0,"comment_status":"open","ping_status":"open","sticky":false,"template":"","format":"standard","meta":{"fifu_image_url":"","fifu_image_alt":"","footnotes":""},"categories":[8427],"tags":[8747],"class_list":["post-72126","post","type-post","status-publish","format-standard","hentry","category-geral","tag-comemoragrossaponta","wpcat-8427-id"],"_links":{"self":[{"href":"https:\/\/verde-amarelo.net\/verdeamarelo\/wp-json\/wp\/v2\/posts\/72126","targetHints":{"allow":["GET"]}}],"collection":[{"href":"https:\/\/verde-amarelo.net\/verdeamarelo\/wp-json\/wp\/v2\/posts"}],"about":[{"href":"https:\/\/verde-amarelo.net\/verdeamarelo\/wp-json\/wp\/v2\/types\/post"}],"author":[{"embeddable":true,"href":"https:\/\/verde-amarelo.net\/verdeamarelo\/wp-json\/wp\/v2\/users\/1"}],"replies":[{"embeddable":true,"href":"https:\/\/verde-amarelo.net\/verdeamarelo\/wp-json\/wp\/v2\/comments?post=72126"}],"version-history":[{"count":0,"href":"https:\/\/verde-amarelo.net\/verdeamarelo\/wp-json\/wp\/v2\/posts\/72126\/revisions"}],"wp:attachment":[{"href":"https:\/\/verde-amarelo.net\/verdeamarelo\/wp-json\/wp\/v2\/media?parent=72126"}],"wp:term":[{"taxonomy":"category","embeddable":true,"href":"https:\/\/verde-amarelo.net\/verdeamarelo\/wp-json\/wp\/v2\/categories?post=72126"},{"taxonomy":"post_tag","embeddable":true,"href":"https:\/\/verde-amarelo.net\/verdeamarelo\/wp-json\/wp\/v2\/tags?post=72126"}],"curies":[{"name":"wp","href":"https:\/\/api.w.org\/{rel}","templated":true}]}}