{"id":72127,"date":"2018-09-20T13:29:00","date_gmt":"2018-09-20T16:29:00","guid":{"rendered":"https:\/\/verde-amarelo.net\/verdeamarelo\/2018\/09\/nissan-nissan-e-dams-anuncia-a-buemi-y-albon-como-sus-pilotos-para-competir-en-la-formula-e\/"},"modified":"2018-09-20T13:29:00","modified_gmt":"2018-09-20T16:29:00","slug":"nissan-nissan-e-dams-anuncia-a-buemi-y-albon-como-sus-pilotos-para-competir-en-la-formula-e","status":"publish","type":"post","link":"https:\/\/verde-amarelo.net\/verdeamarelo\/2018\/09\/nissan-nissan-e-dams-anuncia-a-buemi-y-albon-como-sus-pilotos-para-competir-en-la-formula-e\/","title":{"rendered":"Nissan: Nissan e.dams anuncia a Buemi y Albon como sus pilotos para competir en la F\u00f3rmula E"},"content":{"rendered":"<div><img decoding=\"async\" src=\"data:image\/gif;base64,R0lGODlhAQABAIAAAAAAAP\/\/\/ywAAAAAAQABAAACAUwAOw==\" fifu-lazy=\"1\" fifu-data-sizes=\"auto\" fifu-data-srcset=\"https:\/\/i3.wp.com\/www.truckbrasil.com.br\/wp\/wp-content\/uploads\/2018\/09\/nissan-nissan-e-dams-anuncia-a-buemi-y-albon-como-sus-pilotos-para-competir-en-la-formula-e.jpg?ssl=1&w=75&resize=75&ssl=1 75w, https:\/\/i3.wp.com\/www.truckbrasil.com.br\/wp\/wp-content\/uploads\/2018\/09\/nissan-nissan-e-dams-anuncia-a-buemi-y-albon-como-sus-pilotos-para-competir-en-la-formula-e.jpg?ssl=1&w=100&resize=100&ssl=1 100w, https:\/\/i3.wp.com\/www.truckbrasil.com.br\/wp\/wp-content\/uploads\/2018\/09\/nissan-nissan-e-dams-anuncia-a-buemi-y-albon-como-sus-pilotos-para-competir-en-la-formula-e.jpg?ssl=1&w=150&resize=150&ssl=1 150w, https:\/\/i3.wp.com\/www.truckbrasil.com.br\/wp\/wp-content\/uploads\/2018\/09\/nissan-nissan-e-dams-anuncia-a-buemi-y-albon-como-sus-pilotos-para-competir-en-la-formula-e.jpg?ssl=1&w=240&resize=240&ssl=1 240w, https:\/\/i3.wp.com\/www.truckbrasil.com.br\/wp\/wp-content\/uploads\/2018\/09\/nissan-nissan-e-dams-anuncia-a-buemi-y-albon-como-sus-pilotos-para-competir-en-la-formula-e.jpg?ssl=1&w=320&resize=320&ssl=1 320w, https:\/\/i3.wp.com\/www.truckbrasil.com.br\/wp\/wp-content\/uploads\/2018\/09\/nissan-nissan-e-dams-anuncia-a-buemi-y-albon-como-sus-pilotos-para-competir-en-la-formula-e.jpg?ssl=1&w=500&resize=500&ssl=1 500w, https:\/\/i3.wp.com\/www.truckbrasil.com.br\/wp\/wp-content\/uploads\/2018\/09\/nissan-nissan-e-dams-anuncia-a-buemi-y-albon-como-sus-pilotos-para-competir-en-la-formula-e.jpg?ssl=1&w=640&resize=640&ssl=1 640w, https:\/\/i3.wp.com\/www.truckbrasil.com.br\/wp\/wp-content\/uploads\/2018\/09\/nissan-nissan-e-dams-anuncia-a-buemi-y-albon-como-sus-pilotos-para-competir-en-la-formula-e.jpg?ssl=1&w=800&resize=800&ssl=1 800w, https:\/\/i3.wp.com\/www.truckbrasil.com.br\/wp\/wp-content\/uploads\/2018\/09\/nissan-nissan-e-dams-anuncia-a-buemi-y-albon-como-sus-pilotos-para-competir-en-la-formula-e.jpg?ssl=1&w=1024&resize=1024&ssl=1 1024w, https:\/\/i3.wp.com\/www.truckbrasil.com.br\/wp\/wp-content\/uploads\/2018\/09\/nissan-nissan-e-dams-anuncia-a-buemi-y-albon-como-sus-pilotos-para-competir-en-la-formula-e.jpg?ssl=1&w=1280&resize=1280&ssl=1 1280w, https:\/\/i3.wp.com\/www.truckbrasil.com.br\/wp\/wp-content\/uploads\/2018\/09\/nissan-nissan-e-dams-anuncia-a-buemi-y-albon-como-sus-pilotos-para-competir-en-la-formula-e.jpg?ssl=1&w=1600&resize=1600&ssl=1 1600w\" fifu-data-src=\"https:\/\/i3.wp.com\/www.truckbrasil.com.br\/wp\/wp-content\/uploads\/2018\/09\/nissan-nissan-e-dams-anuncia-a-buemi-y-albon-como-sus-pilotos-para-competir-en-la-formula-e.jpg?ssl=1\" class=\"ff-og-image-inserted\"\/><\/div>\n<p><strong>YOKOHAMA, Jap\u00f3n \u2013<\/strong> El piloto suizo de automovilismo Sebastien Buemi y el brit\u00e1nico Alex Albon, ser\u00e1n los pilotos de Nissan para su debut en el campeonato el\u00e9ctrico F\u00f3rmula E de la ABB FIA en diciembre.<\/p>&nbsp;&nbsp;\n<p>El programa de F\u00f3rmula E de Nissan mostrar\u00e1 un nuevo &#8220;lado de alto desempe\u00f1o&#8221; de Nissan Intelligent Mobility, la visi\u00f3n de la compa\u00f1\u00eda para cambiar la forma en la cual se conducen, impulsan e integran los autom\u00f3viles en la sociedad.<\/p>&nbsp;&nbsp;\n<p>Siendo la primera compa\u00f1\u00eda japonesa en unirse al campeonato el\u00e9ctrico, Nissan recurrir\u00e1 a su comprobada experiencia como l\u00edder mundial en veh\u00edculos el\u00e9ctricos, habiendo vendido m\u00e1s de 350 mil unidades de Nissan LEAF desde que present\u00f3 dicho modelo en 2010.<\/p>&nbsp;&nbsp;\n<p>Buemi, de 29 a\u00f1os, pas\u00f3 las \u00faltimas cuatro temporadas como piloto de e.dams, el socio de carreras de Nissan en la F\u00f3rmula E. Debutar\u00e1 con los colores de Nissan a bordo del nuevo veh\u00edculo Gen2 Formula E de la compa\u00f1\u00eda durante la prueba abierta de la serie que se realizar\u00e1 el pr\u00f3ximo mes en Valencia, Espa\u00f1a.<\/p>&nbsp;&nbsp;\n<p>Entre los logros de Buemi en la pista destacan su campeonato de pilotos 2015\/2016 y establecer r\u00e9cords en la serie incluyendo el mayor n\u00famero de victorias, mayor n\u00famero de posiciones pole, mayor n\u00famero de vueltas m\u00e1s r\u00e1pidas, mayor n\u00famero de victorias consecutivas, mayor n\u00famero de puntajes consecutivos y el mayor n\u00famero de carreras y vueltas en el liderato.<\/p>&nbsp;&nbsp;\n<p>&#8220;La quinta temporada ser\u00e1 un nuevo comienzo para m\u00ed en muchos sentidos&#8221;, coment\u00f3 Buemi. &#8220;Hay muchas cosas nuevas: los veh\u00edculos, el formato de la carrera, los lugares. Espero continuar trabajando con e.dams y llevar la emoci\u00f3n de la tecnolog\u00eda de veh\u00edculos el\u00e9ctricos de Nissan a los fan\u00e1ticos del automovilismo de todo el mundo&#8221;.<\/p>&nbsp;&nbsp;\n<p>Por su parte, Albon \u2013 de 22 a\u00f1os \u2013 har\u00e1 su debut en la F\u00f3rmula E con Nissan despu\u00e9s de impresionantes actuaciones en las categor\u00edas internacionales de monoplazas junior. Termin\u00f3 segundo en la serie GP3 2016 y actualmente es tercero en puntos en el campeonato de F\u00f3rmula 2 de la FIA de este a\u00f1o, con tres victorias.<\/p>&nbsp;&nbsp;\n<p>&#8220;El nivel de competencia en la serie es intenso, y estoy ansioso por probarme contra algunos de los mejores pilotos del mundo&#8221;, asegur\u00f3 Albon. &#8220;Las carreras el\u00e9ctricas en la calle ser\u00e1n un nuevo desaf\u00edo para m\u00ed, pero trabajar con Sebastien como compa\u00f1ero de equipo ser\u00e1 una gran ayuda, ya que ha establecido el punto de referencia en la serie&#8221;.<\/p>&nbsp;&nbsp;\n<p>Nissan debutar\u00e1 en la F\u00f3rmula E en la primera ronda de la quinta temporada, que tendr\u00e1 lugar el 15 de diciembre de 2018 en Arabia Saudita. El serial continuar\u00e1 en Marruecos; Ciudad de M\u00e9xico; Hong Kong; China; Roma; Par\u00eds; M\u00f3naco; Berl\u00edn; y Nueva York. Las carreras adicionales est\u00e1n programadas para el 26 de enero y el 9 de junio de 2019, en sedes que se anunciar\u00e1n pr\u00f3ximamente.<\/p>&nbsp;&nbsp;\n<p>&#8220;El impresionante r\u00e9cord de Sebastien en el campeonato de la F\u00f3rmula E habla por s\u00ed mismo, y emparejarlo con una joven estrella como Alex es una gran combinaci\u00f3n&#8221;, se\u00f1al\u00f3 Michael Carcamo, director global de Nissan Motorsports. &#8220;No podemos pensar en un mejor equipo para exhibir nuestras tecnolog\u00edas innovadoras y nuestra visi\u00f3n Nissan Intelligent Mobility&#8221;.<\/p>&nbsp;&nbsp;\n<p>Jean-Paul Driot, director de e.dams, coincidi\u00f3 en la robustez de la selecci\u00f3n de pilotos: &#8220;Sebastien ha sido una parte importante del equipo de e.dams desde nuestra primera carrera de F\u00f3rmula E hace cuatro a\u00f1os en China. Conocemos bien a Alex de sus actuaciones con DAMS en la F\u00f3rmula 2, y estamos entusiasmados de llevar su talento al campeonato de la F\u00f3rmula E&#8221;.<\/p>&nbsp;&nbsp;\n<p># # #<\/p>\n","protected":false},"excerpt":{"rendered":"<p>YOKOHAMA, Jap\u00f3n \u2013 El piloto suizo de automovilismo Sebastien Buemi y el brit\u00e1nico Alex Albon,&#8230;<\/p>\n","protected":false},"author":1,"featured_media":0,"comment_status":"open","ping_status":"open","sticky":false,"template":"","format":"standard","meta":{"fifu_image_url":"","fifu_image_alt":"","footnotes":""},"categories":[8699],"tags":[5364],"class_list":["post-72127","post","type-post","status-publish","format-standard","hentry","category-geralcarros","tag-nissan","wpcat-8699-id"],"_links":{"self":[{"href":"https:\/\/verde-amarelo.net\/verdeamarelo\/wp-json\/wp\/v2\/posts\/72127","targetHints":{"allow":["GET"]}}],"collection":[{"href":"https:\/\/verde-amarelo.net\/verdeamarelo\/wp-json\/wp\/v2\/posts"}],"about":[{"href":"https:\/\/verde-amarelo.net\/verdeamarelo\/wp-json\/wp\/v2\/types\/post"}],"author":[{"embeddable":true,"href":"https:\/\/verde-amarelo.net\/verdeamarelo\/wp-json\/wp\/v2\/users\/1"}],"replies":[{"embeddable":true,"href":"https:\/\/verde-amarelo.net\/verdeamarelo\/wp-json\/wp\/v2\/comments?post=72127"}],"version-history":[{"count":0,"href":"https:\/\/verde-amarelo.net\/verdeamarelo\/wp-json\/wp\/v2\/posts\/72127\/revisions"}],"wp:attachment":[{"href":"https:\/\/verde-amarelo.net\/verdeamarelo\/wp-json\/wp\/v2\/media?parent=72127"}],"wp:term":[{"taxonomy":"category","embeddable":true,"href":"https:\/\/verde-amarelo.net\/verdeamarelo\/wp-json\/wp\/v2\/categories?post=72127"},{"taxonomy":"post_tag","embeddable":true,"href":"https:\/\/verde-amarelo.net\/verdeamarelo\/wp-json\/wp\/v2\/tags?post=72127"}],"curies":[{"name":"wp","href":"https:\/\/api.w.org\/{rel}","templated":true}]}}