{"id":72128,"date":"2018-09-20T15:18:42","date_gmt":"2018-09-20T18:18:42","guid":{"rendered":"https:\/\/verde-amarelo.net\/verdeamarelo\/2018\/09\/evite-danos-ao-cardan-com-manuteno-adequada\/"},"modified":"2018-09-20T15:18:42","modified_gmt":"2018-09-20T18:18:42","slug":"evite-danos-ao-cardan-com-manuteno-adequada","status":"publish","type":"post","link":"https:\/\/verde-amarelo.net\/verdeamarelo\/2018\/09\/evite-danos-ao-cardan-com-manuteno-adequada\/","title":{"rendered":"Evite danos ao cardan com manuten&ccedil;&atilde;o adequada"},"content":{"rendered":"<p>Respons\u00e1vel por transmitir a energia gerada pelo motor da caixa de c\u00e2mbio para o eixo diferencial, o eixo cardan merece especial aten\u00e7\u00e3o dos motoristas para que n\u00e3o ocorram desgastes prematuros ou quebras nos componentes do sistema. Composto por tubo, garfo, ponteira, luva, flange, cruzeta, terminal, mancal central entre outras pe\u00e7as, o cardan conta com ampla durabilidade, chegando \u00e0 elevada quilometragem. No entanto, \u00e9 preciso tomar alguns cuidados na hora da manuten\u00e7\u00e3o. \u201cSe uma cruzeta for trocada sem os cuidados necess\u00e1rios e ferramentas adequadas pode desbalancear o cardan, gerando ru\u00eddos e vibra\u00e7\u00f5es no ve\u00edculo\u201d, exemplifica Jair Silva, gerente de qualidade e servi\u00e7os da Nakata, fabricante de autope\u00e7as para mercado de reposi\u00e7\u00e3o l\u00edder na linha de componentes undercar. Silva ressalta tamb\u00e9m que o balanceamento deve ser realizado sempre que ocorrer qualquer tipo de manuten\u00e7\u00e3o no conjunto. Adapta\u00e7\u00f5es no conjunto tamb\u00e9m n\u00e3o devem ser feitas.<\/p>&nbsp;&nbsp;\n<p>\u201cFolgas, falta de lubrifica\u00e7\u00e3o ou lubrifica\u00e7\u00e3o incorreta, excesso de peso, modo de dirigir podem comprometer a vida \u00fatil do cardan\u201d, complementa. Segundo Silva, para garantir o bom desempenho e a vida \u00fatil do cardan, \u00e9 preciso que a lubrifica\u00e7\u00e3o esteja em dia e seja feita com a graxa adequada. Os componentes do eixo cardan devem ser lubrificados com graxas \u00e0 base de sab\u00e3o l\u00edtio, especifica\u00e7\u00e3o EP 2, sempre obedecendo os intervalos recomendados pelos fabricantes. \u201cO lubrificante deve suportar temperatura de funcionamento adequada, ter viscosidade e consist\u00eancia espec\u00edficas\u201d, conclui.<\/p>&nbsp;&nbsp;\n<p>A Nakata possui a linha de componentes completa do cardan, composta por cruzeta, garfo, flange, flange acoplamento, luva\/ponteira luveira\/pontuva, terminal, ponteira com rosca e subconjunto mancal central. Fabricados em a\u00e7o, os componentes de cardan Nakata s\u00e3o indicados para qualquer tipo de cardan, possibilitando encaixes perfeitos com baixos \u00edndices de vibra\u00e7\u00e3o, robustez, efici\u00eancia e durabilidade na transmiss\u00e3o de for\u00e7a. As pe\u00e7as tamb\u00e9m possuem grava\u00e7\u00e3o da marca e c\u00f3digo do item, facilitando a identifica\u00e7\u00e3o dos componentes.<\/p>&nbsp;&nbsp;\n","protected":false},"excerpt":{"rendered":"<p>Respons\u00e1vel por transmitir a energia gerada pelo motor da caixa de c\u00e2mbio para o eixo&#8230;<\/p>\n","protected":false},"author":1,"featured_media":0,"comment_status":"open","ping_status":"open","sticky":false,"template":"","format":"standard","meta":{"fifu_image_url":"","fifu_image_alt":"","footnotes":""},"categories":[8427],"tags":[8748],"class_list":["post-72128","post","type-post","status-publish","format-standard","hentry","category-geral","tag-adequadaatildecardanccedildanosevitemanuten","wpcat-8427-id"],"_links":{"self":[{"href":"https:\/\/verde-amarelo.net\/verdeamarelo\/wp-json\/wp\/v2\/posts\/72128","targetHints":{"allow":["GET"]}}],"collection":[{"href":"https:\/\/verde-amarelo.net\/verdeamarelo\/wp-json\/wp\/v2\/posts"}],"about":[{"href":"https:\/\/verde-amarelo.net\/verdeamarelo\/wp-json\/wp\/v2\/types\/post"}],"author":[{"embeddable":true,"href":"https:\/\/verde-amarelo.net\/verdeamarelo\/wp-json\/wp\/v2\/users\/1"}],"replies":[{"embeddable":true,"href":"https:\/\/verde-amarelo.net\/verdeamarelo\/wp-json\/wp\/v2\/comments?post=72128"}],"version-history":[{"count":0,"href":"https:\/\/verde-amarelo.net\/verdeamarelo\/wp-json\/wp\/v2\/posts\/72128\/revisions"}],"wp:attachment":[{"href":"https:\/\/verde-amarelo.net\/verdeamarelo\/wp-json\/wp\/v2\/media?parent=72128"}],"wp:term":[{"taxonomy":"category","embeddable":true,"href":"https:\/\/verde-amarelo.net\/verdeamarelo\/wp-json\/wp\/v2\/categories?post=72128"},{"taxonomy":"post_tag","embeddable":true,"href":"https:\/\/verde-amarelo.net\/verdeamarelo\/wp-json\/wp\/v2\/tags?post=72128"}],"curies":[{"name":"wp","href":"https:\/\/api.w.org\/{rel}","templated":true}]}}