{"id":72129,"date":"2018-09-20T15:29:00","date_gmt":"2018-09-20T18:29:00","guid":{"rendered":"https:\/\/verde-amarelo.net\/verdeamarelo\/2018\/09\/audi-e-tron-unio-com-fornecedores-para-oferecer-mais-sustentabilidade\/"},"modified":"2018-09-20T15:29:00","modified_gmt":"2018-09-20T18:29:00","slug":"audi-e-tron-unio-com-fornecedores-para-oferecer-mais-sustentabilidade","status":"publish","type":"post","link":"https:\/\/verde-amarelo.net\/verdeamarelo\/2018\/09\/audi-e-tron-unio-com-fornecedores-para-oferecer-mais-sustentabilidade\/","title":{"rendered":"Audi e-tron: uni&atilde;o com fornecedores para oferecer mais sustentabilidade"},"content":{"rendered":"<p>Sustentabilidade conta: junto aos seus fornecedores, a Audi est\u00e1<br \/>\nsistematicamente comprometida com a\u00e7\u00f5es de responsabilidade. Para este fim,<br \/>\na empresa desenvolveu uma taxa de sustentabilidade com o objetivo de<br \/>\nproteger o meio ambiente e assegurar os padr\u00f5es sociais. Desde abril de<br \/>\n2017, a Audi auditou mais de 600 parceiros em seus locais de produ\u00e7\u00e3o.<br \/>\nAtualmente, h\u00e1 um foco especial nos fornecedores contratados para oferecer<br \/>\nos componentes para o e-tron. A partir de meados de 2019, essa taxa ser\u00e1 um<br \/>\nfator decisivo na concess\u00e3o de contratos para fornecedores.<\/p>&nbsp;&nbsp;\n<p>Tamb\u00e9m faz da sustentabilidade um crit\u00e9rio de sele\u00e7\u00e3o t\u00e3o importante quanto<br \/>\nos custos, a qualidade, o conhecimento tecnol\u00f3gico e a capacidade de<br \/>\ninova\u00e7\u00e3o. \u201cIsso mostra a import\u00e2ncia que atribu\u00edmos a uma cadeia de<br \/>\nfornecimento sustent\u00e1vel na Audi\u201d, afirma o Dr. Bernd Martens, membro do<br \/>\nConselho de Administra\u00e7\u00e3o da Audi AG para Compras e TI. \u201cEstamos convencidos<br \/>\nde que a responsabilidade corporativa \u00e9 um fator decisivo de sucesso e<br \/>\nqueremos trabalhar apenas com parceiros que pensem e ajam da mesma maneira.\u201d<\/p>\n<p>Para a classifica\u00e7\u00e3o, a Audi considera muito mais que certificados e<br \/>\nautoafirma\u00e7\u00f5es. A empresa tamb\u00e9m faz sua pr\u00f3pria avalia\u00e7\u00e3o nas instala\u00e7\u00f5es<br \/>\nde fornecedores. A montadora checa um total de 12 crit\u00e9rios nos setores<br \/>\nambiental e social \u2013 por exemplo, se o fornecedor tem uma produ\u00e7\u00e3o focada na<br \/>\nconserva\u00e7\u00e3o de recursos e se est\u00e1 em conformidade com os padr\u00f5es de<br \/>\nseguran\u00e7a ocupacional. \u201cN\u00e3o confiamos em verifica\u00e7\u00f5es aleat\u00f3rias. N\u00f3s<br \/>\nreservamos um tempo deliberadamente para determinar a taxa de<br \/>\nsustentabilidade de cada fornecedor individualmente\u201d, diz Martens.<\/p>&nbsp;&nbsp;\n<p>O foco atual est\u00e1 em empresas de componentes para o e-tron, que far\u00e1 sua<br \/>\nestreia mundial neste m\u00eas. Com o primeiro carro produzido em s\u00e9rie<br \/>\ntotalmente el\u00e9trico da marca, a Audi tamb\u00e9m est\u00e1 prestando aten\u00e7\u00e3o especial<br \/>\nao valor sustent\u00e1vel agregado. Se um parceiro n\u00e3o atender aos requisitos de<br \/>\nsustentabilidade, deve fazer melhorias em certo per\u00edodo de tempo. Dessa<br \/>\nforma, a montadora apoia seus fornecedores para tornar seus processos<br \/>\ninternos mais sustent\u00e1veis.<\/p>&nbsp;&nbsp;\n<p>A Audi j\u00e1 classificou mais de 600 fornecedores de componentes para v\u00e1rios de<br \/>\nseus modelos e outros 400 ser\u00e3o adicionados at\u00e9 o final deste ano. A partir<br \/>\nde 2019, todo o Grupo Volkswagen utilizar\u00e1 esse ranking para determinar as<br \/>\ntaxas de sustentabilidade para fornecedores, com impacto direto na concess\u00e3o<br \/>\nde contratos.<\/p>&nbsp;&nbsp;\n<p><\/p>\n\n","protected":false},"excerpt":{"rendered":"<p>Sustentabilidade conta: junto aos seus fornecedores, a Audi est\u00e1 sistematicamente comprometida com a\u00e7\u00f5es de responsabilidade&#8230;.<\/p>\n","protected":false},"author":1,"featured_media":0,"comment_status":"open","ping_status":"open","sticky":false,"template":"","format":"standard","meta":{"fifu_image_url":"","fifu_image_alt":"","footnotes":""},"categories":[8427],"tags":[8749],"class_list":["post-72129","post","type-post","status-publish","format-standard","hentry","category-geral","tag-atildefornecedoresoferecersustentabilidade","wpcat-8427-id"],"_links":{"self":[{"href":"https:\/\/verde-amarelo.net\/verdeamarelo\/wp-json\/wp\/v2\/posts\/72129","targetHints":{"allow":["GET"]}}],"collection":[{"href":"https:\/\/verde-amarelo.net\/verdeamarelo\/wp-json\/wp\/v2\/posts"}],"about":[{"href":"https:\/\/verde-amarelo.net\/verdeamarelo\/wp-json\/wp\/v2\/types\/post"}],"author":[{"embeddable":true,"href":"https:\/\/verde-amarelo.net\/verdeamarelo\/wp-json\/wp\/v2\/users\/1"}],"replies":[{"embeddable":true,"href":"https:\/\/verde-amarelo.net\/verdeamarelo\/wp-json\/wp\/v2\/comments?post=72129"}],"version-history":[{"count":0,"href":"https:\/\/verde-amarelo.net\/verdeamarelo\/wp-json\/wp\/v2\/posts\/72129\/revisions"}],"wp:attachment":[{"href":"https:\/\/verde-amarelo.net\/verdeamarelo\/wp-json\/wp\/v2\/media?parent=72129"}],"wp:term":[{"taxonomy":"category","embeddable":true,"href":"https:\/\/verde-amarelo.net\/verdeamarelo\/wp-json\/wp\/v2\/categories?post=72129"},{"taxonomy":"post_tag","embeddable":true,"href":"https:\/\/verde-amarelo.net\/verdeamarelo\/wp-json\/wp\/v2\/tags?post=72129"}],"curies":[{"name":"wp","href":"https:\/\/api.w.org\/{rel}","templated":true}]}}